{"id":668,"date":"2020-12-23T11:47:28","date_gmt":"2020-12-23T10:47:28","guid":{"rendered":"https:\/\/festiwale.zakopane.pl\/festiwal-koled-2020\/?p=668"},"modified":"2021-01-08T13:06:53","modified_gmt":"2021-01-08T12:06:53","slug":"9siyl-2-stycznia","status":"publish","type":"post","link":"http:\/\/archiwum.festiwale.zakopane.pl\/festiwal-koled-2020\/2020\/12\/23\/9siyl-2-stycznia\/","title":{"rendered":"9SIY\u0141 &#8211; 2 stycznia &#8211; Zapraszamy"},"content":{"rendered":"<p>Zapraszamy na koncert <a href=\"https:\/\/www.youtube.com\/watch?v=G85dHb7Try8&amp;fbclid=IwAR20O3LGDBrzD01xdGwfkdv_u47lH_t10tTjAuZWxdureMzUxwrGMAcl5TA\">https:\/\/www.youtube.com\/watch?v=G85dHb7Try8&amp;fbclid=IwAR20O3LGDBrzD01xdGwfkdv_u47lH_t10tTjAuZWxdureMzUxwrGMAcl5TA<\/a><\/p>\n<p>&nbsp;<\/p>\n<p>W sobotni wiecz\u00f3r w Nowym Roku 2021 zapraszamy na koncert w wykonaniu Zespo\u0142u \u201e9 Siy\u0142\u201d.\u00a0 <strong>O godz.18.00<\/strong>\u00a0 Msza \u015awi\u0119ta w Ko\u015bciele Ojc\u00f3w Jezuit\u00f3w pw. Matki Bo\u017cej Nieustaj\u0105cej Pomocy, ul. Ks. Kaszelewskiego 9, a po niej koncert.<\/p>\n<p>Zesp\u00f3\u0142 9SIY\u0141 powsta\u0142 w roku 2016 z inicjatywy Pani El\u017cbiety Por\u0119bskiej-M\u0119do\u0144.\u00a0 Od samego pocz\u0105tku swojej dzia\u0142alno\u015bci zesp\u00f3\u0142 zajmuje si\u0119 prezentacj\u0105 tradycyjnego folkloru podhala\u0144skiego w oryginalnej formie, czerpi\u0105c ze starych \u017ar\u00f3de\u0142.\u00a0 Cz\u0142onkowie zespo\u0142u k\u0142ad\u0105\u00a0 nacisk na zachowanie tradycyjnych cech \u015bpiewu, muzyki, obrz\u0119d\u00f3w.\u00a0 Zesp\u00f3\u0142 tworzy m\u0142odzie\u017c w wieku od 16 do 21 lat pochodz\u0105ca z podhala\u0144skich miejscowo\u015bci- Bia\u0142ego Dunajca, Ko\u015bcieliska, Zakopanego i Cichego.\u00a0 Zar\u00f3wno kapela jak i grupa \u015bpiewacza s\u0105 laureatami licznych konkurs\u00f3w. Zesp\u00f3\u0142 wyst\u0119powa\u0142 na licznych scenach zar\u00f3wno w kraju jak i za granic\u0105- w Chinach, w Indiach, we Francji, na S\u0142owacji i Czechach.\u00a0 Owocem pracy 9SIY\u0141 s\u0105 dwa dwup\u0142ytowe albumy pt. \u201ePrzy Betlejemskik Horak\u201d i \u201eNowyj wiesny przyse\u0142 cas\u201d,\u00a0 nad kt\u00f3rymi opiek\u0119 artystyczn\u0105 obj\u0105\u0142 Stanis\u0142aw Micha\u0142czak.<\/p>\n<p>&nbsp;<\/p>\n<p>Sk\u0142ad zespo\u0142u<\/p>\n<p>Anna G\u0105sienica-Byrcyn &#8211; \u015bpiew<\/p>\n<p>Aleksandra Dziedzina &#8211; \u015bpiew<\/p>\n<p>Weronika Waliczek &#8211; \u015bpiew<\/p>\n<p>\u0141ukasz Kostecki &#8211; \u015bpiew, skrzypce<\/p>\n<p>Pawe\u0142 Majerczyk &#8211; skrzypce, dudy podhala\u0144skie, instrumenty pasterskie<\/p>\n<p>Andrzej Gut-Mostowy &#8211; skrzypce, instrumenty pasterskie<\/p>\n<p>Jan Micha\u0142czak &#8211; skrzypce, z\u0142\u00f3bcoki<\/p>\n<p>Pawe\u0142 Dziedzina &#8211; skrzypce<\/p>\n<p>Jan Jakubiec Kubosek &#8211; basy podhala\u0144skie<\/p>\n<p>Zapraszamy <strong>on-line na\u00a0<\/strong><strong><a href=\"http:\/\/www.festiwale.zakopane.pl\/festiwal-koled-2020\/\">www.festiwale.zakopane.pl\/festiwal-koled-2020\/<\/a>\u00a0oraz profilach spo\u0142eczno\u015bciowych Miasta Zakopane.<\/strong><\/p>\n","protected":false},"excerpt":{"rendered":"<p>Zapraszamy na koncert https:\/\/www.youtube.com\/watch?v=G85dHb7Try8&amp;fbclid=IwAR20O3LGDBrzD01xdGwfkdv_u47lH_t10tTjAuZWxdureMzUxwrGMAcl5TA &nbsp; W sobotni wiecz\u00f3r w Nowym Roku 2021 zapraszamy na koncert [&hellip;]<\/p>\n","protected":false},"author":7,"featured_media":720,"comment_status":"closed","ping_status":"closed","sticky":false,"template":"","format":"standard","meta":[],"categories":[1],"tags":[],"acf":[],"_links":{"self":[{"href":"http:\/\/archiwum.festiwale.zakopane.pl\/festiwal-koled-2020\/wp-json\/wp\/v2\/posts\/668"}],"collection":[{"href":"http:\/\/archiwum.festiwale.zakopane.pl\/festiwal-koled-2020\/wp-json\/wp\/v2\/posts"}],"about":[{"href":"http:\/\/archiwum.festiwale.zakopane.pl\/festiwal-koled-2020\/wp-json\/wp\/v2\/types\/post"}],"author":[{"embeddable":true,"href":"http:\/\/archiwum.festiwale.zakopane.pl\/festiwal-koled-2020\/wp-json\/wp\/v2\/users\/7"}],"replies":[{"embeddable":true,"href":"http:\/\/archiwum.festiwale.zakopane.pl\/festiwal-koled-2020\/wp-json\/wp\/v2\/comments?post=668"}],"version-history":[{"count":6,"href":"http:\/\/archiwum.festiwale.zakopane.pl\/festiwal-koled-2020\/wp-json\/wp\/v2\/posts\/668\/revisions"}],"predecessor-version":[{"id":788,"href":"http:\/\/archiwum.festiwale.zakopane.pl\/festiwal-koled-2020\/wp-json\/wp\/v2\/posts\/668\/revisions\/788"}],"wp:featuredmedia":[{"embeddable":true,"href":"http:\/\/archiwum.festiwale.zakopane.pl\/festiwal-koled-2020\/wp-json\/wp\/v2\/media\/720"}],"wp:attachment":[{"href":"http:\/\/archiwum.festiwale.zakopane.pl\/festiwal-koled-2020\/wp-json\/wp\/v2\/media?parent=668"}],"wp:term":[{"taxonomy":"category","embeddable":true,"href":"http:\/\/archiwum.festiwale.zakopane.pl\/festiwal-koled-2020\/wp-json\/wp\/v2\/categories?post=668"},{"taxonomy":"post_tag","embeddable":true,"href":"http:\/\/archiwum.festiwale.zakopane.pl\/festiwal-koled-2020\/wp-json\/wp\/v2\/tags?post=668"}],"curies":[{"name":"wp","href":"https:\/\/api.w.org\/{rel}","templated":true}]}}