{"id":273,"date":"2019-12-20T15:21:06","date_gmt":"2019-12-20T14:21:06","guid":{"rendered":"https:\/\/festiwale.zakopane.pl\/festiwal-koled-2020\/?p=273"},"modified":"2020-12-23T11:22:32","modified_gmt":"2020-12-23T10:22:32","slug":"w-wigilie-pierwszy-koncert-festiwalu","status":"publish","type":"post","link":"http:\/\/archiwum.festiwale.zakopane.pl\/festiwal-koled-2020\/2019\/12\/20\/w-wigilie-pierwszy-koncert-festiwalu\/","title":{"rendered":"W Wigili\u0119 pierwszy koncert Festiwalu"},"content":{"rendered":"<p>Ju\u017c w Wigili\u0119, o godz. 23.20 koncertem kol\u0119d i pastora\u0142ek w wykonaniu Parafialnego Regionalnego Zespo\u0142u \u201eGiewont\u201d rozpocznie si\u0119 w Zakopanem XII Festiwal Kol\u0119d, Pastora\u0142ek i Pie\u015bni Bo\u017conarodzeniowych \u201eDobrze ze\u015b si\u0119 Jezu pod Giewontem zrodziy\u0142\u201d. Inauguracyjny koncert zobaczy\u0107 mo\u017cna b\u0119dzie na \u017cywo w Sanktuarium Matki Boskiej Objawiaj\u0105cej Cudowny Medalik przy ul. Piszczory 13 oraz on-line na\u00a0<a href=\"http:\/\/www.festiwale.zakopane.pl\/festiwal-koled-2020\/\">www.festiwale.zakopane.pl\/festiwal-koled-2020\/<\/a>\u00a0oraz profilach spo\u0142eczno\u015bciowych Miasta Zakopane.<br \/>\n<!--more--><\/p>\n<p>&nbsp;<\/p>\n","protected":false},"excerpt":{"rendered":"<p>Ju\u017c w Wigili\u0119, o godz. 23.20 koncertem kol\u0119d i pastora\u0142ek w wykonaniu Parafialnego Regionalnego Zespo\u0142u [&hellip;]<\/p>\n","protected":false},"author":2,"featured_media":665,"comment_status":"closed","ping_status":"closed","sticky":false,"template":"","format":"standard","meta":[],"categories":[1],"tags":[],"acf":[],"_links":{"self":[{"href":"http:\/\/archiwum.festiwale.zakopane.pl\/festiwal-koled-2020\/wp-json\/wp\/v2\/posts\/273"}],"collection":[{"href":"http:\/\/archiwum.festiwale.zakopane.pl\/festiwal-koled-2020\/wp-json\/wp\/v2\/posts"}],"about":[{"href":"http:\/\/archiwum.festiwale.zakopane.pl\/festiwal-koled-2020\/wp-json\/wp\/v2\/types\/post"}],"author":[{"embeddable":true,"href":"http:\/\/archiwum.festiwale.zakopane.pl\/festiwal-koled-2020\/wp-json\/wp\/v2\/users\/2"}],"replies":[{"embeddable":true,"href":"http:\/\/archiwum.festiwale.zakopane.pl\/festiwal-koled-2020\/wp-json\/wp\/v2\/comments?post=273"}],"version-history":[{"count":3,"href":"http:\/\/archiwum.festiwale.zakopane.pl\/festiwal-koled-2020\/wp-json\/wp\/v2\/posts\/273\/revisions"}],"predecessor-version":[{"id":666,"href":"http:\/\/archiwum.festiwale.zakopane.pl\/festiwal-koled-2020\/wp-json\/wp\/v2\/posts\/273\/revisions\/666"}],"wp:featuredmedia":[{"embeddable":true,"href":"http:\/\/archiwum.festiwale.zakopane.pl\/festiwal-koled-2020\/wp-json\/wp\/v2\/media\/665"}],"wp:attachment":[{"href":"http:\/\/archiwum.festiwale.zakopane.pl\/festiwal-koled-2020\/wp-json\/wp\/v2\/media?parent=273"}],"wp:term":[{"taxonomy":"category","embeddable":true,"href":"http:\/\/archiwum.festiwale.zakopane.pl\/festiwal-koled-2020\/wp-json\/wp\/v2\/categories?post=273"},{"taxonomy":"post_tag","embeddable":true,"href":"http:\/\/archiwum.festiwale.zakopane.pl\/festiwal-koled-2020\/wp-json\/wp\/v2\/tags?post=273"}],"curies":[{"name":"wp","href":"https:\/\/api.w.org\/{rel}","templated":true}]}}