{"id":27,"date":"2019-12-10T22:51:23","date_gmt":"2019-12-10T21:51:23","guid":{"rendered":"https:\/\/festiwale.zakopane.pl\/festiwal-koled-2020\/?p=27"},"modified":"2020-12-30T10:09:56","modified_gmt":"2020-12-30T09:09:56","slug":"zapraszamy","status":"publish","type":"post","link":"http:\/\/archiwum.festiwale.zakopane.pl\/festiwal-koled-2020\/2019\/12\/10\/zapraszamy\/","title":{"rendered":"12. Festiwal Kol\u0119d, Pastora\u0142ek i Pie\u015bni Bo\u017conarodzeniowych"},"content":{"rendered":"<p>Serdecznie zapraszam wszystkich Mieszka\u0144c\u00f3w i Go\u015bci na kolejn\u0105 edycj\u0119 Festiwalu Kol\u0119d, Pastora\u0142ek i Pie\u015bni Bo\u017conarodzeniowych <em>Dobrze ze\u015b sie Jezu pod Giewontem zrodziy\u0142<\/em>\u2026<!--more--><\/p>\n<p>Przez ca\u0142y okres Bo\u017conarodzeniowy w Zakopanem rozbrzmiewaj\u0105 najpi\u0119kniejsze polskie kol\u0119dy, g\u00f3ralskie pastora\u0142ki, a tak\u017ce wsp\u00f3\u0142czesne kompozycje w najlepszym wykonaniu. Te niezwyk\u0142e koncerty co roku umilaj\u0105 \u015bwi\u0105teczny i noworoczny czas, tworz\u0105 niezapomnian\u0105 atmosfer\u0119 i przyci\u0105gaj\u0105 coraz liczniejsz\u0105 publiczno\u015b\u0107.<\/p>\n<p>Tylko pod Tatrami \u2013 w otoczeniu \u015bnie\u017cnego g\u00f3rskiego krajobrazu i przy d\u017awi\u0119kach z serca p\u0142yn\u0105cych kol\u0119d \u2013 \u015awi\u0119ta Bo\u017cego Narodzenia s\u0105 tak pi\u0119kne i wyj\u0105tkowe.\u00a0 W tych szczeg\u00f3lnych chwilach zas\u0142uchani w d\u017awi\u0119ki muzyki w zakopia\u0144skich ko\u015bcio\u0142ach z zadum\u0105 zatrzymujemy si\u0119 przy \u017c\u0142\u00f3bku nowonarodzonej Bo\u017cej Dzieciny. To tak\u017ce czas, kt\u00f3ry sp\u0119dzamy z najbli\u017cszymi i wsp\u00f3lnie kultywujemy nasze polskie i rodzinne tradycje.<\/p>\n<p>Program Festiwalu Kol\u0119d, Pastora\u0142ek i Pie\u015bni Bo\u017conarodzeniowych\u00a0<em>Dobrze ze\u015b sie Jezu pod Giewontem zrodziy\u0142<\/em>\u2026, jest niezwykle ciekawy i bogaty.\u00a0 Wyst\u0119puje tu wiele gwiazd, a tak\u017ce uznanych podhala\u0144skich artyst\u00f3w. Rokrocznie podczas festiwalu odbywa si\u0119 premiera p\u0142yty z kol\u0119dami, aby uatrakcyjni\u0107 \u015bwi\u0105teczne spotkania.<\/p>\n<p>Zach\u0119cam wi\u0119c gor\u0105co do udzia\u0142u w Festiwalu.\u00a0 Czerpmy z naszej pi\u0119knej \u00a0bo\u017conarodzeniowej tradycji pe\u0142nymi gar\u015bciami, radujmy si\u0119, dzielmy si\u0119 nasz\u0105 rado\u015bci\u0105 z innymi i przede wszystkim \u2013 jak najcz\u0119\u015bciej \u015bpiewajmy kol\u0119dy!<\/p>\n<p>B\u0105d\u017acie z nami on-line!!!!<\/p>\n","protected":false},"excerpt":{"rendered":"<p>Serdecznie zapraszam wszystkich Mieszka\u0144c\u00f3w i Go\u015bci na kolejn\u0105 edycj\u0119 Festiwalu Kol\u0119d, Pastora\u0142ek i Pie\u015bni Bo\u017conarodzeniowych [&hellip;]<\/p>\n","protected":false},"author":1,"featured_media":657,"comment_status":"closed","ping_status":"closed","sticky":false,"template":"","format":"standard","meta":[],"categories":[1],"tags":[],"acf":[],"_links":{"self":[{"href":"http:\/\/archiwum.festiwale.zakopane.pl\/festiwal-koled-2020\/wp-json\/wp\/v2\/posts\/27"}],"collection":[{"href":"http:\/\/archiwum.festiwale.zakopane.pl\/festiwal-koled-2020\/wp-json\/wp\/v2\/posts"}],"about":[{"href":"http:\/\/archiwum.festiwale.zakopane.pl\/festiwal-koled-2020\/wp-json\/wp\/v2\/types\/post"}],"author":[{"embeddable":true,"href":"http:\/\/archiwum.festiwale.zakopane.pl\/festiwal-koled-2020\/wp-json\/wp\/v2\/users\/1"}],"replies":[{"embeddable":true,"href":"http:\/\/archiwum.festiwale.zakopane.pl\/festiwal-koled-2020\/wp-json\/wp\/v2\/comments?post=27"}],"version-history":[{"count":5,"href":"http:\/\/archiwum.festiwale.zakopane.pl\/festiwal-koled-2020\/wp-json\/wp\/v2\/posts\/27\/revisions"}],"predecessor-version":[{"id":658,"href":"http:\/\/archiwum.festiwale.zakopane.pl\/festiwal-koled-2020\/wp-json\/wp\/v2\/posts\/27\/revisions\/658"}],"wp:featuredmedia":[{"embeddable":true,"href":"http:\/\/archiwum.festiwale.zakopane.pl\/festiwal-koled-2020\/wp-json\/wp\/v2\/media\/657"}],"wp:attachment":[{"href":"http:\/\/archiwum.festiwale.zakopane.pl\/festiwal-koled-2020\/wp-json\/wp\/v2\/media?parent=27"}],"wp:term":[{"taxonomy":"category","embeddable":true,"href":"http:\/\/archiwum.festiwale.zakopane.pl\/festiwal-koled-2020\/wp-json\/wp\/v2\/categories?post=27"},{"taxonomy":"post_tag","embeddable":true,"href":"http:\/\/archiwum.festiwale.zakopane.pl\/festiwal-koled-2020\/wp-json\/wp\/v2\/tags?post=27"}],"curies":[{"name":"wp","href":"https:\/\/api.w.org\/{rel}","templated":true}]}}