{"id":267,"date":"2019-12-20T15:10:47","date_gmt":"2019-12-20T14:10:47","guid":{"rendered":"https:\/\/festiwale.zakopane.pl\/festiwal-koled-2020\/?p=267"},"modified":"2020-12-30T10:09:14","modified_gmt":"2020-12-30T09:09:14","slug":"patronat-honorowy-abpa-marka-jedraszewskiego","status":"publish","type":"post","link":"http:\/\/archiwum.festiwale.zakopane.pl\/festiwal-koled-2020\/2019\/12\/20\/patronat-honorowy-abpa-marka-jedraszewskiego\/","title":{"rendered":"Patronat honorowy abpa Marka J\u0119draszewskiego"},"content":{"rendered":"<p>Tegoroczny, 12. Festiwal Kol\u0119d, Pastora\u0142ek i Pie\u015bni Bo\u017conarodzeniowych w Zakopanem uzyska\u0142 patronat honorowy J.E. Ks. Arcyb. Marka J\u0119draszewskiego, Metropolity Krakowskiego.<!--more--><\/p>\n<p><img loading=\"lazy\" class=\"wp-image-270 size-medium aligncenter\" src=\"http:\/\/archiwum.festiwale.zakopane.pl\/festiwal-koled-2020\/wp-content\/uploads\/sites\/20\/2019\/12\/list2-212x300.png\" alt=\"\" width=\"212\" height=\"300\" srcset=\"http:\/\/archiwum.festiwale.zakopane.pl\/festiwal-koled-2020\/wp-content\/uploads\/sites\/20\/2019\/12\/list2-212x300.png 212w, http:\/\/archiwum.festiwale.zakopane.pl\/festiwal-koled-2020\/wp-content\/uploads\/sites\/20\/2019\/12\/list2.png 494w\" sizes=\"(max-width: 212px) 100vw, 212px\" \/><\/p>\n","protected":false},"excerpt":{"rendered":"<p>Tegoroczny, 12. Festiwal Kol\u0119d, Pastora\u0142ek i Pie\u015bni Bo\u017conarodzeniowych w Zakopanem uzyska\u0142 patronat honorowy J.E. Ks. [&hellip;]<\/p>\n","protected":false},"author":2,"featured_media":271,"comment_status":"closed","ping_status":"closed","sticky":false,"template":"","format":"standard","meta":[],"categories":[1],"tags":[],"acf":[],"_links":{"self":[{"href":"http:\/\/archiwum.festiwale.zakopane.pl\/festiwal-koled-2020\/wp-json\/wp\/v2\/posts\/267"}],"collection":[{"href":"http:\/\/archiwum.festiwale.zakopane.pl\/festiwal-koled-2020\/wp-json\/wp\/v2\/posts"}],"about":[{"href":"http:\/\/archiwum.festiwale.zakopane.pl\/festiwal-koled-2020\/wp-json\/wp\/v2\/types\/post"}],"author":[{"embeddable":true,"href":"http:\/\/archiwum.festiwale.zakopane.pl\/festiwal-koled-2020\/wp-json\/wp\/v2\/users\/2"}],"replies":[{"embeddable":true,"href":"http:\/\/archiwum.festiwale.zakopane.pl\/festiwal-koled-2020\/wp-json\/wp\/v2\/comments?post=267"}],"version-history":[{"count":4,"href":"http:\/\/archiwum.festiwale.zakopane.pl\/festiwal-koled-2020\/wp-json\/wp\/v2\/posts\/267\/revisions"}],"predecessor-version":[{"id":663,"href":"http:\/\/archiwum.festiwale.zakopane.pl\/festiwal-koled-2020\/wp-json\/wp\/v2\/posts\/267\/revisions\/663"}],"wp:featuredmedia":[{"embeddable":true,"href":"http:\/\/archiwum.festiwale.zakopane.pl\/festiwal-koled-2020\/wp-json\/wp\/v2\/media\/271"}],"wp:attachment":[{"href":"http:\/\/archiwum.festiwale.zakopane.pl\/festiwal-koled-2020\/wp-json\/wp\/v2\/media?parent=267"}],"wp:term":[{"taxonomy":"category","embeddable":true,"href":"http:\/\/archiwum.festiwale.zakopane.pl\/festiwal-koled-2020\/wp-json\/wp\/v2\/categories?post=267"},{"taxonomy":"post_tag","embeddable":true,"href":"http:\/\/archiwum.festiwale.zakopane.pl\/festiwal-koled-2020\/wp-json\/wp\/v2\/tags?post=267"}],"curies":[{"name":"wp","href":"https:\/\/api.w.org\/{rel}","templated":true}]}}