{"id":999,"date":"2021-07-27T08:47:32","date_gmt":"2021-07-27T06:47:32","guid":{"rendered":"https:\/\/festiwale.zakopane.pl\/festiwal-folkloru\/?p=999"},"modified":"2021-07-27T08:49:27","modified_gmt":"2021-07-27T06:49:27","slug":"wystawa-owczarkow-podhalanskich","status":"publish","type":"post","link":"http:\/\/archiwum.festiwale.zakopane.pl\/festiwal-folkloru\/2021\/07\/27\/wystawa-owczarkow-podhalanskich\/","title":{"rendered":"Wystawa Owczark\u00f3w Podhala\u0144skich"},"content":{"rendered":"<p>Wystawa Owczark\u00f3w Podhala\u0144skich odb\u0119dzie si\u0119 15 sierpnia (niedziela) w wiosce festiwalowej na Dolnej R\u00f3wni Krupowej. Owczarki podhala\u0144skie s\u0105 wizyt\u00f3wk\u0105 i nieodzown\u0105 cz\u0119\u015bci\u0105 Podhala. To jedna z pi\u0119ciu ras polskich uwzgl\u0119dnianych przez Mi\u0119dzynarodow\u0105 Federacj\u0119 Kynologiczn\u0105. Owczarek jest psem pastersko &#8211; str\u00f3\u017cuj\u0105cym i nad wyraz inteligentnym.<\/p>\n<p>Wystawa Owczark\u00f3w Podhala\u0144skich podczas 52 MFFZG jest niew\u0105tpliwie \u015bwietn\u0105 okazj\u0105 do spotkania z tymi wspania\u0142ymi zwierz\u0119tami.<\/p>\n","protected":false},"excerpt":{"rendered":"<p>Wystawa Owczark\u00f3w Podhala\u0144skich odb\u0119dzie si\u0119 15 sierpnia (niedziela) w wiosce festiwalowej na Dolnej R\u00f3wni Krupowej. [&hellip;]<\/p>\n","protected":false},"author":7,"featured_media":1002,"comment_status":"closed","ping_status":"closed","sticky":false,"template":"","format":"standard","meta":[],"categories":[1],"tags":[],"acf":[],"_links":{"self":[{"href":"http:\/\/archiwum.festiwale.zakopane.pl\/festiwal-folkloru\/wp-json\/wp\/v2\/posts\/999"}],"collection":[{"href":"http:\/\/archiwum.festiwale.zakopane.pl\/festiwal-folkloru\/wp-json\/wp\/v2\/posts"}],"about":[{"href":"http:\/\/archiwum.festiwale.zakopane.pl\/festiwal-folkloru\/wp-json\/wp\/v2\/types\/post"}],"author":[{"embeddable":true,"href":"http:\/\/archiwum.festiwale.zakopane.pl\/festiwal-folkloru\/wp-json\/wp\/v2\/users\/7"}],"replies":[{"embeddable":true,"href":"http:\/\/archiwum.festiwale.zakopane.pl\/festiwal-folkloru\/wp-json\/wp\/v2\/comments?post=999"}],"version-history":[{"count":2,"href":"http:\/\/archiwum.festiwale.zakopane.pl\/festiwal-folkloru\/wp-json\/wp\/v2\/posts\/999\/revisions"}],"predecessor-version":[{"id":1009,"href":"http:\/\/archiwum.festiwale.zakopane.pl\/festiwal-folkloru\/wp-json\/wp\/v2\/posts\/999\/revisions\/1009"}],"wp:featuredmedia":[{"embeddable":true,"href":"http:\/\/archiwum.festiwale.zakopane.pl\/festiwal-folkloru\/wp-json\/wp\/v2\/media\/1002"}],"wp:attachment":[{"href":"http:\/\/archiwum.festiwale.zakopane.pl\/festiwal-folkloru\/wp-json\/wp\/v2\/media?parent=999"}],"wp:term":[{"taxonomy":"category","embeddable":true,"href":"http:\/\/archiwum.festiwale.zakopane.pl\/festiwal-folkloru\/wp-json\/wp\/v2\/categories?post=999"},{"taxonomy":"post_tag","embeddable":true,"href":"http:\/\/archiwum.festiwale.zakopane.pl\/festiwal-folkloru\/wp-json\/wp\/v2\/tags?post=999"}],"curies":[{"name":"wp","href":"https:\/\/api.w.org\/{rel}","templated":true}]}}