{"id":966,"date":"2021-07-20T10:02:28","date_gmt":"2021-07-20T08:02:28","guid":{"rendered":"https:\/\/festiwale.zakopane.pl\/festiwal-folkloru\/?p=966"},"modified":"2021-07-20T10:55:39","modified_gmt":"2021-07-20T08:55:39","slug":"koncert-mali-gorale","status":"publish","type":"post","link":"http:\/\/archiwum.festiwale.zakopane.pl\/festiwal-folkloru\/2021\/07\/20\/koncert-mali-gorale\/","title":{"rendered":"Koncert Mali G\u00f3rale"},"content":{"rendered":"<p>Laureaci XII Festiwalu Zespo\u0142\u00f3w G\u00f3ralskich Z\u0142ote Kierpce wyst\u0105pi\u0105 w trakcie tegorocznego 52 MFFZG na scenie festiwalowej na Dolnej R\u00f3wni Krupowej w wiosce festiwalowej. Koncert Mali G\u00f3rale odb\u0119dzie si\u0119 14 sierpni. <span data-offset-key=\"edhcq-1-0\">Na scenie zobaczymy:\u00a0<\/span><\/p>\n<ol>\n<li><strong>zesp\u00f3\u0142 dzieci\u0119cy \u201eZawaternik\u201d<\/strong> z Le\u015bnicy Gronia zdobywc\u0119 statuetki Z\u0141OTE KIERPCE. Zesp\u00f3\u0142 powsta\u0142 w 1983 roku przy Szkole Podstawowej w Le\u015bnicy. Za\u0142o\u017cycielem i kierownikiem zespo\u0142u jest Maria Dudek. Nazwa &#8222;Zawaternik&#8221; oznacza wiecznie tl\u0105cy si\u0119 w palenisku kawa\u0142ek drewna, z kt\u00f3rego dawniej rozdmuchiwano watr\u0119. Zesp\u00f3\u0142 prezentuje autentyczny \u015bpiew, taniec, i muzyk\u0119 g\u00f3rali podhala\u0144skich. Kultywuje rodzim\u0105 tradycj\u0119, odkrywaj\u0105c pi\u0119kno swojego regionu poprzez gwar\u0119, taniec, \u015bpiew, dawne zwyczaje i zabawy dzieci\u0119ce.<\/li>\n<li><strong>zesp\u00f3\u0142 dzieci\u0119cy \u201eMali Maniowianie\u201d<\/strong> z Mani\u00f3w zdobywc\u0119 statuetki SREBRNE KIERPCE. To zesp\u00f3\u0142 regionalny, kt\u00f3ry powsta\u0142 w 1994 roku z inicjatywy \u00f3wczesnego w\u00f3jta gminy Czorsztyn Stanis\u0142awa Wojtaszka. Pierwszymi instruktorami zespo\u0142u zostali znani na Podhalu dzia\u0142acze Zwi\u0105zku Podhalan Maria i J\u00f3zef Staszel z Nowego Targu. Zesp\u00f3\u0142 przyj\u0105\u0142 nazw\u0119 &#8222;Mali Maniowanie&#8221;, a za patrona obra\u0142 sobie zmar\u0142ego w 1992 roku d\u0142ugoletniego proboszcza parafii Maniowy \u015bp. ks. Antoniego Siud\u0119. Zesp\u00f3\u0142 w swojej 27 letniej dzia\u0142alno\u015bci ma opracowanych wiele program\u00f3w i scenek obyczajowych m.in. Jase\u0142ka G\u00f3ralskie, Kol\u0119dnicy, Konkurs Jod\u0142a G\u00f3ralskiego, Ha\u0142damas, Polywacka itd. Obecnie zesp\u00f3\u0142 prowadzi Katarzyna Dobrzy\u0144ska.<\/li>\n<li><strong>zesp\u00f3\u0142 m\u0142odzie\u017cowy \u201eMali \u015awarni\u201d<\/strong> z Nowego Targu zdobywc\u0119 statuetki SREBRNE KIERPCE. Zesp\u00f3\u0142 powsta\u0142 w 1983 roku z inicjatywy Marii i J\u00f3zefa Staszl\u00f3w, kt\u00f3rzy prowadzili zesp\u00f3\u0142 nieprzerwanie od 2013 rok. Obecnie instruktorem jest ich wychowanka Bernadeta Szumal i Robert Rzepka. Zesp\u00f3\u0142 bierze udzia\u0142 w licznych krajowych i mi\u0119dzynarodowych festiwalach. Nagrywa r\u00f3wnie\u017c kol\u0119dy wraz z teledyskiem.<\/li>\n<li><strong>zesp\u00f3\u0142 m\u0142odzie\u017cowy \u201eManiowianie\u201d<\/strong> z Mani\u00f3w zdobywc\u0119 statuetki BR\u0104ZOWE KIERPCE. To grupa m\u0142odzie\u017cowa, kt\u00f3ra powsta\u0142a w 2019 roku po jubileuszu 25 lecia zespo\u0142u &#8222;Mali Maniowianie&#8221;. M\u0142odzie\u017c, kt\u00f3ra wyros\u0142a z zespo\u0142u dzieci\u0119cego postanowi\u0142a spotyka\u0107 si\u0119 nadal i kontynuowa\u0107 dzia\u0142alno\u015b\u0107 krzewienia tradycji. Przez te dwa lata cz\u0142onkowie brali udzia\u0142 w konkursach recytatorskich &#8222;G\u00f3ralskie serce&#8221;, jak i w konkursie ta\u0144ca podczas &#8222;Karnawa\u0142u G\u00f3ralskiego&#8221; w konkursie &#8222;Nuta Dunajca&#8221;. Instruktorem zespo\u0142u jest Katarzyna Dobrzy\u0144ska.<\/li>\n<\/ol>\n<p><span data-offset-key=\"a15km-0-0\">\u00a0<\/span><\/p>\n<div class=\"\" data-block=\"true\" data-editor=\"5tgjs\" data-offset-key=\"20ul3-0-0\"><\/div>\n<div class=\"\" data-block=\"true\" data-editor=\"5tgjs\" data-offset-key=\"5a1ic-0-0\">\n<div class=\"_1mf _1mj\" data-offset-key=\"5a1ic-0-0\"><\/div>\n<\/div>\n","protected":false},"excerpt":{"rendered":"<p>Laureaci XII Festiwalu Zespo\u0142\u00f3w G\u00f3ralskich Z\u0142ote Kierpce wyst\u0105pi\u0105 w trakcie tegorocznego 52 MFFZG na scenie [&hellip;]<\/p>\n","protected":false},"author":7,"featured_media":967,"comment_status":"closed","ping_status":"closed","sticky":false,"template":"","format":"standard","meta":[],"categories":[1],"tags":[],"acf":[],"_links":{"self":[{"href":"http:\/\/archiwum.festiwale.zakopane.pl\/festiwal-folkloru\/wp-json\/wp\/v2\/posts\/966"}],"collection":[{"href":"http:\/\/archiwum.festiwale.zakopane.pl\/festiwal-folkloru\/wp-json\/wp\/v2\/posts"}],"about":[{"href":"http:\/\/archiwum.festiwale.zakopane.pl\/festiwal-folkloru\/wp-json\/wp\/v2\/types\/post"}],"author":[{"embeddable":true,"href":"http:\/\/archiwum.festiwale.zakopane.pl\/festiwal-folkloru\/wp-json\/wp\/v2\/users\/7"}],"replies":[{"embeddable":true,"href":"http:\/\/archiwum.festiwale.zakopane.pl\/festiwal-folkloru\/wp-json\/wp\/v2\/comments?post=966"}],"version-history":[{"count":3,"href":"http:\/\/archiwum.festiwale.zakopane.pl\/festiwal-folkloru\/wp-json\/wp\/v2\/posts\/966\/revisions"}],"predecessor-version":[{"id":970,"href":"http:\/\/archiwum.festiwale.zakopane.pl\/festiwal-folkloru\/wp-json\/wp\/v2\/posts\/966\/revisions\/970"}],"wp:featuredmedia":[{"embeddable":true,"href":"http:\/\/archiwum.festiwale.zakopane.pl\/festiwal-folkloru\/wp-json\/wp\/v2\/media\/967"}],"wp:attachment":[{"href":"http:\/\/archiwum.festiwale.zakopane.pl\/festiwal-folkloru\/wp-json\/wp\/v2\/media?parent=966"}],"wp:term":[{"taxonomy":"category","embeddable":true,"href":"http:\/\/archiwum.festiwale.zakopane.pl\/festiwal-folkloru\/wp-json\/wp\/v2\/categories?post=966"},{"taxonomy":"post_tag","embeddable":true,"href":"http:\/\/archiwum.festiwale.zakopane.pl\/festiwal-folkloru\/wp-json\/wp\/v2\/tags?post=966"}],"curies":[{"name":"wp","href":"https:\/\/api.w.org\/{rel}","templated":true}]}}