{"id":941,"date":"2021-07-14T11:20:27","date_gmt":"2021-07-14T09:20:27","guid":{"rendered":"https:\/\/festiwale.zakopane.pl\/festiwal-folkloru\/?p=941"},"modified":"2021-07-14T11:20:27","modified_gmt":"2021-07-14T09:20:27","slug":"miedzynarodowy-konkurs-kapel-spiewakow-i-instrumentalistow-ludowych-2021r","status":"publish","type":"post","link":"http:\/\/archiwum.festiwale.zakopane.pl\/festiwal-folkloru\/2021\/07\/14\/miedzynarodowy-konkurs-kapel-spiewakow-i-instrumentalistow-ludowych-2021r\/","title":{"rendered":"Mi\u0119dzynarodowy Konkurs Kapel, \u015apiewak\u00f3w i Instrumentalist\u00f3w Ludowych 2021r."},"content":{"rendered":"<p>Zapraszamy i gor\u0105co zach\u0119camy do zg\u0142oszenia si\u0119 ju\u017c dzisiaj do <strong>Mi<\/strong><strong>\u0119<\/strong><strong>dz<\/strong><strong>yn<\/strong><strong>arodow<\/strong><strong>ego<\/strong> <strong>Konkursu<\/strong> <strong>Kapel,<\/strong> <strong>\u015apiewak\u00f3w<\/strong> <strong>i<\/strong> <strong>Instrumentalist\u00f3w<\/strong> <strong>Ludowych<\/strong>, kt\u00f3ry odb\u0119dzie si\u0119 16-19 sierpnia 2021r. w ramach 52 Mi\u0119dzynarodowego Festiwalu Folkloru Ziem G\u00f3rskich. Konkurs odbywa si\u0119 w 4 nast\u0119puj\u0105cych kategoriach:<\/p>\n<p>Ludowych zespo\u0142\u00f3w instrumentalnych (kapel)<\/p>\n<p>Instrumentalist\u00f3w ludowych (solist\u00f3w)<\/p>\n<p>\u015apiewak\u00f3w ludowych (solist\u00f3w)<\/p>\n<p>Grup \u015bpiewaczych<\/p>\n<p>Karta do pobrania: <a href=\"http:\/\/archiwum.festiwale.zakopane.pl\/festiwal-folkloru\/wp-content\/uploads\/sites\/13\/2021\/07\/Karta-Zgloszenia-Miedzynarodowy-Konkurs-Kapel-pdf.pdf\" target=\"_blank\" rel=\"noopener noreferrer\">Karta-Zg\u0142oszenia-Mi\u0119dzynarodowy-Konkurs-Kapel pdf<\/a><\/p>\n","protected":false},"excerpt":{"rendered":"<p>Zapraszamy i gor\u0105co zach\u0119camy do zg\u0142oszenia si\u0119 ju\u017c dzisiaj do Mi\u0119dzynarodowego Konkursu Kapel, \u015apiewak\u00f3w i [&hellip;]<\/p>\n","protected":false},"author":7,"featured_media":947,"comment_status":"closed","ping_status":"closed","sticky":false,"template":"","format":"standard","meta":[],"categories":[1],"tags":[],"acf":[],"_links":{"self":[{"href":"http:\/\/archiwum.festiwale.zakopane.pl\/festiwal-folkloru\/wp-json\/wp\/v2\/posts\/941"}],"collection":[{"href":"http:\/\/archiwum.festiwale.zakopane.pl\/festiwal-folkloru\/wp-json\/wp\/v2\/posts"}],"about":[{"href":"http:\/\/archiwum.festiwale.zakopane.pl\/festiwal-folkloru\/wp-json\/wp\/v2\/types\/post"}],"author":[{"embeddable":true,"href":"http:\/\/archiwum.festiwale.zakopane.pl\/festiwal-folkloru\/wp-json\/wp\/v2\/users\/7"}],"replies":[{"embeddable":true,"href":"http:\/\/archiwum.festiwale.zakopane.pl\/festiwal-folkloru\/wp-json\/wp\/v2\/comments?post=941"}],"version-history":[{"count":1,"href":"http:\/\/archiwum.festiwale.zakopane.pl\/festiwal-folkloru\/wp-json\/wp\/v2\/posts\/941\/revisions"}],"predecessor-version":[{"id":948,"href":"http:\/\/archiwum.festiwale.zakopane.pl\/festiwal-folkloru\/wp-json\/wp\/v2\/posts\/941\/revisions\/948"}],"wp:featuredmedia":[{"embeddable":true,"href":"http:\/\/archiwum.festiwale.zakopane.pl\/festiwal-folkloru\/wp-json\/wp\/v2\/media\/947"}],"wp:attachment":[{"href":"http:\/\/archiwum.festiwale.zakopane.pl\/festiwal-folkloru\/wp-json\/wp\/v2\/media?parent=941"}],"wp:term":[{"taxonomy":"category","embeddable":true,"href":"http:\/\/archiwum.festiwale.zakopane.pl\/festiwal-folkloru\/wp-json\/wp\/v2\/categories?post=941"},{"taxonomy":"post_tag","embeddable":true,"href":"http:\/\/archiwum.festiwale.zakopane.pl\/festiwal-folkloru\/wp-json\/wp\/v2\/tags?post=941"}],"curies":[{"name":"wp","href":"https:\/\/api.w.org\/{rel}","templated":true}]}}