{"id":916,"date":"2021-07-13T13:06:26","date_gmt":"2021-07-13T11:06:26","guid":{"rendered":"https:\/\/festiwale.zakopane.pl\/festiwal-folkloru\/?p=916"},"modified":"2021-07-13T13:06:26","modified_gmt":"2021-07-13T11:06:26","slug":"badzcie-z-nami","status":"publish","type":"post","link":"http:\/\/archiwum.festiwale.zakopane.pl\/festiwal-folkloru\/2021\/07\/13\/badzcie-z-nami\/","title":{"rendered":"B\u0105d\u017acie z nami"},"content":{"rendered":"<p>12 &#8211; 20 sierpnia 2021r. zapraszamy na Doln\u0105 R\u00f3wie\u0144 Krupow\u0105.<\/p>\n<p>\u015aled\u017acie nas na naszym profilu Facebook&#8217;owym\u00a0<a href=\"https:\/\/www.facebook.com\/MFFZG.Zakopane\">https:\/\/www.facebook.com\/MFFZG.Zakopane<\/a><\/p>\n","protected":false},"excerpt":{"rendered":"<p>12 &#8211; 20 sierpnia 2021r. zapraszamy na Doln\u0105 R\u00f3wie\u0144 Krupow\u0105. \u015aled\u017acie nas na naszym profilu [&hellip;]<\/p>\n","protected":false},"author":7,"featured_media":917,"comment_status":"closed","ping_status":"closed","sticky":false,"template":"","format":"standard","meta":[],"categories":[1],"tags":[],"acf":[],"_links":{"self":[{"href":"http:\/\/archiwum.festiwale.zakopane.pl\/festiwal-folkloru\/wp-json\/wp\/v2\/posts\/916"}],"collection":[{"href":"http:\/\/archiwum.festiwale.zakopane.pl\/festiwal-folkloru\/wp-json\/wp\/v2\/posts"}],"about":[{"href":"http:\/\/archiwum.festiwale.zakopane.pl\/festiwal-folkloru\/wp-json\/wp\/v2\/types\/post"}],"author":[{"embeddable":true,"href":"http:\/\/archiwum.festiwale.zakopane.pl\/festiwal-folkloru\/wp-json\/wp\/v2\/users\/7"}],"replies":[{"embeddable":true,"href":"http:\/\/archiwum.festiwale.zakopane.pl\/festiwal-folkloru\/wp-json\/wp\/v2\/comments?post=916"}],"version-history":[{"count":1,"href":"http:\/\/archiwum.festiwale.zakopane.pl\/festiwal-folkloru\/wp-json\/wp\/v2\/posts\/916\/revisions"}],"predecessor-version":[{"id":918,"href":"http:\/\/archiwum.festiwale.zakopane.pl\/festiwal-folkloru\/wp-json\/wp\/v2\/posts\/916\/revisions\/918"}],"wp:featuredmedia":[{"embeddable":true,"href":"http:\/\/archiwum.festiwale.zakopane.pl\/festiwal-folkloru\/wp-json\/wp\/v2\/media\/917"}],"wp:attachment":[{"href":"http:\/\/archiwum.festiwale.zakopane.pl\/festiwal-folkloru\/wp-json\/wp\/v2\/media?parent=916"}],"wp:term":[{"taxonomy":"category","embeddable":true,"href":"http:\/\/archiwum.festiwale.zakopane.pl\/festiwal-folkloru\/wp-json\/wp\/v2\/categories?post=916"},{"taxonomy":"post_tag","embeddable":true,"href":"http:\/\/archiwum.festiwale.zakopane.pl\/festiwal-folkloru\/wp-json\/wp\/v2\/tags?post=916"}],"curies":[{"name":"wp","href":"https:\/\/api.w.org\/{rel}","templated":true}]}}