{"id":894,"date":"2021-07-06T09:36:14","date_gmt":"2021-07-06T07:36:14","guid":{"rendered":"https:\/\/festiwale.zakopane.pl\/festiwal-folkloru\/?p=894"},"modified":"2021-07-06T10:15:26","modified_gmt":"2021-07-06T08:15:26","slug":"wesele-w-wykonaniu-zespolu-bialodunajcanie","status":"publish","type":"post","link":"http:\/\/archiwum.festiwale.zakopane.pl\/festiwal-folkloru\/2021\/07\/06\/wesele-w-wykonaniu-zespolu-bialodunajcanie\/","title":{"rendered":"Wesele w wykonaniu zespo\u0142u Bia\u0142odunajcanie"},"content":{"rendered":"<p>\u201eBio\u0142odunajcanie\u201d<\/p>\n<p>Zesp\u00f3\u0142 Regionalny \u201eBio\u0142odunajcanie\u201d powsta\u0142 w 2004 roku na Podhalu, w malowniczej wsi Bia\u0142y Dunajec, po\u0142o\u017conej u podn\u00f3\u017ca Tatr. Skupia dzieci, m\u0142odzie\u017c i doros\u0142ych, kt\u00f3rzy kultywuj\u0105 tradycje rodzimej ziemi, przekazywane z pokolenia na pokolenie.\u00a0 Zesp\u00f3\u0142 powsta\u0142 przy Katolickim Stowarzyszeniu Krzewienia Kultury Regionalnej w Bia\u0142ym Dunajcu a jego za\u0142o\u017cycielkami by\u0142y: Iwona Kiwacka \u2013 Majerczyk oraz Zofia Mieszczak. Zesp\u00f3\u0142 \u201eBio\u0142odunajcanie\u201d dzia\u0142a od siedemnastu lat ma na swoim koncie wiele nagr\u00f3d i wyr\u00f3\u017cnie\u0144, najbardziej aktualne osi\u0105gni\u0119cia to: Z\u0142ota Ciupaga w ta\u0144cu zb\u00f3jnickim podczas 49. G\u00f3ralskiego Karnawa\u0142u w Bukowinie Tatrza\u0144skiej, I miejce w \u015bpiewie grupowym na\u00a0 XXXVI Muzykowaniu na Duchow\u0105 Nut\u0119 w Czarnym Dunajcu, Z\u0142oty Zbyrcok dla grupy \u015bpiewaczej na XXVIII Przedn\u00f3wku w Polanach. Wyst\u0119py zespo\u0142u doceniane by\u0142y m.in. przez \u00a0jury Festiwalu Folkloru G\u00f3rali Polskich w \u017bywcu, Og\u00f3lnopolskiego Festiwalu Kol\u0119d w Niepokalanowie, Og\u00f3lnopolskiego Konkursu Kapel Instrumentalist\u00f3w i \u015apiewak\u00f3w Ludowych w Kazimierzu Dolnym nad Wis\u0142\u0105, Mi\u0119dzynarodowego Festiwalu Folkloru Ziem G\u00f3rskich w Zakopanem, Saba\u0142owych Baja\u0144 w Bukowinie Tatrza\u0144skiej. Zesp\u00f3\u0142 z powodzeniem wyst\u0119puje w kraju jak i poza granicami Polski m.in. na Ukrainie, w Czechach, Republice Macedonii P\u00f3\u0142nocnej, Serbii, Chorwacji, W\u0142oszech, Turcji, Bu\u0142garii i Czarnog\u00f3rze. W jego repertuarze znajduj\u0105 si\u0119 obrz\u0119dy, ta\u0144ce i \u015bpiewy g\u00f3ralskie, kt\u00f3re kilkakrotnie dokumentowane by\u0142y na potrzeby telewizji. Zesp\u00f3\u0142 \u201eBio\u0142odunajcanie\u201d aspiruje do roli kulturotw\u00f3rczej \u015brodowiska Bia\u0142ego Dunajca, gminy i regionu. W 2019 roku zesp\u00f3\u0142 zdoby\u0142 istotne wyr\u00f3\u017cnienie otrzymuj\u0105c \u201eNagrod\u0119 Starosty Tatrza\u0144skiego\u201d za szczeg\u00f3lne osi\u0105gni\u0119cia dla kultury regionalnej na Terenie Powiatu Tatrza\u0144skiego. Kierownikiem zespo\u0142u jest Ma\u0142gorzata Dzierz\u0119ga,\u00a0 a jej praw\u0105 r\u0119k\u0105, Iwona Kiwacka \u2013 Majerczyk. Obecni cz\u0142onkowie zespo\u0142u to m\u0142odzi, zdolni ludzie wspierani i motywowani przez swoich rodzic\u00f3w, kt\u00f3rzy wiedz\u0105 czego chc\u0105 i d\u0105\u017c\u0105 do osi\u0105gniecia wyznaczonego celu pomimo wielu trudno\u015bci zwi\u0105zanych z prac\u0105 i nat\u0142okiem obowi\u0105zk\u00f3w.\u00a0 Entuzjazm, m\u0142odo\u015b\u0107 i ch\u0119\u0107 piel\u0119gnowania tradycji rodzinnych sprawia, \u017ce \u201eBio\u0142odunajcanie\u201d to wielopokoleniowa grupa, kt\u00f3ra swoimi dotychczasowymi osi\u0105gni\u0119ciami ju\u017c zapisa\u0142a si\u0119 w historii i idzie po wi\u0119cej\u2026<\/p>\n<p>&nbsp;<\/p>\n","protected":false},"excerpt":{"rendered":"<p>\u201eBio\u0142odunajcanie\u201d Zesp\u00f3\u0142 Regionalny \u201eBio\u0142odunajcanie\u201d powsta\u0142 w 2004 roku na Podhalu, w malowniczej wsi Bia\u0142y Dunajec, [&hellip;]<\/p>\n","protected":false},"author":7,"featured_media":895,"comment_status":"closed","ping_status":"closed","sticky":false,"template":"","format":"standard","meta":[],"categories":[1],"tags":[],"acf":[],"_links":{"self":[{"href":"http:\/\/archiwum.festiwale.zakopane.pl\/festiwal-folkloru\/wp-json\/wp\/v2\/posts\/894"}],"collection":[{"href":"http:\/\/archiwum.festiwale.zakopane.pl\/festiwal-folkloru\/wp-json\/wp\/v2\/posts"}],"about":[{"href":"http:\/\/archiwum.festiwale.zakopane.pl\/festiwal-folkloru\/wp-json\/wp\/v2\/types\/post"}],"author":[{"embeddable":true,"href":"http:\/\/archiwum.festiwale.zakopane.pl\/festiwal-folkloru\/wp-json\/wp\/v2\/users\/7"}],"replies":[{"embeddable":true,"href":"http:\/\/archiwum.festiwale.zakopane.pl\/festiwal-folkloru\/wp-json\/wp\/v2\/comments?post=894"}],"version-history":[{"count":1,"href":"http:\/\/archiwum.festiwale.zakopane.pl\/festiwal-folkloru\/wp-json\/wp\/v2\/posts\/894\/revisions"}],"predecessor-version":[{"id":896,"href":"http:\/\/archiwum.festiwale.zakopane.pl\/festiwal-folkloru\/wp-json\/wp\/v2\/posts\/894\/revisions\/896"}],"wp:featuredmedia":[{"embeddable":true,"href":"http:\/\/archiwum.festiwale.zakopane.pl\/festiwal-folkloru\/wp-json\/wp\/v2\/media\/895"}],"wp:attachment":[{"href":"http:\/\/archiwum.festiwale.zakopane.pl\/festiwal-folkloru\/wp-json\/wp\/v2\/media?parent=894"}],"wp:term":[{"taxonomy":"category","embeddable":true,"href":"http:\/\/archiwum.festiwale.zakopane.pl\/festiwal-folkloru\/wp-json\/wp\/v2\/categories?post=894"},{"taxonomy":"post_tag","embeddable":true,"href":"http:\/\/archiwum.festiwale.zakopane.pl\/festiwal-folkloru\/wp-json\/wp\/v2\/tags?post=894"}],"curies":[{"name":"wp","href":"https:\/\/api.w.org\/{rel}","templated":true}]}}