{"id":875,"date":"2021-06-24T08:45:47","date_gmt":"2021-06-24T06:45:47","guid":{"rendered":"https:\/\/festiwale.zakopane.pl\/festiwal-folkloru\/?p=875"},"modified":"2021-07-14T11:06:43","modified_gmt":"2021-07-14T09:06:43","slug":"kiermasz-sztuki-ludowej-i-rzemiosla-artystycznego","status":"publish","type":"post","link":"http:\/\/archiwum.festiwale.zakopane.pl\/festiwal-folkloru\/2021\/06\/24\/kiermasz-sztuki-ludowej-i-rzemiosla-artystycznego\/","title":{"rendered":"Kiermasz Sztuki Ludowej i Rzemios\u0142a Artystycznego"},"content":{"rendered":"<p>Imprez\u0105 towarzysz\u0105c\u0105 tegorocznej edycji MFFZG jest r\u00f3wnie\u017c Kiermasz Sztuki Ludowej i Rzemios\u0142a Artystycznego.<\/p>\n<p>Zapraszamy na Doln\u0105 R\u00f3wie\u0144 Krupow\u0105 od 15 &#8211; 20 sierpnia 2021r. godz. 10:00 &#8211; 18:00 w wiosce festiwalowej.<\/p>\n<p>&nbsp;<\/p>\n<h3 style=\"text-align: center;\"><a href=\"http:\/\/archiwum.festiwale.zakopane.pl\/festiwal-folkloru\/ksiazki-poezja\/\">Ksi\u0105\u017cki, poezja<\/a>\u00a0 \u00a0 \u00a0 \u00a0 \u00a0 \u00a0 <a href=\"http:\/\/archiwum.festiwale.zakopane.pl\/festiwal-folkloru\/malarstwo-na-szkle\/\">Malarstwo na szkle<\/a>\u00a0 \u00a0 \u00a0 \u00a0 \u00a0 \u00a0<a href=\"http:\/\/archiwum.festiwale.zakopane.pl\/festiwal-folkloru\/rzezba\/\"> Rze\u017aba<\/a><\/h3>\n<h3 style=\"text-align: center;\">\u00a0\u00a0<a href=\"http:\/\/archiwum.festiwale.zakopane.pl\/festiwal-folkloru\/haft-koronka-szydelkowanie\/\">Haft, koronka, szyde\u0142kowanie<\/a><\/h3>\n<h3 style=\"text-align: center;\">\u00a0 \u00a0 \u00a0 \u00a0 \u00a0 \u00a0 \u00a0 \u00a0 \u00a0 <a href=\"http:\/\/archiwum.festiwale.zakopane.pl\/festiwal-folkloru\/garncarstwo\/\">Garncarstwo<\/a>\u00a0 \u00a0 \u00a0 \u00a0 \u00a0 \u00a0 <a href=\"http:\/\/archiwum.festiwale.zakopane.pl\/festiwal-folkloru\/kowalstwo\/\">Kowalstwo<\/a>\u00a0 \u00a0 \u00a0 \u00a0 \u00a0<a href=\"http:\/\/archiwum.festiwale.zakopane.pl\/festiwal-folkloru\/instrumenty\/\"> Instrumenty<\/a><\/h3>\n<h3 style=\"text-align: center;\"><a href=\"http:\/\/archiwum.festiwale.zakopane.pl\/festiwal-folkloru\/plastyka-zdobnicza-plecionkarstwo-zabawkarstwo\/\">Plastyka zdobnicza, plecionkarstwo, zabawkarstwo<\/a><\/h3>\n<h3><\/h3>\n<div id='gallery-1' class='gallery galleryid-875 gallery-columns-3 gallery-size-thumbnail'><figure class='gallery-item'>\n\t\t\t<div class='gallery-icon landscape'>\n\t\t\t\t<a href='http:\/\/archiwum.festiwale.zakopane.pl\/festiwal-folkloru\/2021\/06\/24\/kiermasz-sztuki-ludowej-i-rzemiosla-artystycznego\/1-4\/'><img width=\"150\" height=\"150\" src=\"http:\/\/archiwum.festiwale.zakopane.pl\/festiwal-folkloru\/wp-content\/uploads\/sites\/13\/2021\/06\/1-150x150.jpg\" class=\"attachment-thumbnail size-thumbnail\" alt=\"\" loading=\"lazy\" \/><\/a>\n\t\t\t<\/div><\/figure><figure class='gallery-item'>\n\t\t\t<div class='gallery-icon landscape'>\n\t\t\t\t<a href='http:\/\/archiwum.festiwale.zakopane.pl\/festiwal-folkloru\/2021\/06\/24\/kiermasz-sztuki-ludowej-i-rzemiosla-artystycznego\/2-3\/'><img width=\"150\" height=\"150\" src=\"http:\/\/archiwum.festiwale.zakopane.pl\/festiwal-folkloru\/wp-content\/uploads\/sites\/13\/2021\/06\/2-150x150.jpg\" class=\"attachment-thumbnail size-thumbnail\" alt=\"\" loading=\"lazy\" \/><\/a>\n\t\t\t<\/div><\/figure><figure class='gallery-item'>\n\t\t\t<div class='gallery-icon landscape'>\n\t\t\t\t<a href='http:\/\/archiwum.festiwale.zakopane.pl\/festiwal-folkloru\/2021\/06\/24\/kiermasz-sztuki-ludowej-i-rzemiosla-artystycznego\/3-3\/'><img width=\"150\" height=\"150\" src=\"http:\/\/archiwum.festiwale.zakopane.pl\/festiwal-folkloru\/wp-content\/uploads\/sites\/13\/2021\/06\/3-150x150.jpg\" class=\"attachment-thumbnail size-thumbnail\" alt=\"\" loading=\"lazy\" \/><\/a>\n\t\t\t<\/div><\/figure><figure class='gallery-item'>\n\t\t\t<div class='gallery-icon landscape'>\n\t\t\t\t<a href='http:\/\/archiwum.festiwale.zakopane.pl\/festiwal-folkloru\/2021\/06\/24\/kiermasz-sztuki-ludowej-i-rzemiosla-artystycznego\/4-2\/'><img width=\"150\" height=\"150\" src=\"http:\/\/archiwum.festiwale.zakopane.pl\/festiwal-folkloru\/wp-content\/uploads\/sites\/13\/2021\/06\/4-150x150.jpg\" class=\"attachment-thumbnail size-thumbnail\" alt=\"\" loading=\"lazy\" \/><\/a>\n\t\t\t<\/div><\/figure><figure class='gallery-item'>\n\t\t\t<div class='gallery-icon landscape'>\n\t\t\t\t<a href='http:\/\/archiwum.festiwale.zakopane.pl\/festiwal-folkloru\/2021\/06\/24\/kiermasz-sztuki-ludowej-i-rzemiosla-artystycznego\/5-2\/'><img width=\"150\" height=\"150\" src=\"http:\/\/archiwum.festiwale.zakopane.pl\/festiwal-folkloru\/wp-content\/uploads\/sites\/13\/2021\/06\/5-150x150.jpg\" class=\"attachment-thumbnail size-thumbnail\" alt=\"\" loading=\"lazy\" \/><\/a>\n\t\t\t<\/div><\/figure><figure class='gallery-item'>\n\t\t\t<div class='gallery-icon landscape'>\n\t\t\t\t<a href='http:\/\/archiwum.festiwale.zakopane.pl\/festiwal-folkloru\/2021\/06\/24\/kiermasz-sztuki-ludowej-i-rzemiosla-artystycznego\/6-2\/'><img width=\"150\" height=\"150\" src=\"http:\/\/archiwum.festiwale.zakopane.pl\/festiwal-folkloru\/wp-content\/uploads\/sites\/13\/2021\/06\/6-150x150.jpg\" class=\"attachment-thumbnail size-thumbnail\" alt=\"\" loading=\"lazy\" \/><\/a>\n\t\t\t<\/div><\/figure><figure class='gallery-item'>\n\t\t\t<div class='gallery-icon landscape'>\n\t\t\t\t<a href='http:\/\/archiwum.festiwale.zakopane.pl\/festiwal-folkloru\/2021\/06\/24\/kiermasz-sztuki-ludowej-i-rzemiosla-artystycznego\/7-2\/'><img width=\"150\" height=\"150\" src=\"http:\/\/archiwum.festiwale.zakopane.pl\/festiwal-folkloru\/wp-content\/uploads\/sites\/13\/2021\/06\/7-150x150.jpg\" class=\"attachment-thumbnail size-thumbnail\" alt=\"\" loading=\"lazy\" \/><\/a>\n\t\t\t<\/div><\/figure><figure class='gallery-item'>\n\t\t\t<div class='gallery-icon landscape'>\n\t\t\t\t<a href='http:\/\/archiwum.festiwale.zakopane.pl\/festiwal-folkloru\/2021\/06\/24\/kiermasz-sztuki-ludowej-i-rzemiosla-artystycznego\/8-2\/'><img width=\"150\" height=\"150\" src=\"http:\/\/archiwum.festiwale.zakopane.pl\/festiwal-folkloru\/wp-content\/uploads\/sites\/13\/2021\/06\/8-150x150.jpg\" class=\"attachment-thumbnail size-thumbnail\" alt=\"\" loading=\"lazy\" \/><\/a>\n\t\t\t<\/div><\/figure><figure class='gallery-item'>\n\t\t\t<div class='gallery-icon landscape'>\n\t\t\t\t<a href='http:\/\/archiwum.festiwale.zakopane.pl\/festiwal-folkloru\/2021\/06\/24\/kiermasz-sztuki-ludowej-i-rzemiosla-artystycznego\/9-2\/'><img width=\"150\" height=\"150\" src=\"http:\/\/archiwum.festiwale.zakopane.pl\/festiwal-folkloru\/wp-content\/uploads\/sites\/13\/2021\/06\/9-150x150.jpg\" class=\"attachment-thumbnail size-thumbnail\" alt=\"\" loading=\"lazy\" \/><\/a>\n\t\t\t<\/div><\/figure>\n\t\t<\/div>\n\n","protected":false},"excerpt":{"rendered":"<p>Imprez\u0105 towarzysz\u0105c\u0105 tegorocznej edycji MFFZG jest r\u00f3wnie\u017c Kiermasz Sztuki Ludowej i Rzemios\u0142a Artystycznego. Zapraszamy na [&hellip;]<\/p>\n","protected":false},"author":7,"featured_media":878,"comment_status":"closed","ping_status":"closed","sticky":false,"template":"","format":"standard","meta":[],"categories":[1],"tags":[],"acf":[],"_links":{"self":[{"href":"http:\/\/archiwum.festiwale.zakopane.pl\/festiwal-folkloru\/wp-json\/wp\/v2\/posts\/875"}],"collection":[{"href":"http:\/\/archiwum.festiwale.zakopane.pl\/festiwal-folkloru\/wp-json\/wp\/v2\/posts"}],"about":[{"href":"http:\/\/archiwum.festiwale.zakopane.pl\/festiwal-folkloru\/wp-json\/wp\/v2\/types\/post"}],"author":[{"embeddable":true,"href":"http:\/\/archiwum.festiwale.zakopane.pl\/festiwal-folkloru\/wp-json\/wp\/v2\/users\/7"}],"replies":[{"embeddable":true,"href":"http:\/\/archiwum.festiwale.zakopane.pl\/festiwal-folkloru\/wp-json\/wp\/v2\/comments?post=875"}],"version-history":[{"count":10,"href":"http:\/\/archiwum.festiwale.zakopane.pl\/festiwal-folkloru\/wp-json\/wp\/v2\/posts\/875\/revisions"}],"predecessor-version":[{"id":945,"href":"http:\/\/archiwum.festiwale.zakopane.pl\/festiwal-folkloru\/wp-json\/wp\/v2\/posts\/875\/revisions\/945"}],"wp:featuredmedia":[{"embeddable":true,"href":"http:\/\/archiwum.festiwale.zakopane.pl\/festiwal-folkloru\/wp-json\/wp\/v2\/media\/878"}],"wp:attachment":[{"href":"http:\/\/archiwum.festiwale.zakopane.pl\/festiwal-folkloru\/wp-json\/wp\/v2\/media?parent=875"}],"wp:term":[{"taxonomy":"category","embeddable":true,"href":"http:\/\/archiwum.festiwale.zakopane.pl\/festiwal-folkloru\/wp-json\/wp\/v2\/categories?post=875"},{"taxonomy":"post_tag","embeddable":true,"href":"http:\/\/archiwum.festiwale.zakopane.pl\/festiwal-folkloru\/wp-json\/wp\/v2\/tags?post=875"}],"curies":[{"name":"wp","href":"https:\/\/api.w.org\/{rel}","templated":true}]}}