{"id":865,"date":"2021-06-24T08:29:16","date_gmt":"2021-06-24T06:29:16","guid":{"rendered":"https:\/\/festiwale.zakopane.pl\/festiwal-folkloru\/?p=865"},"modified":"2021-07-06T10:15:47","modified_gmt":"2021-07-06T08:15:47","slug":"wystawa-ludowe-instrumentarium-ziem-gorskich-z-kolekcji-muzeum-ludowych-instrumentow-muzycznych-w-szydlowcu","status":"publish","type":"post","link":"http:\/\/archiwum.festiwale.zakopane.pl\/festiwal-folkloru\/2021\/06\/24\/wystawa-ludowe-instrumentarium-ziem-gorskich-z-kolekcji-muzeum-ludowych-instrumentow-muzycznych-w-szydlowcu\/","title":{"rendered":"Wystawa Ludowe instrumentarium ziem g\u00f3rskich \u2014 z kolekcji Muzeum Ludowych Instrument\u00f3w Muzycznych w Szyd\u0142owcu"},"content":{"rendered":"<p>Muzeum Ludowych Instrument\u00f3w Muzycznych w Szyd\u0142owcu\u00a0 to jedyne w Polsce, a wed\u0142ug niekt\u00f3rych etnomuzykolog\u00f3w pierwsze w \u015bwiecie samodzielne muzeum po\u015bwi\u0119cone ludowym instrumentom muzycznym. Powo\u0142ane zosta\u0142o w 1968 roku jako oddzia\u0142 Muzeum \u015awi\u0119tokrzyskiego w Kielcach, za\u015b otwarte dla zwiedzaj\u0105cych 19 maja 1975 roku, rok p\u00f3\u017aniej muzeum zosta\u0142o usamodzielnione. Pierwsze lata dzia\u0142alno\u015bci instytucji wype\u0142nia\u0142y prace organizacyjne. Pozyskiwano instrumenty muzyczne do kolekcji, naukowy nadz\u00f3r nad badaniami terenowymi pe\u0142nili etnomuzykolodzy, pracownicy Instytut\u00f3w Sztuki Polskiej Akademii Nauk w Warszawie i Poznaniu Jadwiga Sobieska\u00a0 i prof. Jan St\u0119szewski.<\/p>\n<p>Nieustannie poszerzaj\u0105c kolekcj\u0119 eksponat\u00f3w, muzeum kupuje instrumenty od znanych ludowych muzyk\u00f3w oraz ich potomk\u00f3w, pozyskuje kolekcje znanych badaczy muzyki tradycyjnej (m.in. Jadwigi i Mariana Sobieskich, Jaros\u0142awa Lisakowskiego). Cyklicznym przedsi\u0119wzi\u0119ciem organizowanym przez szyd\u0142owieckie muzeum od 1985 roku, dzi\u0119ki kt\u00f3remu zbiory wzbogacaj\u0105 si\u0119 o kolejne instrumenty i poszerza si\u0119 baz\u0119 danych o ich budowniczych, jest Og\u00f3lnopolski Konkurs na Budow\u0119 Ludowych Instrument\u00f3w Muzycznych, na kt\u00f3ry zg\u0142oszenia przysy\u0142aj\u0105 wytw\u00f3rcy z ca\u0142ej Polski. Kolekcja eksponat\u00f3w szyd\u0142owieckiego muzeum liczy ponad 2300 muzeali\u00f3w.<\/p>\n<p>W 2018 roku otwarta zosta\u0142a nowa, administracyjno-edukacyjna siedziba Muzeum Ludowych Instrument\u00f3w Muzycznych w Szyd\u0142owcu, w kt\u00f3rej znajduj\u0105 si\u0119 m.in.: pracownie merytoryczne, pomieszczenia administracyjno-biurowe, sala konferencyjno-edukacyjna, sale edukacyjne, biblioteka\/pracownia dokumentacji etnomuzykologicznej, magazyny zbior\u00f3w.<\/p>\n<p>&nbsp;<\/p>\n<p>Ludowe instrumentarium ziem g\u00f3rskich w kolekcji Muzeum Ludowych Instrument\u00f3w Muzycznych w Szyd\u0142owcu to instrumenty z histori\u0105, za kt\u00f3rymi stoj\u0105 znani i cenieni wytw\u00f3rcy, m.in. August Piecha z Pewli Wielkiej, Stanis\u0142aw Graca (1928\u2013 ) z Poronina, J\u00f3zef Zbozie\u0144 (1879\u20131954) z Nowego S\u0105cza, Eugeniusz Sieczka z Zakopanego, Tomasza Skupie\u0144 (1955\u20132005) z Zakopanego, Feliks Jankowski (1926\u20131994) z \u017bywca i Antoni Kr\u0119\u017celok (1930\u20132001) z Koniakowa. To te\u017c instrumenty, kt\u00f3re s\u0105 bardzo r\u00f3\u017cnorodne \u2013 od prostych, wr\u0119cz prymitywnych piszcza\u0142ek bezotworowych, przez kilkumetrowe trombity i czterog\u0142osowe, niezwykle skomplikowane dudy, po ciche i d\u0142ubane z\u0142\u00f3bcoki. Instrumenty pi\u0119knie zdobione, ukazuj\u0105ce lokaln\u0105 to\u017csamo\u015b\u0107 kulturow\u0105 i przede wszystkim \u2013 g\u00f3ralskiego ducha.<\/p>\n<p>&nbsp;<\/p>\n<p>&nbsp;<\/p>\n<div id='gallery-1' class='gallery galleryid-865 gallery-columns-3 gallery-size-thumbnail'><figure class='gallery-item'>\n\t\t\t<div class='gallery-icon landscape'>\n\t\t\t\t<a href='http:\/\/archiwum.festiwale.zakopane.pl\/festiwal-folkloru\/?attachment_id=404'><img width=\"150\" height=\"150\" src=\"http:\/\/archiwum.festiwale.zakopane.pl\/festiwal-folkloru\/wp-content\/uploads\/sites\/13\/2020\/07\/dudy-150x150.jpg\" class=\"attachment-thumbnail size-thumbnail\" alt=\"\" loading=\"lazy\" \/><\/a>\n\t\t\t<\/div><\/figure><figure class='gallery-item'>\n\t\t\t<div class='gallery-icon landscape'>\n\t\t\t\t<a href='http:\/\/archiwum.festiwale.zakopane.pl\/festiwal-folkloru\/?attachment_id=403'><img width=\"150\" height=\"150\" src=\"http:\/\/archiwum.festiwale.zakopane.pl\/festiwal-folkloru\/wp-content\/uploads\/sites\/13\/2020\/07\/skrzypce-150x150.jpg\" class=\"attachment-thumbnail size-thumbnail\" alt=\"\" loading=\"lazy\" \/><\/a>\n\t\t\t<\/div><\/figure><figure class='gallery-item'>\n\t\t\t<div class='gallery-icon landscape'>\n\t\t\t\t<a href='http:\/\/archiwum.festiwale.zakopane.pl\/festiwal-folkloru\/?attachment_id=402'><img width=\"150\" height=\"150\" src=\"http:\/\/archiwum.festiwale.zakopane.pl\/festiwal-folkloru\/wp-content\/uploads\/sites\/13\/2020\/07\/rog-150x150.jpg\" class=\"attachment-thumbnail size-thumbnail\" alt=\"\" loading=\"lazy\" \/><\/a>\n\t\t\t<\/div><\/figure><figure class='gallery-item'>\n\t\t\t<div class='gallery-icon landscape'>\n\t\t\t\t<a href='http:\/\/archiwum.festiwale.zakopane.pl\/festiwal-folkloru\/?attachment_id=401'><img width=\"150\" height=\"150\" src=\"http:\/\/archiwum.festiwale.zakopane.pl\/festiwal-folkloru\/wp-content\/uploads\/sites\/13\/2020\/07\/goral-150x150.png\" class=\"attachment-thumbnail size-thumbnail\" alt=\"\" loading=\"lazy\" \/><\/a>\n\t\t\t<\/div><\/figure><figure class='gallery-item'>\n\t\t\t<div class='gallery-icon landscape'>\n\t\t\t\t<a href='http:\/\/archiwum.festiwale.zakopane.pl\/festiwal-folkloru\/?attachment_id=400'><img width=\"150\" height=\"150\" src=\"http:\/\/archiwum.festiwale.zakopane.pl\/festiwal-folkloru\/wp-content\/uploads\/sites\/13\/2020\/07\/fujarki-150x150.jpg\" class=\"attachment-thumbnail size-thumbnail\" alt=\"\" loading=\"lazy\" \/><\/a>\n\t\t\t<\/div><\/figure><figure class='gallery-item'>\n\t\t\t<div class='gallery-icon landscape'>\n\t\t\t\t<a href='http:\/\/archiwum.festiwale.zakopane.pl\/festiwal-folkloru\/118084316_3276408009082060_1275564870705914702_n\/'><img width=\"150\" height=\"150\" src=\"http:\/\/archiwum.festiwale.zakopane.pl\/festiwal-folkloru\/wp-content\/uploads\/sites\/13\/2020\/09\/118084316_3276408009082060_1275564870705914702_n-150x150.jpg\" class=\"attachment-thumbnail size-thumbnail\" alt=\"\" loading=\"lazy\" \/><\/a>\n\t\t\t<\/div><\/figure>\n\t\t<\/div>\n\n","protected":false},"excerpt":{"rendered":"<p>Muzeum Ludowych Instrument\u00f3w Muzycznych w Szyd\u0142owcu\u00a0 to jedyne w Polsce, a wed\u0142ug niekt\u00f3rych etnomuzykolog\u00f3w pierwsze [&hellip;]<\/p>\n","protected":false},"author":7,"featured_media":407,"comment_status":"closed","ping_status":"closed","sticky":false,"template":"","format":"standard","meta":[],"categories":[1],"tags":[],"acf":[],"_links":{"self":[{"href":"http:\/\/archiwum.festiwale.zakopane.pl\/festiwal-folkloru\/wp-json\/wp\/v2\/posts\/865"}],"collection":[{"href":"http:\/\/archiwum.festiwale.zakopane.pl\/festiwal-folkloru\/wp-json\/wp\/v2\/posts"}],"about":[{"href":"http:\/\/archiwum.festiwale.zakopane.pl\/festiwal-folkloru\/wp-json\/wp\/v2\/types\/post"}],"author":[{"embeddable":true,"href":"http:\/\/archiwum.festiwale.zakopane.pl\/festiwal-folkloru\/wp-json\/wp\/v2\/users\/7"}],"replies":[{"embeddable":true,"href":"http:\/\/archiwum.festiwale.zakopane.pl\/festiwal-folkloru\/wp-json\/wp\/v2\/comments?post=865"}],"version-history":[{"count":1,"href":"http:\/\/archiwum.festiwale.zakopane.pl\/festiwal-folkloru\/wp-json\/wp\/v2\/posts\/865\/revisions"}],"predecessor-version":[{"id":866,"href":"http:\/\/archiwum.festiwale.zakopane.pl\/festiwal-folkloru\/wp-json\/wp\/v2\/posts\/865\/revisions\/866"}],"wp:featuredmedia":[{"embeddable":true,"href":"http:\/\/archiwum.festiwale.zakopane.pl\/festiwal-folkloru\/wp-json\/wp\/v2\/media\/407"}],"wp:attachment":[{"href":"http:\/\/archiwum.festiwale.zakopane.pl\/festiwal-folkloru\/wp-json\/wp\/v2\/media?parent=865"}],"wp:term":[{"taxonomy":"category","embeddable":true,"href":"http:\/\/archiwum.festiwale.zakopane.pl\/festiwal-folkloru\/wp-json\/wp\/v2\/categories?post=865"},{"taxonomy":"post_tag","embeddable":true,"href":"http:\/\/archiwum.festiwale.zakopane.pl\/festiwal-folkloru\/wp-json\/wp\/v2\/tags?post=865"}],"curies":[{"name":"wp","href":"https:\/\/api.w.org\/{rel}","templated":true}]}}