{"id":862,"date":"2021-06-24T08:15:21","date_gmt":"2021-06-24T06:15:21","guid":{"rendered":"https:\/\/festiwale.zakopane.pl\/festiwal-folkloru\/?p=862"},"modified":"2021-07-06T10:15:52","modified_gmt":"2021-07-06T08:15:52","slug":"rada-artystyczna","status":"publish","type":"post","link":"http:\/\/archiwum.festiwale.zakopane.pl\/festiwal-folkloru\/2021\/06\/24\/rada-artystyczna\/","title":{"rendered":"Rada Artystyczna"},"content":{"rendered":"<p>Rada Artystyczna powo\u0142ana przez Burmistrza Miasta Zakopane, w sk\u0142ad kt\u00f3rej wchodz\u0105\u00a0 instruktorzy zakopia\u0144skich zespo\u0142\u00f3w regionalnych: Maria Kukuc-Fr\u0105czysta, Katarzyna Stacho\u0144 Groblowy, Tomasz Galica \u2013 Parafialny regionalny Zesp\u00f3\u0142 Giewont, Zofia Kubiniec Stanuch &#8211; Zesp\u00f3\u0142 im. Klimka Bachledy wraz z Dyrektor Festiwalu Joann\u0105 Staszak.<\/p>\n","protected":false},"excerpt":{"rendered":"<p>Rada Artystyczna powo\u0142ana przez Burmistrza Miasta Zakopane, w sk\u0142ad kt\u00f3rej wchodz\u0105\u00a0 instruktorzy zakopia\u0144skich zespo\u0142\u00f3w regionalnych: [&hellip;]<\/p>\n","protected":false},"author":7,"featured_media":863,"comment_status":"closed","ping_status":"closed","sticky":false,"template":"","format":"standard","meta":[],"categories":[1],"tags":[],"acf":[],"_links":{"self":[{"href":"http:\/\/archiwum.festiwale.zakopane.pl\/festiwal-folkloru\/wp-json\/wp\/v2\/posts\/862"}],"collection":[{"href":"http:\/\/archiwum.festiwale.zakopane.pl\/festiwal-folkloru\/wp-json\/wp\/v2\/posts"}],"about":[{"href":"http:\/\/archiwum.festiwale.zakopane.pl\/festiwal-folkloru\/wp-json\/wp\/v2\/types\/post"}],"author":[{"embeddable":true,"href":"http:\/\/archiwum.festiwale.zakopane.pl\/festiwal-folkloru\/wp-json\/wp\/v2\/users\/7"}],"replies":[{"embeddable":true,"href":"http:\/\/archiwum.festiwale.zakopane.pl\/festiwal-folkloru\/wp-json\/wp\/v2\/comments?post=862"}],"version-history":[{"count":1,"href":"http:\/\/archiwum.festiwale.zakopane.pl\/festiwal-folkloru\/wp-json\/wp\/v2\/posts\/862\/revisions"}],"predecessor-version":[{"id":864,"href":"http:\/\/archiwum.festiwale.zakopane.pl\/festiwal-folkloru\/wp-json\/wp\/v2\/posts\/862\/revisions\/864"}],"wp:featuredmedia":[{"embeddable":true,"href":"http:\/\/archiwum.festiwale.zakopane.pl\/festiwal-folkloru\/wp-json\/wp\/v2\/media\/863"}],"wp:attachment":[{"href":"http:\/\/archiwum.festiwale.zakopane.pl\/festiwal-folkloru\/wp-json\/wp\/v2\/media?parent=862"}],"wp:term":[{"taxonomy":"category","embeddable":true,"href":"http:\/\/archiwum.festiwale.zakopane.pl\/festiwal-folkloru\/wp-json\/wp\/v2\/categories?post=862"},{"taxonomy":"post_tag","embeddable":true,"href":"http:\/\/archiwum.festiwale.zakopane.pl\/festiwal-folkloru\/wp-json\/wp\/v2\/tags?post=862"}],"curies":[{"name":"wp","href":"https:\/\/api.w.org\/{rel}","templated":true}]}}