{"id":845,"date":"2021-06-23T08:03:21","date_gmt":"2021-06-23T06:03:21","guid":{"rendered":"https:\/\/festiwale.zakopane.pl\/festiwal-folkloru\/?p=845"},"modified":"2021-06-23T08:03:21","modified_gmt":"2021-06-23T06:03:21","slug":"giewont-drugi-wspolgospodarz-festiwalu","status":"publish","type":"post","link":"http:\/\/archiwum.festiwale.zakopane.pl\/festiwal-folkloru\/2021\/06\/23\/giewont-drugi-wspolgospodarz-festiwalu\/","title":{"rendered":"Giewont &#8211; drugi wsp\u00f3\u0142gospodarz Festiwalu"},"content":{"rendered":"<div class=\"o9v6fnle cxmmr5t8 oygrvhab hcukyx3x c1et5uql ii04i59q\">\n<div dir=\"auto\">PARAFIALNY REGIONALNY ZESP\u00d3\u0141 &#8222;GIEWONT&#8221; Z ZAKOPANEGO<\/div>\n<div dir=\"auto\">Zesp\u00f3\u0142 powsta\u0142 w 1981 roku. Za\u0142o\u017cycielem i kierownikiem by\u0142 ksi\u0105dz Jan Kowalik CM, proboszcz parafii i na Olczy w Zakopanem, obecnie Sanktuarium Matki Bo\u017cej Objawiaj\u0105cej Cudowny Medalik. Kierownikami zespo\u0142u s\u0105 Maria Kukuc-Fr\u0105czysta, Katarzyna Stacho\u0144 \u2013 Groblowy i Tomasz Galica. Zesp\u00f3\u0142 liczy ok. 80 cz\u0142onk\u00f3w<\/div>\n<div dir=\"auto\">Poniewa\u017c zesp\u00f3\u0142 powsta\u0142 i dzia\u0142a\u0142 pod patronatem parafii i prowadzonej przez ksi\u0119\u017cy misjonarzy od pocz\u0105tku koncertowa\u0142 w miejscach dzia\u0142alno\u015bci ksi\u0119\u017cy m.in. w Krakowie, w Warszawie, we Wroc\u0142awiu. Wyst\u0119powa\u0142 tak\u017ce za granic\u0105: we Francji, Austrii, Niemczech, W\u0142oszech, Bu\u0142garii, Turcji oraz na W\u0119grzech i S\u0142owacji. 19 czerwca 1985 roku zesp\u00f3\u0142 mia\u0142 zaszczyt wyst\u0105pi\u0107 dla Ojca \u015awi\u0119tego Jana Paw\u0142a II w Watykanie, a nast\u0119pnie uczestniczy\u0107 w prywatnej audiencji. Po 30 latach od tego zdarzenia zesp\u00f3\u0142 ponownie wyst\u0105pi\u0142 na placu \u015bw. Piotra graj\u0105c dla Ojca \u015awi\u0119tego Franciszka. Na przestrzeni lat zesp\u00f3\u0142 uczestniczy\u0142 w wielu festiwalach i konkursach m.in. podczas Mi\u0119dzynarodowego Festiwalu Folkloru Ziem G\u00f3rskich w Zakopanem oraz Saba\u0142owych Baja\u0144 i Karnawa\u0142u G\u00f3ralskiego w Bukowinie Tatrza\u0144skiej, w Mi\u0119dzynarodowym Festiwalu Folkloru Dzieci w Sofi i (Bu\u0142garia) oraz w Mi\u0119dzynarodowym Festiwalu Folkloru w Izmir \u2013 Fo\u00e7a (Turcja).<\/div>\n<div dir=\"auto\">W latach 2000, 2015 i 2016 zesp\u00f3\u0142 by\u0142 gospodarzem MFFZG w Zakopanem. Jest laureatem licznych nagr\u00f3d za taniec i \u015bpiew g\u00f3ralski. W 2016 roku zesp\u00f3\u0142 wyta\u0144czy\u0142 br\u0105zow\u0105 juhask\u0105 ciupag\u0119 na G\u00f3ralskim Karnawale w Bukowinie Tatrza\u0144skiej, a w 2017 roku zdoby\u0142 Srebrn\u0105 Ciupag\u0119 w kategorii zespo\u0142\u00f3w autentycznych na 49. MFFZG w Zakopanem.<\/div>\n<\/div>\n","protected":false},"excerpt":{"rendered":"<p>PARAFIALNY REGIONALNY ZESP\u00d3\u0141 &#8222;GIEWONT&#8221; Z ZAKOPANEGO Zesp\u00f3\u0142 powsta\u0142 w 1981 roku. Za\u0142o\u017cycielem i kierownikiem by\u0142 [&hellip;]<\/p>\n","protected":false},"author":7,"featured_media":846,"comment_status":"closed","ping_status":"closed","sticky":false,"template":"","format":"standard","meta":[],"categories":[1],"tags":[],"acf":[],"_links":{"self":[{"href":"http:\/\/archiwum.festiwale.zakopane.pl\/festiwal-folkloru\/wp-json\/wp\/v2\/posts\/845"}],"collection":[{"href":"http:\/\/archiwum.festiwale.zakopane.pl\/festiwal-folkloru\/wp-json\/wp\/v2\/posts"}],"about":[{"href":"http:\/\/archiwum.festiwale.zakopane.pl\/festiwal-folkloru\/wp-json\/wp\/v2\/types\/post"}],"author":[{"embeddable":true,"href":"http:\/\/archiwum.festiwale.zakopane.pl\/festiwal-folkloru\/wp-json\/wp\/v2\/users\/7"}],"replies":[{"embeddable":true,"href":"http:\/\/archiwum.festiwale.zakopane.pl\/festiwal-folkloru\/wp-json\/wp\/v2\/comments?post=845"}],"version-history":[{"count":1,"href":"http:\/\/archiwum.festiwale.zakopane.pl\/festiwal-folkloru\/wp-json\/wp\/v2\/posts\/845\/revisions"}],"predecessor-version":[{"id":847,"href":"http:\/\/archiwum.festiwale.zakopane.pl\/festiwal-folkloru\/wp-json\/wp\/v2\/posts\/845\/revisions\/847"}],"wp:featuredmedia":[{"embeddable":true,"href":"http:\/\/archiwum.festiwale.zakopane.pl\/festiwal-folkloru\/wp-json\/wp\/v2\/media\/846"}],"wp:attachment":[{"href":"http:\/\/archiwum.festiwale.zakopane.pl\/festiwal-folkloru\/wp-json\/wp\/v2\/media?parent=845"}],"wp:term":[{"taxonomy":"category","embeddable":true,"href":"http:\/\/archiwum.festiwale.zakopane.pl\/festiwal-folkloru\/wp-json\/wp\/v2\/categories?post=845"},{"taxonomy":"post_tag","embeddable":true,"href":"http:\/\/archiwum.festiwale.zakopane.pl\/festiwal-folkloru\/wp-json\/wp\/v2\/tags?post=845"}],"curies":[{"name":"wp","href":"https:\/\/api.w.org\/{rel}","templated":true}]}}