{"id":842,"date":"2021-06-23T08:01:06","date_gmt":"2021-06-23T06:01:06","guid":{"rendered":"https:\/\/festiwale.zakopane.pl\/festiwal-folkloru\/?p=842"},"modified":"2021-06-23T08:01:06","modified_gmt":"2021-06-23T06:01:06","slug":"klimki-wspolgospodarz-tegorocznego-festiwalu","status":"publish","type":"post","link":"http:\/\/archiwum.festiwale.zakopane.pl\/festiwal-folkloru\/2021\/06\/23\/klimki-wspolgospodarz-tegorocznego-festiwalu\/","title":{"rendered":"Klimki &#8211; wsp\u00f3\u0142gospodarz tegorocznego Festiwalu"},"content":{"rendered":"<p><span class=\"d2edcug0 hpfvmrgz qv66sw1b c1et5uql lr9zc1uh a8c37x1j keod5gw0 nxhoafnm aigsh9s9 d3f4x2em fe6kdd0r mau55g9w c8b282yb iv3no6db jq4qci2q a3bd9o3v knj5qynh oo9gr5id hzawbc8m\" dir=\"auto\">Zesp\u00f3\u0142 regionalny im. Klimka Bachledy. Powsta\u0142 w 1952 roku przy zakopia\u0144skiej \u201eCepelii\u201d. W 1957 roku, po reaktywacji Zwi\u0105zku Podhalan, przeszed\u0142 pod jego opiek\u0119 i dzia\u0142a przy Zwi\u0105zku do dzi\u015b. Zesp\u00f3\u0142 zrzesza m\u0142odzie\u017c i doros\u0142ych, kt\u00f3rym kultura g\u00f3ralska, autentyczny \u015bpiew, taniec, muzyka, gwara, le\u017c\u0105 bardzo na sercu. Od ponad p\u00f3\u0142 wieku piel\u0119gnuje tradycje, kt\u00f3re w regionie Podhala s\u0105 ci\u0105gle \u017cywe. Dorobek artystyczny zespo\u0142u to programy i przestawienia oparte na tradycjach podhala\u0144skich, m.in. programy: Na hali, Zaloty, Wesele g\u00f3ralskie, Jase\u0142ka, Harnasie i Posiady. Cz\u0142onkowie zespo\u0142u udzielali si\u0119 jako aktorzy w sztukach napisanych przez Juliana Reimschussela, a w latach 60-tych i 90-tych XX wieku opracowali jedyn\u0105 w tamtym czasie oper\u0119 g\u00f3ralsk\u0105 pt. Jadwisia spod regli, kt\u00f3ra wesz\u0142a w kanon g\u00f3ralskiej sztuki, a tak\u017ce Szkolne lata, Diabe\u0142 na Podhalu, Piekielnica. Zesp\u00f3\u0142 aktywnie uczestniczy w \u017cyciu Miasta Zakopane, przygotowuj\u0105c opraw\u0119 artystyczn\u0105 wydarze\u0144 organizowanych przez Miasto. Od kilku lat u\u015bwietnia r\u00f3wnie\u017c opraw\u0119 Mszy \u015aw. w Starym Ko\u015bci\u00f3\u0142ku na P\u0119ksowym Brzyzku oraz Europejskie Targi Produkt\u00f3w Regionalnych. Szeroka dzia\u0142alno\u015b\u0107 edukacyjna Zespo\u0142u obejmuje tak\u017ce lekcje o regionie Podhala. \u201eKlimki\u201d uczestnicz\u0105 w wielu przegl\u0105dach i konkursach, zdobywaj\u0105c niejednokrotnie g\u0142\u00f3wne nagrody, cz\u0119sto koncertuj\u0105 na cele charytatywne. Cz\u0142onkowie zespo\u0142u mieli tak\u017ce okazj\u0119 odwiedzi\u0107 pi\u0119kne zak\u0105tki Polski i Europy, a w latach 70-tych koncertowali w Ameryce P\u00f3\u0142nocnej. Kierownikiem zespo\u0142u jest Zofia Kubiniec-Stanuch.<\/span><\/p>\n","protected":false},"excerpt":{"rendered":"<p>Zesp\u00f3\u0142 regionalny im. Klimka Bachledy. Powsta\u0142 w 1952 roku przy zakopia\u0144skiej \u201eCepelii\u201d. W 1957 roku, [&hellip;]<\/p>\n","protected":false},"author":7,"featured_media":843,"comment_status":"closed","ping_status":"closed","sticky":false,"template":"","format":"standard","meta":[],"categories":[1],"tags":[],"acf":[],"_links":{"self":[{"href":"http:\/\/archiwum.festiwale.zakopane.pl\/festiwal-folkloru\/wp-json\/wp\/v2\/posts\/842"}],"collection":[{"href":"http:\/\/archiwum.festiwale.zakopane.pl\/festiwal-folkloru\/wp-json\/wp\/v2\/posts"}],"about":[{"href":"http:\/\/archiwum.festiwale.zakopane.pl\/festiwal-folkloru\/wp-json\/wp\/v2\/types\/post"}],"author":[{"embeddable":true,"href":"http:\/\/archiwum.festiwale.zakopane.pl\/festiwal-folkloru\/wp-json\/wp\/v2\/users\/7"}],"replies":[{"embeddable":true,"href":"http:\/\/archiwum.festiwale.zakopane.pl\/festiwal-folkloru\/wp-json\/wp\/v2\/comments?post=842"}],"version-history":[{"count":1,"href":"http:\/\/archiwum.festiwale.zakopane.pl\/festiwal-folkloru\/wp-json\/wp\/v2\/posts\/842\/revisions"}],"predecessor-version":[{"id":844,"href":"http:\/\/archiwum.festiwale.zakopane.pl\/festiwal-folkloru\/wp-json\/wp\/v2\/posts\/842\/revisions\/844"}],"wp:featuredmedia":[{"embeddable":true,"href":"http:\/\/archiwum.festiwale.zakopane.pl\/festiwal-folkloru\/wp-json\/wp\/v2\/media\/843"}],"wp:attachment":[{"href":"http:\/\/archiwum.festiwale.zakopane.pl\/festiwal-folkloru\/wp-json\/wp\/v2\/media?parent=842"}],"wp:term":[{"taxonomy":"category","embeddable":true,"href":"http:\/\/archiwum.festiwale.zakopane.pl\/festiwal-folkloru\/wp-json\/wp\/v2\/categories?post=842"},{"taxonomy":"post_tag","embeddable":true,"href":"http:\/\/archiwum.festiwale.zakopane.pl\/festiwal-folkloru\/wp-json\/wp\/v2\/tags?post=842"}],"curies":[{"name":"wp","href":"https:\/\/api.w.org\/{rel}","templated":true}]}}