{"id":833,"date":"2021-05-06T10:31:06","date_gmt":"2021-05-06T08:31:06","guid":{"rendered":"https:\/\/festiwale.zakopane.pl\/festiwal-folkloru\/?p=833"},"modified":"2021-05-06T10:31:25","modified_gmt":"2021-05-06T08:31:25","slug":"833","status":"publish","type":"post","link":"http:\/\/archiwum.festiwale.zakopane.pl\/festiwal-folkloru\/2021\/05\/06\/833\/","title":{"rendered":"Jubileuszowy 50. Og\u00f3lnopolski Konkurs Literacki im. Tadeusza Staicha na wiersz o tematyce g\u00f3rskiej AD 2021"},"content":{"rendered":"<div id=\"widget_d139222b-70fb-49b8-bee8-de804ca91729\" class=\"widget velacms-widget-title \" data-widget-id=\"e7ebef02-00ce-4657-8a3b-8acc7cb5aa4f\" data-widget-type=\"velacms-widget-title\" data-widget-locked=\"\">\n<div class=\"widget-content\">\n<div>\n<h3 id=\"1362c20d-5ac8-40e1-a05b-5d592ece15f5_title\">Jubileuszowy 50. Og\u00f3lnopolski Konkurs Literacki im. Tadeusza Staicha na wiersz o tematyce g\u00f3rskiej AD 2021<\/h3>\n<\/div>\n<\/div>\n<\/div>\n<div id=\"widget_36f736a4-4193-4eca-a6c9-c4cf85b5f44b\" class=\"widget velacms-widget-rich-content \" data-widget-id=\"e4fc7f89-083f-46f4-928f-88347a3a4d5d\" data-widget-type=\"velacms-widget-rich-content\" data-widget-locked=\"\">\n<div class=\"widget-content\">\n<div class=\"innerHtml\">\n<p>Burmistrz Miasta Zakopane og\u0142asza kolejn\u0105, jubileuszow\u0105 edycj\u0119 Og\u00f3lnopolskiego Konkursu Literackiego im. Tadeusza Staicha na wiersz o tematyce g\u00f3rskiej. Konkurs jest imprez\u0105 towarzysz\u0105c\u0105 Mi\u0119dzynarodowego Festiwalu Folkloru Ziem G\u00f3rskich. Uczestniczy\u0107 w nim mog\u0105 wszyscy pisz\u0105cy w j\u0119zyku literackim lub w gwarze g\u00f3ralskiej.<\/p>\n<\/div>\n<\/div>\n<\/div>\n<div id=\"widget_7342dd12-e062-40f8-af32-c96becb587f6\" class=\"widget velacms-widget-rich-content \" data-widget-id=\"c1f18342-ae1a-4f37-bb96-3ea49d9dbcb8\" data-widget-type=\"velacms-widget-rich-content\" data-widget-locked=\"\">\n<div class=\"widget-content\">\n<div class=\"innerHtml\">\n<p>Termin nadsy\u0142ania utwor\u00f3w up\u0142ywa 1 czerwca 2021 roku. Wyniki konkursu zostan\u0105 og\u0142oszone w czasie Uroczystych Posiad\u00f3w Pisarzy Podhala\u0144skich rozpoczynaj\u0105cych 52. Mi\u0119dzynarodowy Festiwal Folkloru Ziem G\u00f3rskich w sierpniu br. w Zakopanem.<\/p>\n<p>Zapraszamy do zapoznania si\u0119 ze szczeg\u00f3\u0142owymi warunkami uczestnictwa zawartymi w\u00a0<a href=\"https:\/\/www.zakopane.pl\/media\/download\/e3a298d2-294d-420e-86a5-6d488c4b5ed2\">Regulaminie<\/a>.<\/p>\n<p><a href=\"https:\/\/www.zakopane.pl\/media\/download\/ea247bc3-c35f-47e0-836b-3b49155a5c6c\">Za\u0142. Nr 1 Staich<\/a><\/p>\n<p><strong>Tadeusz Staich<\/strong> (1913-1987) by\u0142 postaci\u0105 niezwykle zas\u0142u\u017con\u0105 dla kultury podhala\u0144skiej. By\u0142 pisarzem, dziennikarzem, dzia\u0142aczem i honorowym cz\u0142onkiem Zwi\u0105zku Podhalan, a tak\u017ce dzia\u0142aczem PTT i PTTK, przewodnikiem tatrza\u0144skim i redaktorem naczelnym \u201e\u017bycia Zakopia\u0144skiego\u201d. Urodzi\u0142 si\u0119 na ziemi krakowskiej, ale to w\u0142a\u015bnie Podhale wybra\u0142 na swoj\u0105 ma\u0142\u0105 ojczyzn\u0119. W Teatrze im. Heleny Modrzejewskiej prowadzi\u0142 \u201eStudium S\u0142owa\u201d, w latach 70-tych by\u0142 prezesem zakopia\u0144skiego Klubu Literackiego. Zosta\u0142 laureatem pierwszej nagrody literackiej Zakopanego za publikacj\u0119 \u201eDrogami skalnej ziemi\u201d, kt\u00f3rej wsp\u00f3\u0142autork\u0105 by\u0142a Hanna Pie\u0144kowska. Uchodzi\u0142 za niekwestionowany autorytet w dziedzinie obyczaj\u00f3w i gwary g\u00f3ralskiej. W 1972 r. jako prezes Zakopia\u0144skiego Klubu Literackiego by\u0142 inicjatorem konkursu literackiego na wiersz o tematyce g\u00f3rskiej, kt\u00f3remu z czasem nadano jego imi\u0119.<\/p>\n<p>Zdj\u0119cie udost\u0119pnione przez Pani\u0105 Zofi\u0119 Staich.<\/p>\n<p>&nbsp;<\/p>\n<\/div>\n<\/div>\n<\/div>\n<p><a href=\"https:\/\/bip.zakopane.eu\/zarzadzenie-nr-13-2021#cnt\">https:\/\/bip.zakopane.eu\/zarzadzenie-nr-13-2021#cnt<\/a><\/p>\n","protected":false},"excerpt":{"rendered":"<p>Jubileuszowy 50. Og\u00f3lnopolski Konkurs Literacki im. Tadeusza Staicha na wiersz o tematyce g\u00f3rskiej AD 2021 [&hellip;]<\/p>\n","protected":false},"author":7,"featured_media":576,"comment_status":"closed","ping_status":"closed","sticky":false,"template":"","format":"standard","meta":[],"categories":[1],"tags":[],"acf":[],"_links":{"self":[{"href":"http:\/\/archiwum.festiwale.zakopane.pl\/festiwal-folkloru\/wp-json\/wp\/v2\/posts\/833"}],"collection":[{"href":"http:\/\/archiwum.festiwale.zakopane.pl\/festiwal-folkloru\/wp-json\/wp\/v2\/posts"}],"about":[{"href":"http:\/\/archiwum.festiwale.zakopane.pl\/festiwal-folkloru\/wp-json\/wp\/v2\/types\/post"}],"author":[{"embeddable":true,"href":"http:\/\/archiwum.festiwale.zakopane.pl\/festiwal-folkloru\/wp-json\/wp\/v2\/users\/7"}],"replies":[{"embeddable":true,"href":"http:\/\/archiwum.festiwale.zakopane.pl\/festiwal-folkloru\/wp-json\/wp\/v2\/comments?post=833"}],"version-history":[{"count":2,"href":"http:\/\/archiwum.festiwale.zakopane.pl\/festiwal-folkloru\/wp-json\/wp\/v2\/posts\/833\/revisions"}],"predecessor-version":[{"id":835,"href":"http:\/\/archiwum.festiwale.zakopane.pl\/festiwal-folkloru\/wp-json\/wp\/v2\/posts\/833\/revisions\/835"}],"wp:featuredmedia":[{"embeddable":true,"href":"http:\/\/archiwum.festiwale.zakopane.pl\/festiwal-folkloru\/wp-json\/wp\/v2\/media\/576"}],"wp:attachment":[{"href":"http:\/\/archiwum.festiwale.zakopane.pl\/festiwal-folkloru\/wp-json\/wp\/v2\/media?parent=833"}],"wp:term":[{"taxonomy":"category","embeddable":true,"href":"http:\/\/archiwum.festiwale.zakopane.pl\/festiwal-folkloru\/wp-json\/wp\/v2\/categories?post=833"},{"taxonomy":"post_tag","embeddable":true,"href":"http:\/\/archiwum.festiwale.zakopane.pl\/festiwal-folkloru\/wp-json\/wp\/v2\/tags?post=833"}],"curies":[{"name":"wp","href":"https:\/\/api.w.org\/{rel}","templated":true}]}}