{"id":359,"date":"2021-05-06T10:05:19","date_gmt":"2021-05-06T08:05:19","guid":{"rendered":"https:\/\/festiwale.zakopane.pl\/festiwal-folkloru\/?p=359"},"modified":"2021-05-06T10:06:51","modified_gmt":"2021-05-06T08:06:51","slug":"animacje-dla-najmlodszych","status":"publish","type":"post","link":"http:\/\/archiwum.festiwale.zakopane.pl\/festiwal-folkloru\/2021\/05\/06\/animacje-dla-najmlodszych\/","title":{"rendered":"Animacje dla najm\u0142odszych"},"content":{"rendered":"<p>Animacje b\u0119d\u0105ce zaj\u0119ciami o charakterze edukacyjnym, ruchowym, muzycznym, tanecznym i odkrywczym, to oferta kierowana do dzieci i m\u0142odzie\u017cy, kt\u00f3re mog\u0105 skorzysta\u0107 z zaj\u0119\u0107 ukierunkowanych na r\u00f3\u017cnorodne dziedziny sztuki ludowej.<\/p>\n<p>Fascynacja oraz rozbudzony w m\u0142odym obserwatorze zapa\u0142 mo\u017ce zaowocowa\u0107 sympati\u0105 i szacunkiem do kultury tradycyjnej. Efektem mo\u017ce sta\u0107 si\u0119 identyfikowanie kultury ludowej jako zjawiska pozytywnego i wartego kultywowania. Zapraszamy do udzia\u0142u w animacjach.<\/p>\n","protected":false},"excerpt":{"rendered":"<p>Animacje b\u0119d\u0105ce zaj\u0119ciami o charakterze edukacyjnym, ruchowym, muzycznym, tanecznym i odkrywczym, to oferta kierowana do [&hellip;]<\/p>\n","protected":false},"author":2,"featured_media":365,"comment_status":"closed","ping_status":"closed","sticky":false,"template":"","format":"standard","meta":[],"categories":[1],"tags":[],"acf":[],"_links":{"self":[{"href":"http:\/\/archiwum.festiwale.zakopane.pl\/festiwal-folkloru\/wp-json\/wp\/v2\/posts\/359"}],"collection":[{"href":"http:\/\/archiwum.festiwale.zakopane.pl\/festiwal-folkloru\/wp-json\/wp\/v2\/posts"}],"about":[{"href":"http:\/\/archiwum.festiwale.zakopane.pl\/festiwal-folkloru\/wp-json\/wp\/v2\/types\/post"}],"author":[{"embeddable":true,"href":"http:\/\/archiwum.festiwale.zakopane.pl\/festiwal-folkloru\/wp-json\/wp\/v2\/users\/2"}],"replies":[{"embeddable":true,"href":"http:\/\/archiwum.festiwale.zakopane.pl\/festiwal-folkloru\/wp-json\/wp\/v2\/comments?post=359"}],"version-history":[{"count":1,"href":"http:\/\/archiwum.festiwale.zakopane.pl\/festiwal-folkloru\/wp-json\/wp\/v2\/posts\/359\/revisions"}],"predecessor-version":[{"id":829,"href":"http:\/\/archiwum.festiwale.zakopane.pl\/festiwal-folkloru\/wp-json\/wp\/v2\/posts\/359\/revisions\/829"}],"wp:featuredmedia":[{"embeddable":true,"href":"http:\/\/archiwum.festiwale.zakopane.pl\/festiwal-folkloru\/wp-json\/wp\/v2\/media\/365"}],"wp:attachment":[{"href":"http:\/\/archiwum.festiwale.zakopane.pl\/festiwal-folkloru\/wp-json\/wp\/v2\/media?parent=359"}],"wp:term":[{"taxonomy":"category","embeddable":true,"href":"http:\/\/archiwum.festiwale.zakopane.pl\/festiwal-folkloru\/wp-json\/wp\/v2\/categories?post=359"},{"taxonomy":"post_tag","embeddable":true,"href":"http:\/\/archiwum.festiwale.zakopane.pl\/festiwal-folkloru\/wp-json\/wp\/v2\/tags?post=359"}],"curies":[{"name":"wp","href":"https:\/\/api.w.org\/{rel}","templated":true}]}}