{"id":2451,"date":"2021-12-07T09:20:59","date_gmt":"2021-12-07T08:20:59","guid":{"rendered":"https:\/\/festiwale.zakopane.pl\/festiwal-folkloru\/?p=2451"},"modified":"2021-12-07T09:59:47","modified_gmt":"2021-12-07T08:59:47","slug":"znamy-laureatow-konkursu-zywiol-folkloru","status":"publish","type":"post","link":"http:\/\/archiwum.festiwale.zakopane.pl\/festiwal-folkloru\/2021\/12\/07\/znamy-laureatow-konkursu-zywiol-folkloru\/","title":{"rendered":"Znamy laureat\u00f3w konkursu &#8222;\u017bywio\u0142 Folkloru&#8221;"},"content":{"rendered":"<div id=\"widget_36f736a4-4193-4eca-a6c9-c4cf85b5f44b\" class=\"widget velacms-widget-rich-content \" data-widget-id=\"63dd2c42-4ecf-420f-bfbc-cf5fc5e0dcfd\" data-widget-type=\"velacms-widget-rich-content\" data-widget-locked=\"\">\n<div class=\"widget-content\">\n<div class=\"innerHtml\">\n<p><strong>Rozstrzygni\u0119ta zosta\u0142a si\u00f3dma edycja konkursu fotograficznego \u201e\u017bywio\u0142 Folkloru\u201d zorganizowana w ramach 52. Mi\u0119dzynarodowego Festiwalu Folkloru Ziem G\u00f3rskich w Zakopanem. To niezwykle barwne i widowiskowe wydarzenie jak zawsze wzbudzi\u0142o zainteresowanie fotograf\u00f3w, zar\u00f3wno profesjonalist\u00f3w, jak i amator\u00f3w. <\/strong><\/p>\n<\/div>\n<\/div>\n<\/div>\n<div id=\"widget_7342dd12-e062-40f8-af32-c96becb587f6\" class=\"widget velacms-widget-rich-content \" data-widget-id=\"e2e4446f-fa33-41e1-a099-8b11d2e5bd87\" data-widget-type=\"velacms-widget-rich-content\" data-widget-locked=\"\">\n<div class=\"widget-content\">\n<div class=\"innerHtml\">\n<p>Jury spo\u015br\u00f3d 16 uczestnik\u00f3w, kt\u00f3rzy \u0142\u0105cznie nades\u0142ali 72 prace, wy\u0142oni\u0142o tegorocznych laureat\u00f3w. Nagrodzone fotografie b\u0119dziemy mogli obejrze\u0107 podczas plenerowej wystawy przy oczku wodnym na ul. Krup\u00f3wki w sierpniu 2022 roku podczas kolejnej edycji Festiwalu.<\/p>\n<p>Zgodnie z formu\u0142\u0105 konkursu ka\u017cdy m\u00f3g\u0142 spr\u00f3bowa\u0107 swoich si\u0142 i uchwyci\u0107 w kadrze kolorowe rozta\u0144czone zespo\u0142y oraz odda\u0107 pi\u0119kno obrz\u0119d\u00f3w i zwyczaj\u00f3w zwi\u0105zanych z pracami w polu, a tak\u017ce kulinarne bogactwo g\u00f3rali z r\u00f3\u017cnych stron \u015bwiata. Do udzia\u0142u zaproszona zosta\u0142a publiczno\u015b\u0107 oraz akredytowani przy Festiwalu dziennikarze i fotoreporterzy.<\/p>\n<p>Poni\u017cej publikujemy protok\u00f3\u0142 z wynikami konkursu:<\/p>\n<p><strong>Protok\u00f3\u0142<\/strong><\/p>\n<p>z posiedzenia Komisji Konkursu Fotograficznego \u201e\u017bywio\u0142 folkloru\u201d, kt\u00f3ry odby\u0142 si\u0119 w ramach 52. Mi\u0119dzynarodowego Festiwalu Folkloru Ziem G\u00f3rskich w Zakopanem.<\/p>\n<p>W konkursie wzi\u0119\u0142o udzia\u0142 16 uczestnik\u00f3w, kt\u00f3rzy \u0142\u0105cznie nades\u0142ali 72 prace.<\/p>\n<p>Komisja w sk\u0142adzie:<br \/>\n&#8211; Adam Brzoza, fotograf National Geographic Polska<br \/>\n&#8211; Robert Urba\u0144ski, Zakopiec.info, fotograf<br \/>\n&#8211; dr hab. Klaudia Cymanow-Sosin, Instytut Dziennikarstwa, Medi\u00f3w i Komunikacji Spo\u0142ecznej Uniwersytetu Papieskiego Jana Paw\u0142a II w Krakowie<br \/>\n&#8211; Agnieszka Nowak-G\u0105sienica, Zast\u0119pca Burmistrza Miasta Zakopane<br \/>\n&#8211; Joanna Staszak, Dyrektor 52. Mi\u0119dzynarodowego Festiwalu Folkloru Ziem G\u00f3rskich<br \/>\n&#8211; Anna Karpiel-Semberecka, Kierownik Biura Prasowego Festiwalu<\/p>\n<p>przyzna\u0142a nast\u0119puj\u0105ce nagrody i wyr\u00f3\u017cnienia:<\/p>\n<p><strong>W kat. I Akredytowani dziennikarze i fotoreporterzy<\/strong><\/p>\n<p>Nagrod\u0119 finansow\u0105 w wysoko\u015bci 3.000 z\u0142 otrzymuje:<br \/>\n&#8211; Barbara Hadowska z Ko\u015bcieliska<\/p>\n<p>Nagrod\u0119 specjaln\u0105 Polska Press otrzymuje:<br \/>\n&#8211; Waldemar Sowi\u0144ski z Krakowa (za zd\u0119cia nr 3 i 5)<\/p>\n<p>Wyr\u00f3\u017cnienia otrzymuj\u0105:<br \/>\n&#8211; Maciej Jonek z Zakopanego<br \/>\n&#8211; Tomasz Osuchowski z Zakopanego<\/p>\n<p><strong>W kat. II Publiczno\u015b\u0107 <\/strong><\/p>\n<p>Nagrody finansowe w wysoko\u015bci 1.500 z\u0142 otrzymuj\u0105 ex aequo:<br \/>\n&#8211; Daniel Franek z \u017babnicy<br \/>\n&#8211; Sylwia \u017bo\u0142\u0105dek ze Szczecina<\/p>\n<p>Nagrod\u0119 specjaln\u0105 Dyrektora 52. Mi\u0119dzynarodowego Festiwalu Folkloru otrzymuje:<br \/>\n&#8211; Magdalena St\u0119pie\u0144 z Zakopanego<\/p>\n<p>Nagrod\u0119 portalu Zakopiec.info oraz nagrod\u0119 dla najm\u0142odszego uczestnika festiwalu otrzymuje:<br \/>\n&#8211; Maria Korczak z Zakopanego<\/p>\n<p>Wyr\u00f3\u017cnienia otrzymuj\u0105:<br \/>\n&#8211; Natalia \u017bo\u0142\u0105dek ze Szczecina<br \/>\n&#8211; Barbara Pola\u0144ska z Sopotu<\/p>\n<\/div>\n<\/div>\n<div>\n<div class=\"row section\">\n<div class=\"col-md-7 col-lg-8\">\n<div class=\"article\">\n<div id=\"widget_200f62fb-d5e6-4b41-8abf-176f774c7c31\" class=\"widget velacms-widget-post \" data-widget-id=\"3cd46b06-afd7-4446-8d44-2c8009eae2c8\" data-widget-type=\"velacms-widget-post\" data-widget-locked=\"\">\n<div class=\"widget-content\">\n<div class=\"innerHtml article__content\">\n<div id=\"velacms-children-container-3cd46b06-afd7-4446-8d44-2c8009eae2c8\" class=\"clearfix velacms-children-container\">\n<div id=\"widget_7342dd12-e062-40f8-af32-c96becb587f6\" class=\"widget velacms-widget-rich-content \" data-widget-id=\"e2e4446f-fa33-41e1-a099-8b11d2e5bd87\" data-widget-type=\"velacms-widget-rich-content\" data-widget-locked=\"\">\n<div class=\"widget-content\">\n<div class=\"innerHtml\">\n<p><strong>Barbara Hadowska, nagroda, kat. I<br \/>\n<\/strong><\/p>\n<p><img loading=\"lazy\" src=\"https:\/\/www.zakopane.pl\/media\/download\/324bc45b-4df7-4493-8ca2-ed657f1e1272\" width=\"719\" height=\"414\" \/><\/p>\n<p><strong>Waldemar Sowi\u0144ski, nagroda Polska Press, kat. I<\/strong><\/p>\n<p><img loading=\"lazy\" src=\"https:\/\/www.zakopane.pl\/media\/download\/4dd9c063-3360-4584-a691-ebc2bb59db66\" width=\"713\" height=\"264\" \/><\/p>\n<p><strong>Maciej Jonek, wyr\u00f3\u017cnienie, kat. I<br \/>\n<\/strong><\/p>\n<p><img loading=\"lazy\" src=\"https:\/\/www.zakopane.pl\/media\/download\/30727f15-4484-436c-8279-7d148b7dd6ce\" width=\"721\" height=\"414\" \/><\/p>\n<p>&nbsp;<\/p>\n<p><strong>Tomasz Osuchowski, wyr\u00f3\u017cnienie, kat. I<br \/>\n<\/strong><\/p>\n<p><img loading=\"lazy\" src=\"https:\/\/www.zakopane.pl\/media\/download\/b1ff4043-67bb-46c1-8d63-19cbb0a6ab19\" width=\"713\" height=\"413\" \/><\/p>\n<p><strong>Daniel Franek, nagroda, kat. II<\/strong><\/p>\n<p><img loading=\"lazy\" src=\"https:\/\/www.zakopane.pl\/media\/download\/82fa33be-b3f7-4791-8b5c-fb45e51c3186\" width=\"722\" height=\"416\" \/><\/p>\n<p><strong>Sylwia \u017bo\u0142\u0105dek, nagroda, kat. II<br \/>\n<\/strong><\/p>\n<p><img loading=\"lazy\" src=\"https:\/\/www.zakopane.pl\/media\/download\/1bf22121-e336-4c1c-b7de-e0d95fd9cb55\" width=\"718\" height=\"412\" \/><\/p>\n<p><strong>Magdalena St\u0119pie\u0144, nagroda Dyrektora 52.MFFZG<\/strong><\/p>\n<p><img loading=\"lazy\" src=\"https:\/\/www.zakopane.pl\/media\/download\/38124d45-e181-4e4e-8dbe-f0f604d42502\" width=\"723\" height=\"259\" \/><\/p>\n<p><strong>Maria Korczak, nagroda portalu Zakopiec.info oraz nagroda dla najm\u0142odszego uczestnika<\/strong><\/p>\n<p><img loading=\"lazy\" src=\"https:\/\/www.zakopane.pl\/media\/download\/50c1a0fe-2710-428b-847d-1a72aec4e04e\" width=\"720\" height=\"267\" \/><\/p>\n<p><strong>Natalia \u017bo\u0142\u0105dek, wyr\u00f3\u017cnienie, kat. II<br \/>\n<\/strong><\/p>\n<p><img loading=\"lazy\" src=\"https:\/\/www.zakopane.pl\/media\/download\/a0040fd8-5c5a-441d-9c25-d8229c49ec96\" width=\"716\" height=\"413\" \/><\/p>\n<p>&nbsp;<\/p>\n<p><strong>Barbara Pola\u0144ska, wyr\u00f3\u017cnienie, kat. II<br \/>\n<\/strong><\/p>\n<p><img loading=\"lazy\" src=\"https:\/\/www.zakopane.pl\/media\/download\/be5103d8-9205-4931-8c88-38548cda678d\" width=\"723\" height=\"417\" \/><\/p>\n<p>Dzi\u0119kujemy Jurorom, Patronom Medialnym Konkursu &#8222;\u017bywio\u0142 Folkloru&#8221;, kt\u00f3rymi s\u0105 Polska Press Grupa, Tygodnik Podhala\u0144ski oraz Zakopiec.info, a tak\u017ce Partnerowi Uniwersytetowi Papieskiemu Jana Paw\u0142a II w Krakowie.<\/p>\n<p><img loading=\"lazy\" src=\"https:\/\/www.zakopane.pl\/media\/download\/8cf1f2a3-0d5d-4832-a546-103cc9f1d77d\" width=\"486\" height=\"330\" \/><\/p>\n<p>(AKS)<\/p>\n<\/div>\n<\/div>\n<\/div>\n<\/div>\n<\/div>\n<\/div>\n<\/div>\n<\/div>\n<\/div>\n<\/div>\n<div class=\"row section\">\n<div class=\"col-md-12\"><\/div>\n<\/div>\n<\/div>\n<\/div>\n","protected":false},"excerpt":{"rendered":"<p>Rozstrzygni\u0119ta zosta\u0142a si\u00f3dma edycja konkursu fotograficznego \u201e\u017bywio\u0142 Folkloru\u201d zorganizowana w ramach 52. Mi\u0119dzynarodowego Festiwalu Folkloru [&hellip;]<\/p>\n","protected":false},"author":9,"featured_media":2452,"comment_status":"closed","ping_status":"closed","sticky":false,"template":"","format":"standard","meta":[],"categories":[1],"tags":[],"acf":[],"_links":{"self":[{"href":"http:\/\/archiwum.festiwale.zakopane.pl\/festiwal-folkloru\/wp-json\/wp\/v2\/posts\/2451"}],"collection":[{"href":"http:\/\/archiwum.festiwale.zakopane.pl\/festiwal-folkloru\/wp-json\/wp\/v2\/posts"}],"about":[{"href":"http:\/\/archiwum.festiwale.zakopane.pl\/festiwal-folkloru\/wp-json\/wp\/v2\/types\/post"}],"author":[{"embeddable":true,"href":"http:\/\/archiwum.festiwale.zakopane.pl\/festiwal-folkloru\/wp-json\/wp\/v2\/users\/9"}],"replies":[{"embeddable":true,"href":"http:\/\/archiwum.festiwale.zakopane.pl\/festiwal-folkloru\/wp-json\/wp\/v2\/comments?post=2451"}],"version-history":[{"count":4,"href":"http:\/\/archiwum.festiwale.zakopane.pl\/festiwal-folkloru\/wp-json\/wp\/v2\/posts\/2451\/revisions"}],"predecessor-version":[{"id":2456,"href":"http:\/\/archiwum.festiwale.zakopane.pl\/festiwal-folkloru\/wp-json\/wp\/v2\/posts\/2451\/revisions\/2456"}],"wp:featuredmedia":[{"embeddable":true,"href":"http:\/\/archiwum.festiwale.zakopane.pl\/festiwal-folkloru\/wp-json\/wp\/v2\/media\/2452"}],"wp:attachment":[{"href":"http:\/\/archiwum.festiwale.zakopane.pl\/festiwal-folkloru\/wp-json\/wp\/v2\/media?parent=2451"}],"wp:term":[{"taxonomy":"category","embeddable":true,"href":"http:\/\/archiwum.festiwale.zakopane.pl\/festiwal-folkloru\/wp-json\/wp\/v2\/categories?post=2451"},{"taxonomy":"post_tag","embeddable":true,"href":"http:\/\/archiwum.festiwale.zakopane.pl\/festiwal-folkloru\/wp-json\/wp\/v2\/tags?post=2451"}],"curies":[{"name":"wp","href":"https:\/\/api.w.org\/{rel}","templated":true}]}}