{"id":2152,"date":"2021-08-20T13:09:15","date_gmt":"2021-08-20T11:09:15","guid":{"rendered":"https:\/\/festiwale.zakopane.pl\/festiwal-folkloru\/?p=2152"},"modified":"2021-09-30T13:53:06","modified_gmt":"2021-09-30T11:53:06","slug":"konferencja-prasowa-festiwalu","status":"publish","type":"post","link":"http:\/\/archiwum.festiwale.zakopane.pl\/festiwal-folkloru\/2021\/08\/20\/konferencja-prasowa-festiwalu\/","title":{"rendered":"Znamy wyniki festiwalowych zmaga\u0144"},"content":{"rendered":"<p>W pi\u0105tkowe przedpo\u0142udnie w ogrodzie Centrum Kultury Rodzimej willa Czerwony Dw\u00f3r odby\u0142a si\u0119 konferencja prasowa, na kt\u00f3rej przewodnicz\u0105ca Jury Festiwalu dr Bo\u017cena Lewandowska og\u0142osi\u0142a wyniki konkursowych zmaga\u0144.<\/p>\n<p>W konferencji wzi\u0119\u0142a udzia\u0142 Zast\u0119pca Burmistrza Miasta Zakopane Agnieszka Nowak-G\u0105sienica, kt\u00f3ra z\u0142o\u017cy\u0142a na r\u0119ce Dyrektor Festiwalu Joanny Staszak podzi\u0119kowania dla\u00a0 wszystkich os\u00f3b zaanga\u017cowanych w organizacj\u0119 wydarzenia. By\u0142 to tak\u017ce czas na podsumowanie i podzi\u0119kowanie wszystkim partnerom i patronom medialnym, kt\u00f3re w imieniu organizator\u00f3w przekaza\u0142a Dyrektor Zakopia\u0144skiego Centrum Kultury Beata Majcher.<\/p>\n<p><em>&#8211; Dzi\u0119kuj\u0119, \u017ce byli\u015bcie z nami. To by\u0142 wyj\u0105tkowy tydzie\u0144 &#8211; radosny, kolorowy, pe\u0142en \u015bpiewu i ta\u0144ca. Chcia\u0142abym, \u017ceby ca\u0142e nasze \u017cycie tak wygl\u0105da\u0142o. Bardzo dzi\u0119kuj\u0119 za te wyj\u0105tkowe wsp\u00f3lne chwile i zapraszam ponownie do Zakopanego\u00a0 <\/em>&#8211; powiedzia\u0142a wiceburmistrz.<\/p>\n<p><em>&#8211; Pracowali\u015bmy bardzo ci\u0119\u017cko, ale by\u0142a to dla nas ogromna przyjemno\u015b\u0107. Szczeg\u00f3lnie dzi\u0119kuj\u0119 ca\u0142emu jury, kt\u00f3re musia\u0142o podj\u0105\u0107 ten trud i wyda\u0107 werdykt, a przecie\u017c wszystkie zespo\u0142y przepi\u0119knie zaprezentowa\u0142y si\u0119 na naszym Festiwalu<\/em> &#8211; do\u0142\u0105czy\u0142a si\u0119 do podzi\u0119kowa\u0144 Dyrektor Joanna Staszak.<\/p>\n<p>Wszyscy zgromadzeni, zar\u00f3wno dziennikarze, jaki i przedstawiciele zespo\u0142\u00f3w, najbardziej oczekiwali na moment og\u0142oszenia wynik\u00f3w. W 52. Mi\u0119dzynarodowym Festiwalu Folkloru Ziem G\u00f3rskich udzia\u0142 wzi\u0119\u0142o 12 zespo\u0142\u00f3w, w tym 8 zagranicznych i 4\u00a0 polskie.<\/p>\n<p>Przewodnicz\u0105ca dr Bo\u017cena Lewandowska poinformowa\u0142a, \u017ce po wnikliwej analizie prezentowanych program\u00f3w Jury postanowi\u0142o przyzna\u0107 nast\u0119puj\u0105ce nagrody i wyr\u00f3\u017cnienia:<\/p>\n<p><strong>\u00a0<\/strong><\/p>\n<h4>Z\u0141OTE CIUPAGI:<\/h4>\n<p>Wraz z nagrod\u0105 pieni\u0119\u017cn\u0105 w wysoko\u015bci 8.000PLN<\/p>\n<p><u>KATEGORIA I:<\/u><\/p>\n<p><strong>Zesp\u00f3\u0142 Regionalny \u201eIstebna\u201d z Istebnej <\/strong>(Polska)<\/p>\n<p><u>KATEGORIA II:<\/u><\/p>\n<p><strong>Zesp\u00f3\u0142 \u201eCununa Apusenilor\u201d<\/strong> (Rumunia)<\/p>\n<p><u>KATEGORIA III:<\/u><\/p>\n<p><strong>Zesp\u00f3\u0142 \u201e<\/strong><strong>Prnjavor\u201d <\/strong>(Serbia)<\/p>\n<p><strong>\u00a0<\/strong><\/p>\n<h4><\/h4>\n<h4>SREBRNE CIUPAGI:<\/h4>\n<p><u>KATEGORIA I:<\/u><\/p>\n<p><strong>Zesp\u00f3\u0142 \u201eD<\/strong><strong>yado Dragoi\u201d <\/strong>(Bu\u0142garia)<\/p>\n<p><u>KATEGORIA II:<\/u><\/p>\n<p><strong>Regionalny Zesp\u00f3\u0142 Pie\u015bni i Ta\u0144ca \u201eLachy\u201d z Nowego S\u0105cza <\/strong>(Polska)<\/p>\n<p><u>KATEGORIA III:<\/u><\/p>\n<p><strong>Anatolian Folklor Foundation <\/strong>(Turcja)<\/p>\n<p>&nbsp;<\/p>\n<h4><strong>BR\u0104ZOWE CIUPAGI:<\/strong><\/h4>\n<p><strong>\u00a0<\/strong><u>KATEGORIA I:<\/u><\/p>\n<p><strong>Zesp\u00f3\u0142 Regionalny im. Jana J\u0119drola \u201eRegle\u201d z Poronina <\/strong>(Polska)<\/p>\n<p>oraz<\/p>\n<p><strong>Zesp\u00f3\u0142 Regionalny \u201eZbyrcok\u201d z Juszczyna <\/strong>(Polska)<\/p>\n<p><u>KATEGORIA II:<\/u><\/p>\n<p><strong>Zesp\u00f3\u0142 \u201eKoco Racin\u201d<\/strong>(Republika Macedonii P\u00f3\u0142nocnej)<\/p>\n<p><strong>\u00a0<\/strong><u>KATEGORIA III:<\/u><\/p>\n<p><strong>Nie przyznano<\/strong><\/p>\n<p><strong>\u00a0<\/strong><\/p>\n<p><strong>WYR\u00d3\u017bNIENIA REGULAMINOWE W POSTACI PARZENICY G\u00d3RALSKIEJ<\/strong><\/p>\n<p>Jury przyzna\u0142o:<\/p>\n<p>Zespo\u0142owi <strong>Piva <\/strong>z Czarnog\u00f3ry<\/p>\n<p>&#8211; za kunsztowne przedstawienie archaicznych form tradycji i kultury s\u0142owno-muzycznej.<\/p>\n<p>Zespo\u0142owi <strong>Tysmenychanka <\/strong>z Ukrainy<\/p>\n<p>&#8211; za \u017cywio\u0142ow\u0105 prezentacj\u0119 folkloru tanecznego i bogate stroje.<\/p>\n<p>Zespo\u0142owi <strong>Triscele <\/strong>z W\u0142och<\/p>\n<p>&#8211; za naturaln\u0105 ekspresj\u0119 i spontaniczno\u015b\u0107 w zakresie muzyki i ta\u0144ca.<\/p>\n<p><strong>\u00a0<\/strong>Jury przyzna\u0142o r\u00f3wnie\u017c honorow\u0105 <strong>nagrod\u0119 im. Jeana Roche\u2019a<\/strong> zespo\u0142owi <strong>Piva <\/strong>z Czarnog\u00f3ry, za wierne odtworzenie obrz\u0119d\u00f3w, ich mistycznego znaczenia oraz archaiczny \u015bpiew.<\/p>\n<p>&nbsp;<\/p>\n<p>Ponadto Jury przyzna\u0142o <strong>nagrod\u0119 im. Prof. Romana Reinfussa<\/strong>, kt\u00f3rej inicjatorem jest Ma\u0142opolskie Centrum Kultury SOK\u00d3\u0141 w Nowym S\u0105czu, w postaci statuetki <strong>\u017bELAZNEGO KOHUTA<\/strong> oraz nagrody pieni\u0119\u017cnej w wysoko\u015bci 3000 z\u0142, dedykowanej zespo\u0142owi polskiemu, wyst\u0119puj\u0105cemu w kategorii I, za autentyzm i wierno\u015b\u0107 tradycji, oraz prezentacj\u0119 obrz\u0119d\u00f3w i zwyczaj\u00f3w w formie autentycznej. Nagroda trafia w tym roku do zespo\u0142u <strong>\u201eRegle\u201d<\/strong> z Poronina.<\/p>\n<p>&nbsp;<\/p>\n<p>Po raz pierwszy w tym roku przyznana zosta\u0142a r\u00f3wnie\u017c nagroda w wysoko\u015bci 6000 z\u0142, ufundowana przez <strong>Narodowy Instytut Kultury i Dziedzictwa Wsi<\/strong>, kt\u00f3ra adresowana jest do polskiego zespo\u0142u i przyznawana za wierno\u015b\u0107 tradycji i jej mi\u0119dzypokoleniowy przekaz. Nagroda trafia do zespo\u0142u <strong>\u201eZbyrcok\u201d <\/strong>z Juszczyna, kt\u00f3ry w przygotowanym programie prezentowa\u0142 si\u0119 w wielopokoleniowym, rodzinnym sk\u0142adzie.<\/p>\n<p><em>&#8211; Gratulujemy wyst\u0119p\u00f3w wszystkim zespo\u0142om i dzi\u0119kujemy za wzruszenia, kt\u00f3rymi nas obdarzy\u0142y poprzez sw\u00f3j taniec i \u015bpiew. Jeste\u015bmy pe\u0142ni podziwu i uznania dla zespo\u0142\u00f3w za to, \u017ce mimo tak trudnej sytuacji pandemicznej, przygotowane zosta\u0142y pi\u0119kne programy, za to, \u017ce podj\u0119\u0142y wysi\u0142ek i pokona\u0142y wiele trudno\u015bci, by do nas przyjecha\u0107 i pokaza\u0107 si\u0119 na scenie przed zakopia\u0144sk\u0105 publiczno\u015bci\u0105.<\/em><\/p>\n<p><em>Jak zawsze na ko\u0144cu festiwalu przychodzi moment na kr\u00f3tk\u0105 refleksj\u0119. Dostrzegamy zmian\u0119 pokoleniow\u0105 w zespo\u0142ach. Coraz mniej jest starszych wykonawc\u00f3w, tak\u017ce takich, kt\u00f3rzy wiedz\u0119 o otaczaj\u0105cej rzeczywisto\u015bci nabywali poprzez uczestnictwo w tradycyjnej kulturze \u2013 kulturze, w kt\u00f3rej si\u0119 wychowali i \u017cyli. Zast\u0119puj\u0105 ich, i taka jest kolej rzeczy, ludzie m\u0142odzi, kt\u00f3rym najwyra\u017aniej bliskie s\u0105 dawne tradycje i warto\u015bci, podobnie jak towarzysz\u0105cej wydarzeniom festiwalowym zakopia\u0144skiej publiczno\u015bci. To napawa optymizmem.<\/em><\/p>\n<p><em>Jeste\u015bmy wdzi\u0119czni w\u0142adzom Zakopanego za odwa\u017cn\u0105 decyzj\u0119 organizacji w czasach pandemii tak ogromnego przedsi\u0119wzi\u0119cia, jakim jest Festiwal, i d\u0105\u017cno\u015b\u0107 do zagwarantowania w tych warunkach bezpiecze\u0144stwa wszystkim uczestnikom. Dzi\u0119kujemy wszystkim pracownikom, bez wysi\u0142ku kt\u00f3rych Festiwal nie m\u00f3g\u0142by si\u0119 odby\u0107. Mam nadziej\u0119, \u017ce za rok zn\u00f3w spotkamy si\u0119 w tym pi\u0119knym miejscu pod Giewontem, w poczuciu, \u017ce stanowimy jedn\u0105, wielk\u0105, g\u00f3ralsk\u0105 rodzin\u0119, kt\u00f3rej bliskie s\u0105 takie warto\u015bci jak przyja\u017a\u0144, tolerancja i szacunek dla r\u00f3\u017cnorodno\u015bci &#8211; <\/em>podkre\u015bli\u0142o w protokole Jury.<em><br \/>\n<\/em><\/p>\n<p>Jury pracowa\u0142o w sk\u0142adzie:<\/p>\n<p>Przewodnicz\u0105ca<\/p>\n<p>dr Bo\u017cena Lewandowska\u00a0 (Polska)<\/p>\n<p>Cz\u0142onkowie:<\/p>\n<p>mgr Mikl\u00f3s Braun (W\u0119gry)<\/p>\n<p>mgr Jozef\u00a0 Buri\u0107\u00a0 (S\u0142owacja)<\/p>\n<p>mgr El\u017cbieta Chodurska (Polska)<\/p>\n<p>dr Marius Ursu\u00a0 (Rumunia)<\/p>\n<p>dr Evgenia Grancharova\u00a0 (Bu\u0142garia)<\/p>\n<p>doc.\u00a0 B\u00fclent Kurti\u015fo\u011flu\u00a0 (Turcja)<\/p>\n<p>mgr Didier Bernard (Francja)<\/p>\n<p>mgr Juan Luis Unzurrunzaga ( Hiszpania)<\/p>\n<p>mgr Halina Maciata Lasak ( Polska)<\/p>\n<p>Sekretarz\u00a0 Jury Ewa Piszczek<\/p>\n<p><strong>Ciupagi ufundowane zosta\u0142y przez MINISTRA KULTURY, DZIEDZICTWA NARODOWEGO I SPORTU.<\/strong><\/p>\n<div id='gallery-1' class='gallery galleryid-2152 gallery-columns-3 gallery-size-thumbnail'><figure class='gallery-item'>\n\t\t\t<div class='gallery-icon landscape'>\n\t\t\t\t<a href='http:\/\/archiwum.festiwale.zakopane.pl\/festiwal-folkloru\/2021\/08\/20\/konferencja-prasowa-festiwalu\/wirnfsig\/'><img width=\"150\" height=\"150\" src=\"http:\/\/archiwum.festiwale.zakopane.pl\/festiwal-folkloru\/wp-content\/uploads\/sites\/13\/2021\/08\/wiRnfsig-150x150.jpeg\" class=\"attachment-thumbnail size-thumbnail\" alt=\"\" loading=\"lazy\" \/><\/a>\n\t\t\t<\/div><\/figure><figure class='gallery-item'>\n\t\t\t<div class='gallery-icon landscape'>\n\t\t\t\t<a href='http:\/\/archiwum.festiwale.zakopane.pl\/festiwal-folkloru\/2021\/08\/20\/konferencja-prasowa-festiwalu\/zwhlgz8q\/'><img width=\"150\" height=\"150\" src=\"http:\/\/archiwum.festiwale.zakopane.pl\/festiwal-folkloru\/wp-content\/uploads\/sites\/13\/2021\/08\/ZwHLgZ8Q-150x150.jpeg\" class=\"attachment-thumbnail size-thumbnail\" alt=\"\" loading=\"lazy\" \/><\/a>\n\t\t\t<\/div><\/figure><figure class='gallery-item'>\n\t\t\t<div class='gallery-icon landscape'>\n\t\t\t\t<a href='http:\/\/archiwum.festiwale.zakopane.pl\/festiwal-folkloru\/2021\/08\/20\/konferencja-prasowa-festiwalu\/al-8xvda\/'><img width=\"150\" height=\"150\" src=\"http:\/\/archiwum.festiwale.zakopane.pl\/festiwal-folkloru\/wp-content\/uploads\/sites\/13\/2021\/08\/Al-8xvDA-150x150.jpeg\" class=\"attachment-thumbnail size-thumbnail\" alt=\"\" loading=\"lazy\" \/><\/a>\n\t\t\t<\/div><\/figure><figure class='gallery-item'>\n\t\t\t<div class='gallery-icon landscape'>\n\t\t\t\t<a href='http:\/\/archiwum.festiwale.zakopane.pl\/festiwal-folkloru\/2021\/08\/20\/konferencja-prasowa-festiwalu\/0wdhr5nq\/'><img width=\"150\" height=\"150\" src=\"http:\/\/archiwum.festiwale.zakopane.pl\/festiwal-folkloru\/wp-content\/uploads\/sites\/13\/2021\/08\/0WDhr5nQ-150x150.jpeg\" class=\"attachment-thumbnail size-thumbnail\" alt=\"\" loading=\"lazy\" \/><\/a>\n\t\t\t<\/div><\/figure><figure class='gallery-item'>\n\t\t\t<div class='gallery-icon landscape'>\n\t\t\t\t<a href='http:\/\/archiwum.festiwale.zakopane.pl\/festiwal-folkloru\/2021\/08\/20\/konferencja-prasowa-festiwalu\/dbv3ditg\/'><img width=\"150\" height=\"150\" src=\"http:\/\/archiwum.festiwale.zakopane.pl\/festiwal-folkloru\/wp-content\/uploads\/sites\/13\/2021\/08\/DBv3Ditg-150x150.jpeg\" class=\"attachment-thumbnail size-thumbnail\" alt=\"\" loading=\"lazy\" \/><\/a>\n\t\t\t<\/div><\/figure><figure class='gallery-item'>\n\t\t\t<div class='gallery-icon landscape'>\n\t\t\t\t<a href='http:\/\/archiwum.festiwale.zakopane.pl\/festiwal-folkloru\/2021\/08\/20\/konferencja-prasowa-festiwalu\/izgvuonw\/'><img width=\"150\" height=\"150\" src=\"http:\/\/archiwum.festiwale.zakopane.pl\/festiwal-folkloru\/wp-content\/uploads\/sites\/13\/2021\/08\/iZgVUOnw-150x150.jpeg\" class=\"attachment-thumbnail size-thumbnail\" alt=\"\" loading=\"lazy\" \/><\/a>\n\t\t\t<\/div><\/figure><figure class='gallery-item'>\n\t\t\t<div class='gallery-icon landscape'>\n\t\t\t\t<a href='http:\/\/archiwum.festiwale.zakopane.pl\/festiwal-folkloru\/2021\/08\/20\/konferencja-prasowa-festiwalu\/knyupvfa\/'><img width=\"150\" height=\"150\" src=\"http:\/\/archiwum.festiwale.zakopane.pl\/festiwal-folkloru\/wp-content\/uploads\/sites\/13\/2021\/08\/KNyuPVFA-150x150.jpeg\" class=\"attachment-thumbnail size-thumbnail\" alt=\"\" loading=\"lazy\" \/><\/a>\n\t\t\t<\/div><\/figure><figure class='gallery-item'>\n\t\t\t<div class='gallery-icon landscape'>\n\t\t\t\t<a href='http:\/\/archiwum.festiwale.zakopane.pl\/festiwal-folkloru\/2021\/08\/20\/konferencja-prasowa-festiwalu\/wwq_dcya\/'><img width=\"150\" height=\"150\" src=\"http:\/\/archiwum.festiwale.zakopane.pl\/festiwal-folkloru\/wp-content\/uploads\/sites\/13\/2021\/08\/wwQ_dCyA-150x150.jpeg\" class=\"attachment-thumbnail size-thumbnail\" alt=\"\" loading=\"lazy\" \/><\/a>\n\t\t\t<\/div><\/figure><figure class='gallery-item'>\n\t\t\t<div class='gallery-icon landscape'>\n\t\t\t\t<a href='http:\/\/archiwum.festiwale.zakopane.pl\/festiwal-folkloru\/2021\/08\/20\/konferencja-prasowa-festiwalu\/ieibyptw\/'><img width=\"150\" height=\"150\" src=\"http:\/\/archiwum.festiwale.zakopane.pl\/festiwal-folkloru\/wp-content\/uploads\/sites\/13\/2021\/08\/iEiBYptw-150x150.jpeg\" class=\"attachment-thumbnail size-thumbnail\" alt=\"\" loading=\"lazy\" \/><\/a>\n\t\t\t<\/div><\/figure>\n\t\t<\/div>\n\n","protected":false},"excerpt":{"rendered":"<p>W pi\u0105tkowe przedpo\u0142udnie w ogrodzie Centrum Kultury Rodzimej willa Czerwony Dw\u00f3r odby\u0142a si\u0119 konferencja prasowa, [&hellip;]<\/p>\n","protected":false},"author":5,"featured_media":2220,"comment_status":"closed","ping_status":"closed","sticky":false,"template":"","format":"standard","meta":[],"categories":[1],"tags":[],"acf":[],"_links":{"self":[{"href":"http:\/\/archiwum.festiwale.zakopane.pl\/festiwal-folkloru\/wp-json\/wp\/v2\/posts\/2152"}],"collection":[{"href":"http:\/\/archiwum.festiwale.zakopane.pl\/festiwal-folkloru\/wp-json\/wp\/v2\/posts"}],"about":[{"href":"http:\/\/archiwum.festiwale.zakopane.pl\/festiwal-folkloru\/wp-json\/wp\/v2\/types\/post"}],"author":[{"embeddable":true,"href":"http:\/\/archiwum.festiwale.zakopane.pl\/festiwal-folkloru\/wp-json\/wp\/v2\/users\/5"}],"replies":[{"embeddable":true,"href":"http:\/\/archiwum.festiwale.zakopane.pl\/festiwal-folkloru\/wp-json\/wp\/v2\/comments?post=2152"}],"version-history":[{"count":22,"href":"http:\/\/archiwum.festiwale.zakopane.pl\/festiwal-folkloru\/wp-json\/wp\/v2\/posts\/2152\/revisions"}],"predecessor-version":[{"id":2448,"href":"http:\/\/archiwum.festiwale.zakopane.pl\/festiwal-folkloru\/wp-json\/wp\/v2\/posts\/2152\/revisions\/2448"}],"wp:featuredmedia":[{"embeddable":true,"href":"http:\/\/archiwum.festiwale.zakopane.pl\/festiwal-folkloru\/wp-json\/wp\/v2\/media\/2220"}],"wp:attachment":[{"href":"http:\/\/archiwum.festiwale.zakopane.pl\/festiwal-folkloru\/wp-json\/wp\/v2\/media?parent=2152"}],"wp:term":[{"taxonomy":"category","embeddable":true,"href":"http:\/\/archiwum.festiwale.zakopane.pl\/festiwal-folkloru\/wp-json\/wp\/v2\/categories?post=2152"},{"taxonomy":"post_tag","embeddable":true,"href":"http:\/\/archiwum.festiwale.zakopane.pl\/festiwal-folkloru\/wp-json\/wp\/v2\/tags?post=2152"}],"curies":[{"name":"wp","href":"https:\/\/api.w.org\/{rel}","templated":true}]}}