{"id":2086,"date":"2021-08-19T15:42:28","date_gmt":"2021-08-19T13:42:28","guid":{"rendered":"https:\/\/festiwale.zakopane.pl\/festiwal-folkloru\/?p=2086"},"modified":"2021-08-19T16:01:12","modified_gmt":"2021-08-19T14:01:12","slug":"znamy-zwyciezcow-miedzynarodowego-konkursu-kapel-instrumentalistow-i-spiewakow-ludowych-im-wladyslawa-trebuni-tutki","status":"publish","type":"post","link":"http:\/\/archiwum.festiwale.zakopane.pl\/festiwal-folkloru\/2021\/08\/19\/znamy-zwyciezcow-miedzynarodowego-konkursu-kapel-instrumentalistow-i-spiewakow-ludowych-im-wladyslawa-trebuni-tutki\/","title":{"rendered":"Znamy zwyci\u0119zc\u00f3w Mi\u0119dzynarodowego Konkursu Kapel, Instrumentalist\u00f3w i \u015apiewak\u00f3w Ludowych im. W\u0142adys\u0142awa Trebuni-Tutki"},"content":{"rendered":"<p><span style=\"font-weight: 400\">W czwartek, r\u00f3wno w po\u0142udnie, na G\u00f3rnej R\u00f3wni Krupowej og\u0142oszono wyniki Mi\u0119dzynarodowego Konkursu Kapel, Instrumentalist\u00f3w i \u015apiewak\u00f3w Ludowych im. W\u0142adys\u0142awa Trebuni-Tutki. Laureatom nagrody wr\u0119czy\u0142a Zast\u0119pca Burmistrza Miasta Zakopane Agnieszka Nowak-G\u0105sienica, Dyrektor Festiwalu Joanna Staszak oraz cz\u0142onkowie Jury. Na zako\u0144czenie nagrodzeni wyst\u0105pili w \u201cKoncercie Laureat\u00f3w\u201d. Poni\u017cej szczeg\u00f3\u0142owe wyniki.<\/span><\/p>\n<p><span style=\"font-weight: 400\">Jury przeprowadzi\u0142o dyskusj\u0119 i dokona\u0142o oceny prezentacji, bior\u0105c pod uwag\u0119 warto\u015bci etnograficzne, wykonawcze i artystyczne, przyzna\u0142o nast\u0119puj\u0105ce nagrody regulaminowe <\/span><span style=\"font-weight: 400\">w postaci:\u00a0\u00a0\u00a0<\/span><\/p>\n<p><span style=\"font-weight: 400\">\u00a0<\/span><b>ZBYRKADE\u0141: <\/b><span style=\"font-weight: 400\">\u00a0<\/span><\/p>\n<p><strong>\u00a01. <\/strong><b>w kategorii Ludowych Zespo\u0142\u00f3w Instrumentalnych (kapel):<\/b><span style=\"font-weight: 400\"><br \/>\n<\/span><span style=\"font-weight: 400\">\u00a0 \u00a0 \u00a0 &#8211; Zbyrkad\u0142o za I miejsce &#8211; Kapela \u201eIstebna\u201d (Polska)<br \/>\n<\/span><span style=\"font-weight: 400\">\u00a0 \u00a0 \u00a0 &#8211; Zbyrkad\u0142o za II miejsce &#8211; Kapela \u201euOstomili\u201d (Polska)<br \/>\n<\/span><span style=\"font-weight: 400\">\u00a0 \u00a0 \u00a0 &#8211; Dwa Zbyrkad\u0142a za III miejsce \u2013 Muzyka Zespo\u0142u \u201eBia\u0142odunajcanie\u201d (Polska) <\/span><span style=\"font-weight: 400\">oraz Trio \u201eDyado Dragoi\u201d (Bu\u0142garia)\u00a0\u00a0<\/span><\/p>\n<p><strong>\u00a02. <\/strong><b>w kategorii Instrumentalist\u00f3w Ludowych:<br \/>\n<\/b><span style=\"font-weight: 400\">\u00a0 \u00a0 \u00a0&#8211; Zbyrkad\u0142o za I miejsce &#8211; Samuel Guzik (Polska),<br \/>\n<\/span><span style=\"font-weight: 400\">\u00a0 \u00a0 \u00a0&#8211; Zbyrkad\u0142o za II miejsce &#8211; Paolo Todaro (W\u0142ochy)<br \/>\n<\/span><span style=\"font-weight: 400\">\u00a0 \u00a0 \u00a0&#8211; Zbyrkad\u0142o za III miejsce &#8211; nie przyznano,\u00a0<\/span><\/p>\n<p><span style=\"font-weight: 400\">\u00a0<\/span><b>3. w kategorii \u015apiewak\u00f3w Ludowych:<\/b><span style=\"font-weight: 400\"><br \/>\n<\/span><span style=\"font-weight: 400\">\u00a0 \u00a0 &#8211; Zbyrkad\u0142o za I miejsce \u2013 Radovan Suknovi\u0107 (Czarnog\u00f3ra)<br \/>\n<\/span><span style=\"font-weight: 400\">\u00a0 \u00a0 &#8211; Zbyrkad\u0142o za II miejsce \u2013 Angela Bogdanovska (Macedonia)<br \/>\n<\/span><span style=\"font-weight: 400\">\u00a0 \u00a0 &#8211; Zbyrkad\u0142o za III miejsce \u2013 Anna Legierska (Polska)\u00a0<\/span><\/p>\n<p><b>4. w kategorii Grup \u015apiewaczych:<br \/>\n<\/b>&#8211; Zbyrkad\u0142o za I miejsce \u2013 \u201eM\u0142ode stare baby\u201d z Jurgowa (Polska)<br \/>\n&#8211; Zbyrkad\u0142o za II miejsce &#8211; \u201ePiva\u201d Plu\u017eine (Czarnog\u00f3ra)<br \/>\n&#8211; Zbyrkad\u0142o za III miejsce &#8211; \u201d Istebnianki\u201e \u017ce\u0144ska grupa \u015bpiewacza z Istebnej (Polska)<\/p>\n<p><span style=\"font-weight: 400\">\u00a0\u00a0<\/span><b>Nagrod\u0119 specjaln\u0105 \u201eSaba\u0142owe g\u0119\u015ble\u201d<\/b><span style=\"font-weight: 400\"> dla najlepszego instrumentalisty za wierno\u015b\u0107 tradycji w zakresie stylu gry, instrumentarium i prezentowanego repertuaru otrzyma\u0142: <\/span><b>Ivalin<\/b> <b>Ivalinov (Bu\u0142garia).<\/b><span style=\"font-weight: 400\"><br \/>\n<\/span><\/p>\n<p><span style=\"font-weight: 400\">\u00a0<\/span><span style=\"font-weight: 400\">Ponadto Jury przyzna\u0142o nast\u0119puj\u0105ce Wyr\u00f3\u017cnienia:\u00a0\u00a0<\/span><\/p>\n<ul>\n<li style=\"font-weight: 400\"><span style=\"font-weight: 400\"><strong>Anna \u0141upie\u017cowiec (Polska)<\/strong>\u2013 za stylowe wykonanie pie\u015bni z Beskidu \u015al\u0105skiego\u00a0<\/span><\/li>\n<li style=\"font-weight: 400\"><span style=\"font-weight: 400\"><strong>Ensamble Koco Racin (Macedonia P\u00f3\u0142nocna)<\/strong> \u2013 za tradycyjny styl wykonawczy\u00a0<\/span><\/li>\n<li style=\"font-weight: 400\"><span style=\"font-weight: 400\"><strong>Antoni Gluza (Polska)<\/strong> \u2013za stylow\u0105 gr\u0119 i podtrzymywanie dudziarskiej tradycji w Beskidach<\/span><\/li>\n<li style=\"font-weight: 400\"><span style=\"font-weight: 400\"><strong>Krzysztof Karpiel (Polska)<\/strong> \u2013 za wyr\u00f3\u017cniaj\u0105c\u0105 gr\u0119 prymisty w kapeli \u201eBia\u0142odunajcanie\u201d\u00a0<\/span><\/li>\n<li style=\"font-weight: 400\"><span style=\"font-weight: 400\"><strong>Hasan Kavalli (Turcja)<\/strong> \u2013 za tradycyjn\u0105 gr\u0119 na zurnie\u00a0\u00a0<\/span><\/li>\n<li style=\"font-weight: 400\"><span style=\"font-weight: 400\"><strong>Anna Kowalska-Wicherek (Polska)<\/strong> \u2013 za stylowe wykonanie pie\u015bni z regionu G\u00f3rali Babiog\u00f3rskich\u00a0\u00a0<\/span><\/li>\n<\/ul>\n<p><span style=\"font-weight: 400\">Wyst\u0119py artyst\u00f3w podczas konkursu oceniali: przewodnicz\u0105cy prof. dr hab. Bernard Garaj (S\u0142owacja), cz\u0142onkowie: mgr Maria Baliszewska (Polska), prof. nadzw. dr hab. Zbigniew Przerembski, prof. IS PAN (Polska), doc dr Natalia Rashkova (Bu\u0142garia), Lubomir Tyllner\u00a0 (Czechy), Sekretarz: Karolina Sypniewska.\u00a0\u00a0<\/span><\/p>\n<p><span style=\"font-weight: 400\">W\u0142adys\u0142aw Trebunia-Tutka, patron konkursu by\u0142 jednym z najwybitniejszych g\u00f3ralskich multiinstrumentalist\u00f3w, malarzem, projektantem, plastykiem, cz\u0142onkiem zespo\u0142u Trebunie-Tutki.\u00a0<\/span><\/p>\n<p>&nbsp;<\/p>\n<div id='gallery-1' class='gallery galleryid-2086 gallery-columns-4 gallery-size-thumbnail'><figure class='gallery-item'>\n\t\t\t<div class='gallery-icon landscape'>\n\t\t\t\t<a href='http:\/\/archiwum.festiwale.zakopane.pl\/festiwal-folkloru\/2021\/08\/19\/znamy-zwyciezcow-miedzynarodowego-konkursu-kapel-instrumentalistow-i-spiewakow-ludowych-im-wladyslawa-trebuni-tutki\/_cxlanfw\/'><img width=\"150\" height=\"150\" src=\"http:\/\/archiwum.festiwale.zakopane.pl\/festiwal-folkloru\/wp-content\/uploads\/sites\/13\/2021\/08\/CxlaNfw-150x150.jpeg\" class=\"attachment-thumbnail size-thumbnail\" alt=\"\" loading=\"lazy\" \/><\/a>\n\t\t\t<\/div><\/figure><figure class='gallery-item'>\n\t\t\t<div class='gallery-icon landscape'>\n\t\t\t\t<a href='http:\/\/archiwum.festiwale.zakopane.pl\/festiwal-folkloru\/2021\/08\/19\/znamy-zwyciezcow-miedzynarodowego-konkursu-kapel-instrumentalistow-i-spiewakow-ludowych-im-wladyslawa-trebuni-tutki\/1d4o38va\/'><img width=\"150\" height=\"150\" src=\"http:\/\/archiwum.festiwale.zakopane.pl\/festiwal-folkloru\/wp-content\/uploads\/sites\/13\/2021\/08\/1D4o38VA-150x150.jpeg\" class=\"attachment-thumbnail size-thumbnail\" alt=\"\" loading=\"lazy\" \/><\/a>\n\t\t\t<\/div><\/figure><figure class='gallery-item'>\n\t\t\t<div class='gallery-icon landscape'>\n\t\t\t\t<a href='http:\/\/archiwum.festiwale.zakopane.pl\/festiwal-folkloru\/2021\/08\/19\/znamy-zwyciezcow-miedzynarodowego-konkursu-kapel-instrumentalistow-i-spiewakow-ludowych-im-wladyslawa-trebuni-tutki\/2ruyblpq\/'><img width=\"150\" height=\"150\" src=\"http:\/\/archiwum.festiwale.zakopane.pl\/festiwal-folkloru\/wp-content\/uploads\/sites\/13\/2021\/08\/2RuyBlpQ-150x150.jpeg\" class=\"attachment-thumbnail size-thumbnail\" alt=\"\" loading=\"lazy\" \/><\/a>\n\t\t\t<\/div><\/figure><figure class='gallery-item'>\n\t\t\t<div class='gallery-icon landscape'>\n\t\t\t\t<a href='http:\/\/archiwum.festiwale.zakopane.pl\/festiwal-folkloru\/2021\/08\/19\/znamy-zwyciezcow-miedzynarodowego-konkursu-kapel-instrumentalistow-i-spiewakow-ludowych-im-wladyslawa-trebuni-tutki\/2vml0cja\/'><img width=\"150\" height=\"150\" src=\"http:\/\/archiwum.festiwale.zakopane.pl\/festiwal-folkloru\/wp-content\/uploads\/sites\/13\/2021\/08\/2VmL0CJA-150x150.jpeg\" class=\"attachment-thumbnail size-thumbnail\" alt=\"\" loading=\"lazy\" \/><\/a>\n\t\t\t<\/div><\/figure><figure class='gallery-item'>\n\t\t\t<div class='gallery-icon landscape'>\n\t\t\t\t<a href='http:\/\/archiwum.festiwale.zakopane.pl\/festiwal-folkloru\/2021\/08\/19\/znamy-zwyciezcow-miedzynarodowego-konkursu-kapel-instrumentalistow-i-spiewakow-ludowych-im-wladyslawa-trebuni-tutki\/8xwbwecg\/'><img width=\"150\" height=\"150\" src=\"http:\/\/archiwum.festiwale.zakopane.pl\/festiwal-folkloru\/wp-content\/uploads\/sites\/13\/2021\/08\/8XwBwecg-150x150.jpeg\" class=\"attachment-thumbnail size-thumbnail\" alt=\"\" loading=\"lazy\" \/><\/a>\n\t\t\t<\/div><\/figure><figure class='gallery-item'>\n\t\t\t<div class='gallery-icon landscape'>\n\t\t\t\t<a href='http:\/\/archiwum.festiwale.zakopane.pl\/festiwal-folkloru\/2021\/08\/19\/znamy-zwyciezcow-miedzynarodowego-konkursu-kapel-instrumentalistow-i-spiewakow-ludowych-im-wladyslawa-trebuni-tutki\/afeyn4wq\/'><img width=\"150\" height=\"150\" src=\"http:\/\/archiwum.festiwale.zakopane.pl\/festiwal-folkloru\/wp-content\/uploads\/sites\/13\/2021\/08\/aFeYn4wQ-150x150.jpeg\" class=\"attachment-thumbnail size-thumbnail\" alt=\"\" loading=\"lazy\" \/><\/a>\n\t\t\t<\/div><\/figure><figure class='gallery-item'>\n\t\t\t<div class='gallery-icon landscape'>\n\t\t\t\t<a href='http:\/\/archiwum.festiwale.zakopane.pl\/festiwal-folkloru\/2021\/08\/19\/znamy-zwyciezcow-miedzynarodowego-konkursu-kapel-instrumentalistow-i-spiewakow-ludowych-im-wladyslawa-trebuni-tutki\/fgfn0foq\/'><img width=\"150\" height=\"150\" src=\"http:\/\/archiwum.festiwale.zakopane.pl\/festiwal-folkloru\/wp-content\/uploads\/sites\/13\/2021\/08\/FgFn0foQ-150x150.jpeg\" class=\"attachment-thumbnail size-thumbnail\" alt=\"\" loading=\"lazy\" \/><\/a>\n\t\t\t<\/div><\/figure><figure class='gallery-item'>\n\t\t\t<div class='gallery-icon landscape'>\n\t\t\t\t<a href='http:\/\/archiwum.festiwale.zakopane.pl\/festiwal-folkloru\/2021\/08\/19\/znamy-zwyciezcow-miedzynarodowego-konkursu-kapel-instrumentalistow-i-spiewakow-ludowych-im-wladyslawa-trebuni-tutki\/fvhss3zw\/'><img width=\"150\" height=\"150\" src=\"http:\/\/archiwum.festiwale.zakopane.pl\/festiwal-folkloru\/wp-content\/uploads\/sites\/13\/2021\/08\/fVhsS3zw-150x150.jpeg\" class=\"attachment-thumbnail size-thumbnail\" alt=\"\" loading=\"lazy\" \/><\/a>\n\t\t\t<\/div><\/figure><figure class='gallery-item'>\n\t\t\t<div class='gallery-icon landscape'>\n\t\t\t\t<a href='http:\/\/archiwum.festiwale.zakopane.pl\/festiwal-folkloru\/2021\/08\/19\/znamy-zwyciezcow-miedzynarodowego-konkursu-kapel-instrumentalistow-i-spiewakow-ludowych-im-wladyslawa-trebuni-tutki\/gnjvskga\/'><img width=\"150\" height=\"150\" src=\"http:\/\/archiwum.festiwale.zakopane.pl\/festiwal-folkloru\/wp-content\/uploads\/sites\/13\/2021\/08\/gNjvsKGA-150x150.jpeg\" class=\"attachment-thumbnail size-thumbnail\" alt=\"\" loading=\"lazy\" \/><\/a>\n\t\t\t<\/div><\/figure><figure class='gallery-item'>\n\t\t\t<div class='gallery-icon landscape'>\n\t\t\t\t<a href='http:\/\/archiwum.festiwale.zakopane.pl\/festiwal-folkloru\/2021\/08\/19\/znamy-zwyciezcow-miedzynarodowego-konkursu-kapel-instrumentalistow-i-spiewakow-ludowych-im-wladyslawa-trebuni-tutki\/n138vlr8\/'><img width=\"150\" height=\"150\" src=\"http:\/\/archiwum.festiwale.zakopane.pl\/festiwal-folkloru\/wp-content\/uploads\/sites\/13\/2021\/08\/n138VLR8-150x150.jpeg\" class=\"attachment-thumbnail size-thumbnail\" alt=\"\" loading=\"lazy\" \/><\/a>\n\t\t\t<\/div><\/figure><figure class='gallery-item'>\n\t\t\t<div class='gallery-icon landscape'>\n\t\t\t\t<a href='http:\/\/archiwum.festiwale.zakopane.pl\/festiwal-folkloru\/2021\/08\/19\/znamy-zwyciezcow-miedzynarodowego-konkursu-kapel-instrumentalistow-i-spiewakow-ludowych-im-wladyslawa-trebuni-tutki\/nxcddsia\/'><img width=\"150\" height=\"150\" src=\"http:\/\/archiwum.festiwale.zakopane.pl\/festiwal-folkloru\/wp-content\/uploads\/sites\/13\/2021\/08\/nXcDdsIA-150x150.jpeg\" class=\"attachment-thumbnail size-thumbnail\" alt=\"\" loading=\"lazy\" \/><\/a>\n\t\t\t<\/div><\/figure><figure class='gallery-item'>\n\t\t\t<div class='gallery-icon landscape'>\n\t\t\t\t<a href='http:\/\/archiwum.festiwale.zakopane.pl\/festiwal-folkloru\/2021\/08\/19\/znamy-zwyciezcow-miedzynarodowego-konkursu-kapel-instrumentalistow-i-spiewakow-ludowych-im-wladyslawa-trebuni-tutki\/rv_eqlhq\/'><img width=\"150\" height=\"150\" src=\"http:\/\/archiwum.festiwale.zakopane.pl\/festiwal-folkloru\/wp-content\/uploads\/sites\/13\/2021\/08\/Rv_eqlhQ-150x150.jpeg\" class=\"attachment-thumbnail size-thumbnail\" alt=\"\" loading=\"lazy\" \/><\/a>\n\t\t\t<\/div><\/figure><figure class='gallery-item'>\n\t\t\t<div class='gallery-icon landscape'>\n\t\t\t\t<a href='http:\/\/archiwum.festiwale.zakopane.pl\/festiwal-folkloru\/2021\/08\/19\/znamy-zwyciezcow-miedzynarodowego-konkursu-kapel-instrumentalistow-i-spiewakow-ludowych-im-wladyslawa-trebuni-tutki\/shzwytha\/'><img width=\"150\" height=\"150\" src=\"http:\/\/archiwum.festiwale.zakopane.pl\/festiwal-folkloru\/wp-content\/uploads\/sites\/13\/2021\/08\/shZwYthA-150x150.jpeg\" class=\"attachment-thumbnail size-thumbnail\" alt=\"\" loading=\"lazy\" \/><\/a>\n\t\t\t<\/div><\/figure><figure class='gallery-item'>\n\t\t\t<div class='gallery-icon landscape'>\n\t\t\t\t<a href='http:\/\/archiwum.festiwale.zakopane.pl\/festiwal-folkloru\/2021\/08\/19\/znamy-zwyciezcow-miedzynarodowego-konkursu-kapel-instrumentalistow-i-spiewakow-ludowych-im-wladyslawa-trebuni-tutki\/vthbracw\/'><img width=\"150\" height=\"150\" src=\"http:\/\/archiwum.festiwale.zakopane.pl\/festiwal-folkloru\/wp-content\/uploads\/sites\/13\/2021\/08\/VThBRaCw-150x150.jpeg\" class=\"attachment-thumbnail size-thumbnail\" alt=\"\" loading=\"lazy\" \/><\/a>\n\t\t\t<\/div><\/figure><figure class='gallery-item'>\n\t\t\t<div class='gallery-icon landscape'>\n\t\t\t\t<a href='http:\/\/archiwum.festiwale.zakopane.pl\/festiwal-folkloru\/2021\/08\/19\/znamy-zwyciezcow-miedzynarodowego-konkursu-kapel-instrumentalistow-i-spiewakow-ludowych-im-wladyslawa-trebuni-tutki\/xitvnpbo\/'><img width=\"150\" height=\"150\" src=\"http:\/\/archiwum.festiwale.zakopane.pl\/festiwal-folkloru\/wp-content\/uploads\/sites\/13\/2021\/08\/XItvnPbo-150x150.jpeg\" class=\"attachment-thumbnail size-thumbnail\" alt=\"\" loading=\"lazy\" \/><\/a>\n\t\t\t<\/div><\/figure><figure class='gallery-item'>\n\t\t\t<div class='gallery-icon landscape'>\n\t\t\t\t<a href='http:\/\/archiwum.festiwale.zakopane.pl\/festiwal-folkloru\/2021\/08\/19\/znamy-zwyciezcow-miedzynarodowego-konkursu-kapel-instrumentalistow-i-spiewakow-ludowych-im-wladyslawa-trebuni-tutki\/dsc_0297\/'><img width=\"150\" height=\"150\" src=\"http:\/\/archiwum.festiwale.zakopane.pl\/festiwal-folkloru\/wp-content\/uploads\/sites\/13\/2021\/08\/DSC_0297-150x150.jpg\" class=\"attachment-thumbnail size-thumbnail\" alt=\"\" loading=\"lazy\" \/><\/a>\n\t\t\t<\/div><\/figure><figure class='gallery-item'>\n\t\t\t<div class='gallery-icon landscape'>\n\t\t\t\t<a href='http:\/\/archiwum.festiwale.zakopane.pl\/festiwal-folkloru\/2021\/08\/19\/znamy-zwyciezcow-miedzynarodowego-konkursu-kapel-instrumentalistow-i-spiewakow-ludowych-im-wladyslawa-trebuni-tutki\/dsc_0308-2\/'><img width=\"150\" height=\"150\" src=\"http:\/\/archiwum.festiwale.zakopane.pl\/festiwal-folkloru\/wp-content\/uploads\/sites\/13\/2021\/08\/DSC_0308-1-150x150.jpg\" class=\"attachment-thumbnail size-thumbnail\" alt=\"\" loading=\"lazy\" \/><\/a>\n\t\t\t<\/div><\/figure><figure class='gallery-item'>\n\t\t\t<div class='gallery-icon landscape'>\n\t\t\t\t<a href='http:\/\/archiwum.festiwale.zakopane.pl\/festiwal-folkloru\/2021\/08\/19\/znamy-zwyciezcow-miedzynarodowego-konkursu-kapel-instrumentalistow-i-spiewakow-ludowych-im-wladyslawa-trebuni-tutki\/dsc_0325\/'><img width=\"150\" height=\"150\" src=\"http:\/\/archiwum.festiwale.zakopane.pl\/festiwal-folkloru\/wp-content\/uploads\/sites\/13\/2021\/08\/DSC_0325-150x150.jpg\" class=\"attachment-thumbnail size-thumbnail\" alt=\"\" loading=\"lazy\" \/><\/a>\n\t\t\t<\/div><\/figure><figure class='gallery-item'>\n\t\t\t<div class='gallery-icon landscape'>\n\t\t\t\t<a href='http:\/\/archiwum.festiwale.zakopane.pl\/festiwal-folkloru\/2021\/08\/19\/znamy-zwyciezcow-miedzynarodowego-konkursu-kapel-instrumentalistow-i-spiewakow-ludowych-im-wladyslawa-trebuni-tutki\/dsc_0327\/'><img width=\"150\" height=\"150\" src=\"http:\/\/archiwum.festiwale.zakopane.pl\/festiwal-folkloru\/wp-content\/uploads\/sites\/13\/2021\/08\/DSC_0327-150x150.jpg\" class=\"attachment-thumbnail size-thumbnail\" alt=\"\" loading=\"lazy\" \/><\/a>\n\t\t\t<\/div><\/figure><figure class='gallery-item'>\n\t\t\t<div class='gallery-icon landscape'>\n\t\t\t\t<a href='http:\/\/archiwum.festiwale.zakopane.pl\/festiwal-folkloru\/2021\/08\/19\/znamy-zwyciezcow-miedzynarodowego-konkursu-kapel-instrumentalistow-i-spiewakow-ludowych-im-wladyslawa-trebuni-tutki\/dsc_0330\/'><img width=\"150\" height=\"150\" src=\"http:\/\/archiwum.festiwale.zakopane.pl\/festiwal-folkloru\/wp-content\/uploads\/sites\/13\/2021\/08\/DSC_0330-150x150.jpg\" class=\"attachment-thumbnail size-thumbnail\" alt=\"\" loading=\"lazy\" \/><\/a>\n\t\t\t<\/div><\/figure><figure class='gallery-item'>\n\t\t\t<div class='gallery-icon landscape'>\n\t\t\t\t<a href='http:\/\/archiwum.festiwale.zakopane.pl\/festiwal-folkloru\/2021\/08\/19\/znamy-zwyciezcow-miedzynarodowego-konkursu-kapel-instrumentalistow-i-spiewakow-ludowych-im-wladyslawa-trebuni-tutki\/dsc_0336-2\/'><img width=\"150\" height=\"150\" src=\"http:\/\/archiwum.festiwale.zakopane.pl\/festiwal-folkloru\/wp-content\/uploads\/sites\/13\/2021\/08\/DSC_0336-1-150x150.jpg\" class=\"attachment-thumbnail size-thumbnail\" alt=\"\" loading=\"lazy\" \/><\/a>\n\t\t\t<\/div><\/figure><figure class='gallery-item'>\n\t\t\t<div class='gallery-icon landscape'>\n\t\t\t\t<a href='http:\/\/archiwum.festiwale.zakopane.pl\/festiwal-folkloru\/2021\/08\/19\/znamy-zwyciezcow-miedzynarodowego-konkursu-kapel-instrumentalistow-i-spiewakow-ludowych-im-wladyslawa-trebuni-tutki\/dsc_0347\/'><img width=\"150\" height=\"150\" src=\"http:\/\/archiwum.festiwale.zakopane.pl\/festiwal-folkloru\/wp-content\/uploads\/sites\/13\/2021\/08\/DSC_0347-150x150.jpg\" class=\"attachment-thumbnail size-thumbnail\" alt=\"\" loading=\"lazy\" \/><\/a>\n\t\t\t<\/div><\/figure><figure class='gallery-item'>\n\t\t\t<div class='gallery-icon landscape'>\n\t\t\t\t<a href='http:\/\/archiwum.festiwale.zakopane.pl\/festiwal-folkloru\/2021\/08\/19\/znamy-zwyciezcow-miedzynarodowego-konkursu-kapel-instrumentalistow-i-spiewakow-ludowych-im-wladyslawa-trebuni-tutki\/dsc_0351\/'><img width=\"150\" height=\"150\" src=\"http:\/\/archiwum.festiwale.zakopane.pl\/festiwal-folkloru\/wp-content\/uploads\/sites\/13\/2021\/08\/DSC_0351-150x150.jpg\" class=\"attachment-thumbnail size-thumbnail\" alt=\"\" loading=\"lazy\" \/><\/a>\n\t\t\t<\/div><\/figure><figure class='gallery-item'>\n\t\t\t<div class='gallery-icon landscape'>\n\t\t\t\t<a href='http:\/\/archiwum.festiwale.zakopane.pl\/festiwal-folkloru\/2021\/08\/19\/znamy-zwyciezcow-miedzynarodowego-konkursu-kapel-instrumentalistow-i-spiewakow-ludowych-im-wladyslawa-trebuni-tutki\/dsc_0360\/'><img width=\"150\" height=\"150\" src=\"http:\/\/archiwum.festiwale.zakopane.pl\/festiwal-folkloru\/wp-content\/uploads\/sites\/13\/2021\/08\/DSC_0360-150x150.jpg\" class=\"attachment-thumbnail size-thumbnail\" alt=\"\" loading=\"lazy\" \/><\/a>\n\t\t\t<\/div><\/figure><figure class='gallery-item'>\n\t\t\t<div class='gallery-icon landscape'>\n\t\t\t\t<a href='http:\/\/archiwum.festiwale.zakopane.pl\/festiwal-folkloru\/2021\/08\/19\/znamy-zwyciezcow-miedzynarodowego-konkursu-kapel-instrumentalistow-i-spiewakow-ludowych-im-wladyslawa-trebuni-tutki\/dsc_0362\/'><img width=\"150\" height=\"150\" src=\"http:\/\/archiwum.festiwale.zakopane.pl\/festiwal-folkloru\/wp-content\/uploads\/sites\/13\/2021\/08\/DSC_0362-150x150.jpg\" class=\"attachment-thumbnail size-thumbnail\" alt=\"\" loading=\"lazy\" \/><\/a>\n\t\t\t<\/div><\/figure><figure class='gallery-item'>\n\t\t\t<div class='gallery-icon landscape'>\n\t\t\t\t<a href='http:\/\/archiwum.festiwale.zakopane.pl\/festiwal-folkloru\/2021\/08\/19\/znamy-zwyciezcow-miedzynarodowego-konkursu-kapel-instrumentalistow-i-spiewakow-ludowych-im-wladyslawa-trebuni-tutki\/dsc_0368\/'><img width=\"150\" height=\"150\" src=\"http:\/\/archiwum.festiwale.zakopane.pl\/festiwal-folkloru\/wp-content\/uploads\/sites\/13\/2021\/08\/DSC_0368-150x150.jpg\" class=\"attachment-thumbnail size-thumbnail\" alt=\"\" loading=\"lazy\" \/><\/a>\n\t\t\t<\/div><\/figure><figure class='gallery-item'>\n\t\t\t<div class='gallery-icon landscape'>\n\t\t\t\t<a href='http:\/\/archiwum.festiwale.zakopane.pl\/festiwal-folkloru\/2021\/08\/19\/znamy-zwyciezcow-miedzynarodowego-konkursu-kapel-instrumentalistow-i-spiewakow-ludowych-im-wladyslawa-trebuni-tutki\/dsc_0370\/'><img width=\"150\" height=\"150\" src=\"http:\/\/archiwum.festiwale.zakopane.pl\/festiwal-folkloru\/wp-content\/uploads\/sites\/13\/2021\/08\/DSC_0370-150x150.jpg\" class=\"attachment-thumbnail size-thumbnail\" alt=\"\" loading=\"lazy\" \/><\/a>\n\t\t\t<\/div><\/figure><figure class='gallery-item'>\n\t\t\t<div class='gallery-icon landscape'>\n\t\t\t\t<a href='http:\/\/archiwum.festiwale.zakopane.pl\/festiwal-folkloru\/2021\/08\/19\/znamy-zwyciezcow-miedzynarodowego-konkursu-kapel-instrumentalistow-i-spiewakow-ludowych-im-wladyslawa-trebuni-tutki\/dsc_0385\/'><img width=\"150\" height=\"150\" src=\"http:\/\/archiwum.festiwale.zakopane.pl\/festiwal-folkloru\/wp-content\/uploads\/sites\/13\/2021\/08\/DSC_0385-150x150.jpg\" class=\"attachment-thumbnail size-thumbnail\" alt=\"\" loading=\"lazy\" \/><\/a>\n\t\t\t<\/div><\/figure><figure class='gallery-item'>\n\t\t\t<div class='gallery-icon landscape'>\n\t\t\t\t<a href='http:\/\/archiwum.festiwale.zakopane.pl\/festiwal-folkloru\/2021\/08\/19\/znamy-zwyciezcow-miedzynarodowego-konkursu-kapel-instrumentalistow-i-spiewakow-ludowych-im-wladyslawa-trebuni-tutki\/dsc_0396\/'><img width=\"150\" height=\"150\" src=\"http:\/\/archiwum.festiwale.zakopane.pl\/festiwal-folkloru\/wp-content\/uploads\/sites\/13\/2021\/08\/DSC_0396-150x150.jpg\" class=\"attachment-thumbnail size-thumbnail\" alt=\"\" loading=\"lazy\" \/><\/a>\n\t\t\t<\/div><\/figure><figure class='gallery-item'>\n\t\t\t<div class='gallery-icon landscape'>\n\t\t\t\t<a href='http:\/\/archiwum.festiwale.zakopane.pl\/festiwal-folkloru\/2021\/08\/19\/znamy-zwyciezcow-miedzynarodowego-konkursu-kapel-instrumentalistow-i-spiewakow-ludowych-im-wladyslawa-trebuni-tutki\/dsc_0398-2\/'><img width=\"150\" height=\"150\" src=\"http:\/\/archiwum.festiwale.zakopane.pl\/festiwal-folkloru\/wp-content\/uploads\/sites\/13\/2021\/08\/DSC_0398-1-150x150.jpg\" class=\"attachment-thumbnail size-thumbnail\" alt=\"\" loading=\"lazy\" \/><\/a>\n\t\t\t<\/div><\/figure><figure class='gallery-item'>\n\t\t\t<div class='gallery-icon landscape'>\n\t\t\t\t<a href='http:\/\/archiwum.festiwale.zakopane.pl\/festiwal-folkloru\/2021\/08\/19\/znamy-zwyciezcow-miedzynarodowego-konkursu-kapel-instrumentalistow-i-spiewakow-ludowych-im-wladyslawa-trebuni-tutki\/dsc_0412\/'><img width=\"150\" height=\"150\" src=\"http:\/\/archiwum.festiwale.zakopane.pl\/festiwal-folkloru\/wp-content\/uploads\/sites\/13\/2021\/08\/DSC_0412-150x150.jpg\" class=\"attachment-thumbnail size-thumbnail\" alt=\"\" loading=\"lazy\" \/><\/a>\n\t\t\t<\/div><\/figure><figure class='gallery-item'>\n\t\t\t<div class='gallery-icon landscape'>\n\t\t\t\t<a href='http:\/\/archiwum.festiwale.zakopane.pl\/festiwal-folkloru\/2021\/08\/19\/znamy-zwyciezcow-miedzynarodowego-konkursu-kapel-instrumentalistow-i-spiewakow-ludowych-im-wladyslawa-trebuni-tutki\/dsc_0416-2\/'><img width=\"150\" height=\"150\" src=\"http:\/\/archiwum.festiwale.zakopane.pl\/festiwal-folkloru\/wp-content\/uploads\/sites\/13\/2021\/08\/DSC_0416-1-150x150.jpg\" class=\"attachment-thumbnail size-thumbnail\" alt=\"\" loading=\"lazy\" \/><\/a>\n\t\t\t<\/div><\/figure><figure class='gallery-item'>\n\t\t\t<div class='gallery-icon landscape'>\n\t\t\t\t<a href='http:\/\/archiwum.festiwale.zakopane.pl\/festiwal-folkloru\/2021\/08\/19\/znamy-zwyciezcow-miedzynarodowego-konkursu-kapel-instrumentalistow-i-spiewakow-ludowych-im-wladyslawa-trebuni-tutki\/dsc_0425\/'><img width=\"150\" height=\"150\" src=\"http:\/\/archiwum.festiwale.zakopane.pl\/festiwal-folkloru\/wp-content\/uploads\/sites\/13\/2021\/08\/DSC_0425-150x150.jpg\" class=\"attachment-thumbnail size-thumbnail\" alt=\"\" loading=\"lazy\" \/><\/a>\n\t\t\t<\/div><\/figure><figure class='gallery-item'>\n\t\t\t<div class='gallery-icon landscape'>\n\t\t\t\t<a href='http:\/\/archiwum.festiwale.zakopane.pl\/festiwal-folkloru\/2021\/08\/19\/znamy-zwyciezcow-miedzynarodowego-konkursu-kapel-instrumentalistow-i-spiewakow-ludowych-im-wladyslawa-trebuni-tutki\/dsc_0430\/'><img width=\"150\" height=\"150\" src=\"http:\/\/archiwum.festiwale.zakopane.pl\/festiwal-folkloru\/wp-content\/uploads\/sites\/13\/2021\/08\/DSC_0430-150x150.jpg\" class=\"attachment-thumbnail size-thumbnail\" alt=\"\" loading=\"lazy\" \/><\/a>\n\t\t\t<\/div><\/figure><figure class='gallery-item'>\n\t\t\t<div class='gallery-icon landscape'>\n\t\t\t\t<a href='http:\/\/archiwum.festiwale.zakopane.pl\/festiwal-folkloru\/2021\/08\/19\/znamy-zwyciezcow-miedzynarodowego-konkursu-kapel-instrumentalistow-i-spiewakow-ludowych-im-wladyslawa-trebuni-tutki\/dsc_0434\/'><img width=\"150\" height=\"150\" src=\"http:\/\/archiwum.festiwale.zakopane.pl\/festiwal-folkloru\/wp-content\/uploads\/sites\/13\/2021\/08\/DSC_0434-150x150.jpg\" class=\"attachment-thumbnail size-thumbnail\" alt=\"\" loading=\"lazy\" \/><\/a>\n\t\t\t<\/div><\/figure><figure class='gallery-item'>\n\t\t\t<div class='gallery-icon landscape'>\n\t\t\t\t<a href='http:\/\/archiwum.festiwale.zakopane.pl\/festiwal-folkloru\/2021\/08\/19\/znamy-zwyciezcow-miedzynarodowego-konkursu-kapel-instrumentalistow-i-spiewakow-ludowych-im-wladyslawa-trebuni-tutki\/dsc_0453\/'><img width=\"150\" height=\"150\" src=\"http:\/\/archiwum.festiwale.zakopane.pl\/festiwal-folkloru\/wp-content\/uploads\/sites\/13\/2021\/08\/DSC_0453-150x150.jpg\" class=\"attachment-thumbnail size-thumbnail\" alt=\"\" loading=\"lazy\" \/><\/a>\n\t\t\t<\/div><\/figure><figure class='gallery-item'>\n\t\t\t<div class='gallery-icon landscape'>\n\t\t\t\t<a href='http:\/\/archiwum.festiwale.zakopane.pl\/festiwal-folkloru\/2021\/08\/19\/znamy-zwyciezcow-miedzynarodowego-konkursu-kapel-instrumentalistow-i-spiewakow-ludowych-im-wladyslawa-trebuni-tutki\/dsc_0467\/'><img width=\"150\" height=\"150\" src=\"http:\/\/archiwum.festiwale.zakopane.pl\/festiwal-folkloru\/wp-content\/uploads\/sites\/13\/2021\/08\/DSC_0467-150x150.jpg\" class=\"attachment-thumbnail size-thumbnail\" alt=\"\" loading=\"lazy\" \/><\/a>\n\t\t\t<\/div><\/figure><figure class='gallery-item'>\n\t\t\t<div class='gallery-icon landscape'>\n\t\t\t\t<a href='http:\/\/archiwum.festiwale.zakopane.pl\/festiwal-folkloru\/2021\/08\/19\/znamy-zwyciezcow-miedzynarodowego-konkursu-kapel-instrumentalistow-i-spiewakow-ludowych-im-wladyslawa-trebuni-tutki\/dsc_0472\/'><img width=\"150\" height=\"150\" src=\"http:\/\/archiwum.festiwale.zakopane.pl\/festiwal-folkloru\/wp-content\/uploads\/sites\/13\/2021\/08\/DSC_0472-150x150.jpg\" class=\"attachment-thumbnail size-thumbnail\" alt=\"\" loading=\"lazy\" \/><\/a>\n\t\t\t<\/div><\/figure><figure class='gallery-item'>\n\t\t\t<div class='gallery-icon landscape'>\n\t\t\t\t<a href='http:\/\/archiwum.festiwale.zakopane.pl\/festiwal-folkloru\/2021\/08\/19\/znamy-zwyciezcow-miedzynarodowego-konkursu-kapel-instrumentalistow-i-spiewakow-ludowych-im-wladyslawa-trebuni-tutki\/img_20210819_123052\/'><img width=\"150\" height=\"150\" src=\"http:\/\/archiwum.festiwale.zakopane.pl\/festiwal-folkloru\/wp-content\/uploads\/sites\/13\/2021\/08\/IMG_20210819_123052-150x150.jpg\" class=\"attachment-thumbnail size-thumbnail\" alt=\"\" loading=\"lazy\" \/><\/a>\n\t\t\t<\/div><\/figure>\n\t\t<\/div>\n\n","protected":false},"excerpt":{"rendered":"<p>W czwartek, r\u00f3wno w po\u0142udnie, na G\u00f3rnej R\u00f3wni Krupowej og\u0142oszono wyniki Mi\u0119dzynarodowego Konkursu Kapel, Instrumentalist\u00f3w [&hellip;]<\/p>\n","protected":false},"author":5,"featured_media":2122,"comment_status":"closed","ping_status":"closed","sticky":false,"template":"","format":"standard","meta":[],"categories":[1],"tags":[],"acf":[],"_links":{"self":[{"href":"http:\/\/archiwum.festiwale.zakopane.pl\/festiwal-folkloru\/wp-json\/wp\/v2\/posts\/2086"}],"collection":[{"href":"http:\/\/archiwum.festiwale.zakopane.pl\/festiwal-folkloru\/wp-json\/wp\/v2\/posts"}],"about":[{"href":"http:\/\/archiwum.festiwale.zakopane.pl\/festiwal-folkloru\/wp-json\/wp\/v2\/types\/post"}],"author":[{"embeddable":true,"href":"http:\/\/archiwum.festiwale.zakopane.pl\/festiwal-folkloru\/wp-json\/wp\/v2\/users\/5"}],"replies":[{"embeddable":true,"href":"http:\/\/archiwum.festiwale.zakopane.pl\/festiwal-folkloru\/wp-json\/wp\/v2\/comments?post=2086"}],"version-history":[{"count":6,"href":"http:\/\/archiwum.festiwale.zakopane.pl\/festiwal-folkloru\/wp-json\/wp\/v2\/posts\/2086\/revisions"}],"predecessor-version":[{"id":2131,"href":"http:\/\/archiwum.festiwale.zakopane.pl\/festiwal-folkloru\/wp-json\/wp\/v2\/posts\/2086\/revisions\/2131"}],"wp:featuredmedia":[{"embeddable":true,"href":"http:\/\/archiwum.festiwale.zakopane.pl\/festiwal-folkloru\/wp-json\/wp\/v2\/media\/2122"}],"wp:attachment":[{"href":"http:\/\/archiwum.festiwale.zakopane.pl\/festiwal-folkloru\/wp-json\/wp\/v2\/media?parent=2086"}],"wp:term":[{"taxonomy":"category","embeddable":true,"href":"http:\/\/archiwum.festiwale.zakopane.pl\/festiwal-folkloru\/wp-json\/wp\/v2\/categories?post=2086"},{"taxonomy":"post_tag","embeddable":true,"href":"http:\/\/archiwum.festiwale.zakopane.pl\/festiwal-folkloru\/wp-json\/wp\/v2\/tags?post=2086"}],"curies":[{"name":"wp","href":"https:\/\/api.w.org\/{rel}","templated":true}]}}