{"id":2001,"date":"2021-08-19T11:57:05","date_gmt":"2021-08-19T09:57:05","guid":{"rendered":"https:\/\/festiwale.zakopane.pl\/festiwal-folkloru\/?p=2001"},"modified":"2021-08-19T13:51:11","modified_gmt":"2021-08-19T11:51:11","slug":"podziekowania","status":"publish","type":"post","link":"http:\/\/archiwum.festiwale.zakopane.pl\/festiwal-folkloru\/2021\/08\/19\/podziekowania\/","title":{"rendered":"Podzi\u0119kowania dla Partner\u00f3w Festiwalu"},"content":{"rendered":"<p>G\u0142\u0119boko wierzymy, \u017ce kultura ludowa jest si\u0142\u0105\u00a0 naszego miasta i regionu. Organizuj\u0105c w tym roku ju\u017c po raz pi\u0119\u0107dziesi\u0105ty drugi Mi\u0119dzynarodowy Festiwal Folkloru Ziem G\u00f3rskich zadbali\u015bmy, aby ten \u00a0najstarszy i najwa\u017cniejszy zakopia\u0144ski festiwal &#8211; tworzony dla wszystkich spragnionych kontaktu z tradycj\u0105 &#8211; \u00a0nadal by\u0142 realizowany na najwy\u017cszym poziomie.<\/p>\n<p>Gwarancj\u0105 tego jest wk\u0142ad wszystkich instytucji, firm oraz medi\u00f3w zaanga\u017cowanych w jego wsp\u00f3\u0142tworzenie poprzez wsparcie finansowe, rzeczowe i promocyjne.Bez ich pomocy opartej na \u017cyczliwo\u015bci, zaanga\u017cowaniu i profesjonalizmie Mi\u0119dzynarodowy Festiwal Folkloru Ziem G\u00f3rskich nie m\u00f3g\u0142by si\u0119 odby\u0107\u00a0 z takim rozmachem i w takim kszta\u0142cie.<\/p>\n<p>Serdecznie dzi\u0119kujemy, \u017ce byli\u015bcie z\u00a0 nami!<\/p>\n<p>Miasto Zakopane<br \/>\nZakopia\u0144skie Centrum Kultury<\/p>\n<p>Organizatorzy przedsi\u0119wzi\u0119cia<\/p>\n<p><img loading=\"lazy\" class=\"alignnone wp-image-2010\" src=\"http:\/\/archiwum.festiwale.zakopane.pl\/festiwal-folkloru\/wp-content\/uploads\/sites\/13\/2021\/08\/gl-208x300.jpg\" alt=\"\" width=\"446\" height=\"644\" srcset=\"http:\/\/archiwum.festiwale.zakopane.pl\/festiwal-folkloru\/wp-content\/uploads\/sites\/13\/2021\/08\/gl-208x300.jpg 208w, http:\/\/archiwum.festiwale.zakopane.pl\/festiwal-folkloru\/wp-content\/uploads\/sites\/13\/2021\/08\/gl-708x1024.jpg 708w, http:\/\/archiwum.festiwale.zakopane.pl\/festiwal-folkloru\/wp-content\/uploads\/sites\/13\/2021\/08\/gl-768x1110.jpg 768w, http:\/\/archiwum.festiwale.zakopane.pl\/festiwal-folkloru\/wp-content\/uploads\/sites\/13\/2021\/08\/gl.jpg 797w\" sizes=\"(max-width: 446px) 100vw, 446px\" \/><img loading=\"lazy\" class=\"alignnone wp-image-2004\" src=\"http:\/\/archiwum.festiwale.zakopane.pl\/festiwal-folkloru\/wp-content\/uploads\/sites\/13\/2021\/08\/podziek3-209x300.jpg\" alt=\"\" width=\"447\" height=\"641\" srcset=\"http:\/\/archiwum.festiwale.zakopane.pl\/festiwal-folkloru\/wp-content\/uploads\/sites\/13\/2021\/08\/podziek3-209x300.jpg 209w, http:\/\/archiwum.festiwale.zakopane.pl\/festiwal-folkloru\/wp-content\/uploads\/sites\/13\/2021\/08\/podziek3.jpg 496w\" sizes=\"(max-width: 447px) 100vw, 447px\" \/><\/p>\n<p><img loading=\"lazy\" class=\"alignnone wp-image-2005\" src=\"http:\/\/archiwum.festiwale.zakopane.pl\/festiwal-folkloru\/wp-content\/uploads\/sites\/13\/2021\/08\/podziek5-209x300.jpg\" alt=\"\" width=\"451\" height=\"648\" srcset=\"http:\/\/archiwum.festiwale.zakopane.pl\/festiwal-folkloru\/wp-content\/uploads\/sites\/13\/2021\/08\/podziek5-209x300.jpg 209w, http:\/\/archiwum.festiwale.zakopane.pl\/festiwal-folkloru\/wp-content\/uploads\/sites\/13\/2021\/08\/podziek5.jpg 497w\" sizes=\"(max-width: 451px) 100vw, 451px\" \/><img loading=\"lazy\" class=\"alignnone wp-image-2006\" src=\"http:\/\/archiwum.festiwale.zakopane.pl\/festiwal-folkloru\/wp-content\/uploads\/sites\/13\/2021\/08\/podziek6-209x300.jpg\" alt=\"\" width=\"449\" height=\"645\" srcset=\"http:\/\/archiwum.festiwale.zakopane.pl\/festiwal-folkloru\/wp-content\/uploads\/sites\/13\/2021\/08\/podziek6-209x300.jpg 209w, http:\/\/archiwum.festiwale.zakopane.pl\/festiwal-folkloru\/wp-content\/uploads\/sites\/13\/2021\/08\/podziek6.jpg 497w\" sizes=\"(max-width: 449px) 100vw, 449px\" \/><\/p>\n","protected":false},"excerpt":{"rendered":"<p>G\u0142\u0119boko wierzymy, \u017ce kultura ludowa jest si\u0142\u0105\u00a0 naszego miasta i regionu. Organizuj\u0105c w tym roku [&hellip;]<\/p>\n","protected":false},"author":9,"featured_media":2016,"comment_status":"closed","ping_status":"closed","sticky":false,"template":"","format":"standard","meta":[],"categories":[1],"tags":[],"acf":[],"_links":{"self":[{"href":"http:\/\/archiwum.festiwale.zakopane.pl\/festiwal-folkloru\/wp-json\/wp\/v2\/posts\/2001"}],"collection":[{"href":"http:\/\/archiwum.festiwale.zakopane.pl\/festiwal-folkloru\/wp-json\/wp\/v2\/posts"}],"about":[{"href":"http:\/\/archiwum.festiwale.zakopane.pl\/festiwal-folkloru\/wp-json\/wp\/v2\/types\/post"}],"author":[{"embeddable":true,"href":"http:\/\/archiwum.festiwale.zakopane.pl\/festiwal-folkloru\/wp-json\/wp\/v2\/users\/9"}],"replies":[{"embeddable":true,"href":"http:\/\/archiwum.festiwale.zakopane.pl\/festiwal-folkloru\/wp-json\/wp\/v2\/comments?post=2001"}],"version-history":[{"count":5,"href":"http:\/\/archiwum.festiwale.zakopane.pl\/festiwal-folkloru\/wp-json\/wp\/v2\/posts\/2001\/revisions"}],"predecessor-version":[{"id":2017,"href":"http:\/\/archiwum.festiwale.zakopane.pl\/festiwal-folkloru\/wp-json\/wp\/v2\/posts\/2001\/revisions\/2017"}],"wp:featuredmedia":[{"embeddable":true,"href":"http:\/\/archiwum.festiwale.zakopane.pl\/festiwal-folkloru\/wp-json\/wp\/v2\/media\/2016"}],"wp:attachment":[{"href":"http:\/\/archiwum.festiwale.zakopane.pl\/festiwal-folkloru\/wp-json\/wp\/v2\/media?parent=2001"}],"wp:term":[{"taxonomy":"category","embeddable":true,"href":"http:\/\/archiwum.festiwale.zakopane.pl\/festiwal-folkloru\/wp-json\/wp\/v2\/categories?post=2001"},{"taxonomy":"post_tag","embeddable":true,"href":"http:\/\/archiwum.festiwale.zakopane.pl\/festiwal-folkloru\/wp-json\/wp\/v2\/tags?post=2001"}],"curies":[{"name":"wp","href":"https:\/\/api.w.org\/{rel}","templated":true}]}}