{"id":1970,"date":"2021-08-18T11:55:40","date_gmt":"2021-08-18T09:55:40","guid":{"rendered":"https:\/\/festiwale.zakopane.pl\/festiwal-folkloru\/?p=1970"},"modified":"2021-08-18T17:50:36","modified_gmt":"2021-08-18T15:50:36","slug":"animacje-dla-najmlodszych-drewniani-przyjaciele-sw-franciszka","status":"publish","type":"post","link":"http:\/\/archiwum.festiwale.zakopane.pl\/festiwal-folkloru\/2021\/08\/18\/animacje-dla-najmlodszych-drewniani-przyjaciele-sw-franciszka\/","title":{"rendered":"Animacje dla najm\u0142odszych \u201eDrewniani przyjaciele \u015bw. Franciszka\u201d"},"content":{"rendered":"<p>Dzisiejsze spotkanie poprowadzi\u0142 <strong>Piotr Mentel ze Stryszawy<\/strong> &#8211; tw\u00f3rca ludowy, ptaszkarz i zabawkarz. Na animacje dla najm\u0142odszych, zatytu\u0142owane \u201eDrewniani przyjaciele \u015bw. Franciszka\u201d, przyni\u00f3s\u0142 dla dzieci wyrze\u017abione ju\u017c drewniane <strong>ptaszki stryszawskie<\/strong>. Ka\u017cdy z uczestnik\u00f3w m\u00f3g\u0142 pomalowa\u0107 ptaszka wed\u0142ug w\u0142asnego pomys\u0142u i na koniec zabra\u0107 go ze sob\u0105 do domu.<\/p>\n<p>Nale\u017cy wspomnie\u0107, \u017ce tradycja tworzenia ptaszk\u00f3w ma ju\u017c <strong>130 lat<\/strong>, a jej prekursorem by\u0142 <strong>Teofil Mentel<\/strong>.<\/p>\n<p><strong>Dla zaciekawionych<\/strong> \u2013 ptaszki stryszawskie r\u00f3\u017cni\u0105 si\u0119 od innych tym, \u017ce patrz\u0105 albo w lewo albo w prawo \u2013 nigdy na wprost. Ma to s\u0142u\u017cy\u0107 p\u00f3\u017aniejszemu tworzeniu z nich kompozycji i stworzeniu wra\u017cenia, \u017ce ptaki na nas spozieraj\u0105. Dodatkowo przyniesione ptaszki nazwane zosta\u0142y &#8222;choinkowymi&#8221;, co wynika z przyczepionego do nich drucika. Za niego te pomalowane ptaki mo\u017cna zawiesi\u0107 na choince w \u015bwi\u0119ta.<\/p>\n<p>Dzi\u0119kujemy za bardzo kreatywne i bogate w tre\u015bci spotkanie.<\/p>\n<div id='gallery-1' class='gallery galleryid-1970 gallery-columns-4 gallery-size-thumbnail'><figure class='gallery-item'>\n\t\t\t<div class='gallery-icon landscape'>\n\t\t\t\t<a href='http:\/\/archiwum.festiwale.zakopane.pl\/festiwal-folkloru\/2021\/08\/18\/animacje-dla-najmlodszych-drewniani-przyjaciele-sw-franciszka\/dsc_0083\/'><img width=\"150\" height=\"150\" src=\"http:\/\/archiwum.festiwale.zakopane.pl\/festiwal-folkloru\/wp-content\/uploads\/sites\/13\/2021\/08\/DSC_0083-150x150.jpg\" class=\"attachment-thumbnail size-thumbnail\" alt=\"\" loading=\"lazy\" \/><\/a>\n\t\t\t<\/div><\/figure><figure class='gallery-item'>\n\t\t\t<div class='gallery-icon landscape'>\n\t\t\t\t<a href='http:\/\/archiwum.festiwale.zakopane.pl\/festiwal-folkloru\/2021\/08\/18\/animacje-dla-najmlodszych-drewniani-przyjaciele-sw-franciszka\/dsc_0056\/'><img width=\"150\" height=\"150\" src=\"http:\/\/archiwum.festiwale.zakopane.pl\/festiwal-folkloru\/wp-content\/uploads\/sites\/13\/2021\/08\/DSC_0056-150x150.jpg\" class=\"attachment-thumbnail size-thumbnail\" alt=\"\" loading=\"lazy\" \/><\/a>\n\t\t\t<\/div><\/figure><figure class='gallery-item'>\n\t\t\t<div class='gallery-icon landscape'>\n\t\t\t\t<a href='http:\/\/archiwum.festiwale.zakopane.pl\/festiwal-folkloru\/2021\/08\/18\/animacje-dla-najmlodszych-drewniani-przyjaciele-sw-franciszka\/dsc_0057\/'><img width=\"150\" height=\"150\" src=\"http:\/\/archiwum.festiwale.zakopane.pl\/festiwal-folkloru\/wp-content\/uploads\/sites\/13\/2021\/08\/DSC_0057-150x150.jpg\" class=\"attachment-thumbnail size-thumbnail\" alt=\"\" loading=\"lazy\" \/><\/a>\n\t\t\t<\/div><\/figure><figure class='gallery-item'>\n\t\t\t<div class='gallery-icon landscape'>\n\t\t\t\t<a href='http:\/\/archiwum.festiwale.zakopane.pl\/festiwal-folkloru\/2021\/08\/18\/animacje-dla-najmlodszych-drewniani-przyjaciele-sw-franciszka\/dsc_0059\/'><img width=\"150\" height=\"150\" src=\"http:\/\/archiwum.festiwale.zakopane.pl\/festiwal-folkloru\/wp-content\/uploads\/sites\/13\/2021\/08\/DSC_0059-150x150.jpg\" class=\"attachment-thumbnail size-thumbnail\" alt=\"\" loading=\"lazy\" \/><\/a>\n\t\t\t<\/div><\/figure><figure class='gallery-item'>\n\t\t\t<div class='gallery-icon landscape'>\n\t\t\t\t<a href='http:\/\/archiwum.festiwale.zakopane.pl\/festiwal-folkloru\/2021\/08\/18\/animacje-dla-najmlodszych-drewniani-przyjaciele-sw-franciszka\/dsc_0061\/'><img width=\"150\" height=\"150\" src=\"http:\/\/archiwum.festiwale.zakopane.pl\/festiwal-folkloru\/wp-content\/uploads\/sites\/13\/2021\/08\/DSC_0061-150x150.jpg\" class=\"attachment-thumbnail size-thumbnail\" alt=\"\" loading=\"lazy\" \/><\/a>\n\t\t\t<\/div><\/figure><figure class='gallery-item'>\n\t\t\t<div class='gallery-icon landscape'>\n\t\t\t\t<a href='http:\/\/archiwum.festiwale.zakopane.pl\/festiwal-folkloru\/2021\/08\/18\/animacje-dla-najmlodszych-drewniani-przyjaciele-sw-franciszka\/dsc_0063\/'><img width=\"150\" height=\"150\" src=\"http:\/\/archiwum.festiwale.zakopane.pl\/festiwal-folkloru\/wp-content\/uploads\/sites\/13\/2021\/08\/DSC_0063-150x150.jpg\" class=\"attachment-thumbnail size-thumbnail\" alt=\"\" loading=\"lazy\" \/><\/a>\n\t\t\t<\/div><\/figure><figure class='gallery-item'>\n\t\t\t<div class='gallery-icon landscape'>\n\t\t\t\t<a href='http:\/\/archiwum.festiwale.zakopane.pl\/festiwal-folkloru\/2021\/08\/18\/animacje-dla-najmlodszych-drewniani-przyjaciele-sw-franciszka\/dsc_0065-2\/'><img width=\"150\" height=\"150\" src=\"http:\/\/archiwum.festiwale.zakopane.pl\/festiwal-folkloru\/wp-content\/uploads\/sites\/13\/2021\/08\/DSC_0065-1-150x150.jpg\" class=\"attachment-thumbnail size-thumbnail\" alt=\"\" loading=\"lazy\" \/><\/a>\n\t\t\t<\/div><\/figure><figure class='gallery-item'>\n\t\t\t<div class='gallery-icon landscape'>\n\t\t\t\t<a href='http:\/\/archiwum.festiwale.zakopane.pl\/festiwal-folkloru\/2021\/08\/18\/animacje-dla-najmlodszych-drewniani-przyjaciele-sw-franciszka\/dsc_0067\/'><img width=\"150\" height=\"150\" src=\"http:\/\/archiwum.festiwale.zakopane.pl\/festiwal-folkloru\/wp-content\/uploads\/sites\/13\/2021\/08\/DSC_0067-150x150.jpg\" class=\"attachment-thumbnail size-thumbnail\" alt=\"\" loading=\"lazy\" \/><\/a>\n\t\t\t<\/div><\/figure><figure class='gallery-item'>\n\t\t\t<div class='gallery-icon landscape'>\n\t\t\t\t<a href='http:\/\/archiwum.festiwale.zakopane.pl\/festiwal-folkloru\/2021\/08\/18\/animacje-dla-najmlodszych-drewniani-przyjaciele-sw-franciszka\/dsc_0070\/'><img width=\"150\" height=\"150\" src=\"http:\/\/archiwum.festiwale.zakopane.pl\/festiwal-folkloru\/wp-content\/uploads\/sites\/13\/2021\/08\/DSC_0070-150x150.jpg\" class=\"attachment-thumbnail size-thumbnail\" alt=\"\" loading=\"lazy\" \/><\/a>\n\t\t\t<\/div><\/figure><figure class='gallery-item'>\n\t\t\t<div class='gallery-icon landscape'>\n\t\t\t\t<a href='http:\/\/archiwum.festiwale.zakopane.pl\/festiwal-folkloru\/2021\/08\/18\/animacje-dla-najmlodszych-drewniani-przyjaciele-sw-franciszka\/dsc_0075\/'><img width=\"150\" height=\"150\" src=\"http:\/\/archiwum.festiwale.zakopane.pl\/festiwal-folkloru\/wp-content\/uploads\/sites\/13\/2021\/08\/DSC_0075-150x150.jpg\" class=\"attachment-thumbnail size-thumbnail\" alt=\"\" loading=\"lazy\" \/><\/a>\n\t\t\t<\/div><\/figure><figure class='gallery-item'>\n\t\t\t<div class='gallery-icon landscape'>\n\t\t\t\t<a href='http:\/\/archiwum.festiwale.zakopane.pl\/festiwal-folkloru\/2021\/08\/18\/animacje-dla-najmlodszych-drewniani-przyjaciele-sw-franciszka\/dsc_0079\/'><img width=\"150\" height=\"150\" src=\"http:\/\/archiwum.festiwale.zakopane.pl\/festiwal-folkloru\/wp-content\/uploads\/sites\/13\/2021\/08\/DSC_0079-150x150.jpg\" class=\"attachment-thumbnail size-thumbnail\" alt=\"\" loading=\"lazy\" \/><\/a>\n\t\t\t<\/div><\/figure><figure class='gallery-item'>\n\t\t\t<div class='gallery-icon landscape'>\n\t\t\t\t<a href='http:\/\/archiwum.festiwale.zakopane.pl\/festiwal-folkloru\/2021\/08\/18\/animacje-dla-najmlodszych-drewniani-przyjaciele-sw-franciszka\/dsc_0081\/'><img width=\"150\" height=\"150\" src=\"http:\/\/archiwum.festiwale.zakopane.pl\/festiwal-folkloru\/wp-content\/uploads\/sites\/13\/2021\/08\/DSC_0081-150x150.jpg\" class=\"attachment-thumbnail size-thumbnail\" alt=\"\" loading=\"lazy\" \/><\/a>\n\t\t\t<\/div><\/figure>\n\t\t<\/div>\n\n","protected":false},"excerpt":{"rendered":"<p>Dzisiejsze spotkanie poprowadzi\u0142 Piotr Mentel ze Stryszawy &#8211; tw\u00f3rca ludowy, ptaszkarz i zabawkarz. Na animacje [&hellip;]<\/p>\n","protected":false},"author":5,"featured_media":1983,"comment_status":"closed","ping_status":"closed","sticky":false,"template":"","format":"standard","meta":[],"categories":[1],"tags":[],"acf":[],"_links":{"self":[{"href":"http:\/\/archiwum.festiwale.zakopane.pl\/festiwal-folkloru\/wp-json\/wp\/v2\/posts\/1970"}],"collection":[{"href":"http:\/\/archiwum.festiwale.zakopane.pl\/festiwal-folkloru\/wp-json\/wp\/v2\/posts"}],"about":[{"href":"http:\/\/archiwum.festiwale.zakopane.pl\/festiwal-folkloru\/wp-json\/wp\/v2\/types\/post"}],"author":[{"embeddable":true,"href":"http:\/\/archiwum.festiwale.zakopane.pl\/festiwal-folkloru\/wp-json\/wp\/v2\/users\/5"}],"replies":[{"embeddable":true,"href":"http:\/\/archiwum.festiwale.zakopane.pl\/festiwal-folkloru\/wp-json\/wp\/v2\/comments?post=1970"}],"version-history":[{"count":2,"href":"http:\/\/archiwum.festiwale.zakopane.pl\/festiwal-folkloru\/wp-json\/wp\/v2\/posts\/1970\/revisions"}],"predecessor-version":[{"id":1985,"href":"http:\/\/archiwum.festiwale.zakopane.pl\/festiwal-folkloru\/wp-json\/wp\/v2\/posts\/1970\/revisions\/1985"}],"wp:featuredmedia":[{"embeddable":true,"href":"http:\/\/archiwum.festiwale.zakopane.pl\/festiwal-folkloru\/wp-json\/wp\/v2\/media\/1983"}],"wp:attachment":[{"href":"http:\/\/archiwum.festiwale.zakopane.pl\/festiwal-folkloru\/wp-json\/wp\/v2\/media?parent=1970"}],"wp:term":[{"taxonomy":"category","embeddable":true,"href":"http:\/\/archiwum.festiwale.zakopane.pl\/festiwal-folkloru\/wp-json\/wp\/v2\/categories?post=1970"},{"taxonomy":"post_tag","embeddable":true,"href":"http:\/\/archiwum.festiwale.zakopane.pl\/festiwal-folkloru\/wp-json\/wp\/v2\/tags?post=1970"}],"curies":[{"name":"wp","href":"https:\/\/api.w.org\/{rel}","templated":true}]}}