{"id":1930,"date":"2021-08-18T15:53:13","date_gmt":"2021-08-18T13:53:13","guid":{"rendered":"https:\/\/festiwale.zakopane.pl\/festiwal-folkloru\/?p=1930"},"modified":"2021-08-18T15:53:13","modified_gmt":"2021-08-18T13:53:13","slug":"ostatni-dzien-zmagan-w-miedzynarodowym-konkursie-kapel-instrumentalistow-i-spiewakow-ludowych-im-wladyslawa-trebuni-tutki","status":"publish","type":"post","link":"http:\/\/archiwum.festiwale.zakopane.pl\/festiwal-folkloru\/2021\/08\/18\/ostatni-dzien-zmagan-w-miedzynarodowym-konkursie-kapel-instrumentalistow-i-spiewakow-ludowych-im-wladyslawa-trebuni-tutki\/","title":{"rendered":"Ostatni dzie\u0144 zmaga\u0144 w Mi\u0119dzynarodowym Konkursie Kapel, Instrumentalist\u00f3w i \u015apiewak\u00f3w Ludowych im. W\u0142adys\u0142awa Trebuni-Tutki"},"content":{"rendered":"<p><span style=\"font-weight: 400\">W \u015brod\u0119, r\u00f3wno w po\u0142udnie na G\u00f3rnej R\u00f3wni Krupowej odby\u0142 si\u0119 ostatni ju\u017c koncert w ramach tegorocznego Mi\u0119dzynarodowego Konkursu Kapel, Instrumentalist\u00f3w i \u015apiewak\u00f3w Ludowych im. W\u0142adys\u0142awa Trebuni-Tutki. Na scenie wyst\u0105pili: \u201cPrnjavor\u201d (grupa instrumentalna), \u201cPodegrodzcy ch\u0142opcy\u201d (grupa \u015bpiewacza), Corrado Macca (solista), Zesp\u00f3\u0142 im. Klimka Bachledy\u201d (grupa \u015bpiewacza), Regionalny Zesp\u00f3\u0142 Pie\u015bni i Ta\u0144ca \u201cLachy\u201d (grupa \u015bpiewacza), \u201cGiewont\u201d (grupa \u015bpiewacza), Paolo Todaro (solista instrumentalista), \u201cGruppo Folk Triscele\u201d (grupa instrumentalna), \u201cBia\u0142odunajcanie\u201d (grupa \u015bpiewacza), \u201cHamernik\u201d (grupa \u015bpiewacza), Anna \u0141upie\u017cowiec (solistka), Miros\u0142aw Lassak (solista instrumentalista), Anna Kowalska-Wicherek (solistka), M\u0119ska Grupa \u015apiewacza z Tr\u00f3jwsi Beskidzkiej, \u017be\u0144ska Grupa \u015apiewacza z Istebnej \u201cIstebnianki\u201d, Anna Heczko (solistka), Anna Legierska (solistka), Kapela Istebna (grupa instrumentalna), \u015apiywo\u0107ki z Dw\u00f3ch Dziedzin (grupa \u015bpiewacza), Weronika Kurowska (solistka instrumentalistka), Anna Kurowska (solistka), \u201cBia\u0142odunajcanie\u201d (grupa instrumentalna).<\/span><\/p>\n<p><span style=\"font-weight: 400\">Ju\u017c jutro dowiemy si\u0119 do kogo trafi\u0105 \u201cZ\u0142ote zbyrkad\u0142a\u201d. Na og\u0142oszenie wynik\u00f3w i koncert laureat\u00f3w zapraszamy o godz. 12:00 na G\u00f3rn\u0105 R\u00f3wie\u0144 Krupow\u0105.\u00a0<\/span><\/p>\n<p><span style=\"font-weight: 400\">Wyst\u0119py artyst\u00f3w podczas konkursu oceniaj\u0105: przewodnicz\u0105cy prof. dr hab. Bernard Garaj (S\u0142owacja), cz\u0142onkowie: mgr Maria Baliszewska (Polska), prof. nadzw. dr hab. Zbigniew Przerembski, prof. IS PAN (Polska), doc dr Natalia Rashkova (Bu\u0142garia), Lubomir Tyllner\u00a0 (Czechy), Sekretarz: Karolina Sypniewska.\u00a0\u00a0<\/span><\/p>\n<p><span style=\"font-weight: 400\">\u00a0W\u0142adys\u0142aw Trebunia-Tutka, patron konkursu by\u0142 jednym z najwybitniejszych g\u00f3ralskich multiinstrumentalist\u00f3w, malarzem, projektantem, plastykiem, cz\u0142onkiem zespo\u0142u Trebunie-Tutki.\u00a0<\/span><\/p>\n<div id='gallery-1' class='gallery galleryid-1930 gallery-columns-4 gallery-size-thumbnail'><figure class='gallery-item'>\n\t\t\t<div class='gallery-icon landscape'>\n\t\t\t\t<a href='http:\/\/archiwum.festiwale.zakopane.pl\/festiwal-folkloru\/2021\/08\/18\/ostatni-dzien-zmagan-w-miedzynarodowym-konkursie-kapel-instrumentalistow-i-spiewakow-ludowych-im-wladyslawa-trebuni-tutki\/3zxyfkyq\/'><img width=\"150\" height=\"150\" src=\"http:\/\/archiwum.festiwale.zakopane.pl\/festiwal-folkloru\/wp-content\/uploads\/sites\/13\/2021\/08\/3ZxyfKyQ-150x150.jpeg\" class=\"attachment-thumbnail size-thumbnail\" alt=\"\" loading=\"lazy\" \/><\/a>\n\t\t\t<\/div><\/figure><figure class='gallery-item'>\n\t\t\t<div class='gallery-icon landscape'>\n\t\t\t\t<a href='http:\/\/archiwum.festiwale.zakopane.pl\/festiwal-folkloru\/2021\/08\/18\/ostatni-dzien-zmagan-w-miedzynarodowym-konkursie-kapel-instrumentalistow-i-spiewakow-ludowych-im-wladyslawa-trebuni-tutki\/6fx04i9q\/'><img width=\"150\" height=\"150\" src=\"http:\/\/archiwum.festiwale.zakopane.pl\/festiwal-folkloru\/wp-content\/uploads\/sites\/13\/2021\/08\/6FX04i9Q-150x150.jpeg\" class=\"attachment-thumbnail size-thumbnail\" alt=\"\" loading=\"lazy\" \/><\/a>\n\t\t\t<\/div><\/figure><figure class='gallery-item'>\n\t\t\t<div class='gallery-icon landscape'>\n\t\t\t\t<a href='http:\/\/archiwum.festiwale.zakopane.pl\/festiwal-folkloru\/2021\/08\/18\/ostatni-dzien-zmagan-w-miedzynarodowym-konkursie-kapel-instrumentalistow-i-spiewakow-ludowych-im-wladyslawa-trebuni-tutki\/6xwbi6ma\/'><img width=\"150\" height=\"150\" src=\"http:\/\/archiwum.festiwale.zakopane.pl\/festiwal-folkloru\/wp-content\/uploads\/sites\/13\/2021\/08\/6xWbI6MA-150x150.jpeg\" class=\"attachment-thumbnail size-thumbnail\" alt=\"\" loading=\"lazy\" \/><\/a>\n\t\t\t<\/div><\/figure><figure class='gallery-item'>\n\t\t\t<div class='gallery-icon landscape'>\n\t\t\t\t<a href='http:\/\/archiwum.festiwale.zakopane.pl\/festiwal-folkloru\/2021\/08\/18\/ostatni-dzien-zmagan-w-miedzynarodowym-konkursie-kapel-instrumentalistow-i-spiewakow-ludowych-im-wladyslawa-trebuni-tutki\/8uuknj6g\/'><img width=\"150\" height=\"150\" src=\"http:\/\/archiwum.festiwale.zakopane.pl\/festiwal-folkloru\/wp-content\/uploads\/sites\/13\/2021\/08\/8uUKNj6g-150x150.jpeg\" class=\"attachment-thumbnail size-thumbnail\" alt=\"\" loading=\"lazy\" \/><\/a>\n\t\t\t<\/div><\/figure><figure class='gallery-item'>\n\t\t\t<div class='gallery-icon landscape'>\n\t\t\t\t<a href='http:\/\/archiwum.festiwale.zakopane.pl\/festiwal-folkloru\/2021\/08\/18\/ostatni-dzien-zmagan-w-miedzynarodowym-konkursie-kapel-instrumentalistow-i-spiewakow-ludowych-im-wladyslawa-trebuni-tutki\/9d0prp7a\/'><img width=\"150\" height=\"150\" src=\"http:\/\/archiwum.festiwale.zakopane.pl\/festiwal-folkloru\/wp-content\/uploads\/sites\/13\/2021\/08\/9D0PRP7A-150x150.jpeg\" class=\"attachment-thumbnail size-thumbnail\" alt=\"\" loading=\"lazy\" \/><\/a>\n\t\t\t<\/div><\/figure><figure class='gallery-item'>\n\t\t\t<div class='gallery-icon landscape'>\n\t\t\t\t<a href='http:\/\/archiwum.festiwale.zakopane.pl\/festiwal-folkloru\/2021\/08\/18\/ostatni-dzien-zmagan-w-miedzynarodowym-konkursie-kapel-instrumentalistow-i-spiewakow-ludowych-im-wladyslawa-trebuni-tutki\/64fukakw-1\/'><img width=\"150\" height=\"150\" src=\"http:\/\/archiwum.festiwale.zakopane.pl\/festiwal-folkloru\/wp-content\/uploads\/sites\/13\/2021\/08\/64fUkAKw-1-150x150.jpeg\" class=\"attachment-thumbnail size-thumbnail\" alt=\"\" loading=\"lazy\" \/><\/a>\n\t\t\t<\/div><\/figure><figure class='gallery-item'>\n\t\t\t<div class='gallery-icon landscape'>\n\t\t\t\t<a href='http:\/\/archiwum.festiwale.zakopane.pl\/festiwal-folkloru\/2021\/08\/18\/ostatni-dzien-zmagan-w-miedzynarodowym-konkursie-kapel-instrumentalistow-i-spiewakow-ludowych-im-wladyslawa-trebuni-tutki\/dsc_0219\/'><img width=\"150\" height=\"150\" src=\"http:\/\/archiwum.festiwale.zakopane.pl\/festiwal-folkloru\/wp-content\/uploads\/sites\/13\/2021\/08\/DSC_0219-150x150.jpg\" class=\"attachment-thumbnail size-thumbnail\" alt=\"\" loading=\"lazy\" \/><\/a>\n\t\t\t<\/div><\/figure><figure class='gallery-item'>\n\t\t\t<div class='gallery-icon landscape'>\n\t\t\t\t<a href='http:\/\/archiwum.festiwale.zakopane.pl\/festiwal-folkloru\/2021\/08\/18\/ostatni-dzien-zmagan-w-miedzynarodowym-konkursie-kapel-instrumentalistow-i-spiewakow-ludowych-im-wladyslawa-trebuni-tutki\/fiboan2q\/'><img width=\"150\" height=\"150\" src=\"http:\/\/archiwum.festiwale.zakopane.pl\/festiwal-folkloru\/wp-content\/uploads\/sites\/13\/2021\/08\/FIbOaN2Q-150x150.jpeg\" class=\"attachment-thumbnail size-thumbnail\" alt=\"\" loading=\"lazy\" \/><\/a>\n\t\t\t<\/div><\/figure><figure class='gallery-item'>\n\t\t\t<div class='gallery-icon landscape'>\n\t\t\t\t<a href='http:\/\/archiwum.festiwale.zakopane.pl\/festiwal-folkloru\/2021\/08\/18\/ostatni-dzien-zmagan-w-miedzynarodowym-konkursie-kapel-instrumentalistow-i-spiewakow-ludowych-im-wladyslawa-trebuni-tutki\/fxzdupmq\/'><img width=\"150\" height=\"150\" src=\"http:\/\/archiwum.festiwale.zakopane.pl\/festiwal-folkloru\/wp-content\/uploads\/sites\/13\/2021\/08\/fxzDUpMQ-150x150.jpeg\" class=\"attachment-thumbnail size-thumbnail\" alt=\"\" loading=\"lazy\" \/><\/a>\n\t\t\t<\/div><\/figure><figure class='gallery-item'>\n\t\t\t<div class='gallery-icon landscape'>\n\t\t\t\t<a href='http:\/\/archiwum.festiwale.zakopane.pl\/festiwal-folkloru\/2021\/08\/18\/ostatni-dzien-zmagan-w-miedzynarodowym-konkursie-kapel-instrumentalistow-i-spiewakow-ludowych-im-wladyslawa-trebuni-tutki\/ho7jlaia\/'><img width=\"150\" height=\"150\" src=\"http:\/\/archiwum.festiwale.zakopane.pl\/festiwal-folkloru\/wp-content\/uploads\/sites\/13\/2021\/08\/HO7JLAIA-150x150.jpeg\" class=\"attachment-thumbnail size-thumbnail\" alt=\"\" loading=\"lazy\" \/><\/a>\n\t\t\t<\/div><\/figure><figure class='gallery-item'>\n\t\t\t<div class='gallery-icon landscape'>\n\t\t\t\t<a href='http:\/\/archiwum.festiwale.zakopane.pl\/festiwal-folkloru\/2021\/08\/18\/ostatni-dzien-zmagan-w-miedzynarodowym-konkursie-kapel-instrumentalistow-i-spiewakow-ludowych-im-wladyslawa-trebuni-tutki\/hynzrksa\/'><img width=\"150\" height=\"150\" src=\"http:\/\/archiwum.festiwale.zakopane.pl\/festiwal-folkloru\/wp-content\/uploads\/sites\/13\/2021\/08\/hYNzRkSA-150x150.jpeg\" class=\"attachment-thumbnail size-thumbnail\" alt=\"\" loading=\"lazy\" \/><\/a>\n\t\t\t<\/div><\/figure><figure class='gallery-item'>\n\t\t\t<div class='gallery-icon landscape'>\n\t\t\t\t<a href='http:\/\/archiwum.festiwale.zakopane.pl\/festiwal-folkloru\/2021\/08\/18\/ostatni-dzien-zmagan-w-miedzynarodowym-konkursie-kapel-instrumentalistow-i-spiewakow-ludowych-im-wladyslawa-trebuni-tutki\/l6egn3pa\/'><img width=\"150\" height=\"150\" src=\"http:\/\/archiwum.festiwale.zakopane.pl\/festiwal-folkloru\/wp-content\/uploads\/sites\/13\/2021\/08\/L6egn3pA-150x150.jpeg\" class=\"attachment-thumbnail size-thumbnail\" alt=\"\" loading=\"lazy\" \/><\/a>\n\t\t\t<\/div><\/figure><figure class='gallery-item'>\n\t\t\t<div class='gallery-icon landscape'>\n\t\t\t\t<a href='http:\/\/archiwum.festiwale.zakopane.pl\/festiwal-folkloru\/2021\/08\/18\/ostatni-dzien-zmagan-w-miedzynarodowym-konkursie-kapel-instrumentalistow-i-spiewakow-ludowych-im-wladyslawa-trebuni-tutki\/q_5j2ksc\/'><img width=\"150\" height=\"150\" src=\"http:\/\/archiwum.festiwale.zakopane.pl\/festiwal-folkloru\/wp-content\/uploads\/sites\/13\/2021\/08\/q_5j2ksc-150x150.jpeg\" class=\"attachment-thumbnail size-thumbnail\" alt=\"\" loading=\"lazy\" \/><\/a>\n\t\t\t<\/div><\/figure><figure class='gallery-item'>\n\t\t\t<div class='gallery-icon landscape'>\n\t\t\t\t<a href='http:\/\/archiwum.festiwale.zakopane.pl\/festiwal-folkloru\/2021\/08\/18\/ostatni-dzien-zmagan-w-miedzynarodowym-konkursie-kapel-instrumentalistow-i-spiewakow-ludowych-im-wladyslawa-trebuni-tutki\/q1y0molw\/'><img width=\"150\" height=\"150\" src=\"http:\/\/archiwum.festiwale.zakopane.pl\/festiwal-folkloru\/wp-content\/uploads\/sites\/13\/2021\/08\/Q1Y0mOLw-150x150.jpeg\" class=\"attachment-thumbnail size-thumbnail\" alt=\"\" loading=\"lazy\" \/><\/a>\n\t\t\t<\/div><\/figure><figure class='gallery-item'>\n\t\t\t<div class='gallery-icon landscape'>\n\t\t\t\t<a href='http:\/\/archiwum.festiwale.zakopane.pl\/festiwal-folkloru\/2021\/08\/18\/ostatni-dzien-zmagan-w-miedzynarodowym-konkursie-kapel-instrumentalistow-i-spiewakow-ludowych-im-wladyslawa-trebuni-tutki\/rvdpolba\/'><img width=\"150\" height=\"150\" src=\"http:\/\/archiwum.festiwale.zakopane.pl\/festiwal-folkloru\/wp-content\/uploads\/sites\/13\/2021\/08\/rvDPOlbA-150x150.jpeg\" class=\"attachment-thumbnail size-thumbnail\" alt=\"\" loading=\"lazy\" \/><\/a>\n\t\t\t<\/div><\/figure><figure class='gallery-item'>\n\t\t\t<div class='gallery-icon landscape'>\n\t\t\t\t<a href='http:\/\/archiwum.festiwale.zakopane.pl\/festiwal-folkloru\/2021\/08\/18\/ostatni-dzien-zmagan-w-miedzynarodowym-konkursie-kapel-instrumentalistow-i-spiewakow-ludowych-im-wladyslawa-trebuni-tutki\/sfaweodw\/'><img width=\"150\" height=\"150\" src=\"http:\/\/archiwum.festiwale.zakopane.pl\/festiwal-folkloru\/wp-content\/uploads\/sites\/13\/2021\/08\/SFAweODw-150x150.jpeg\" class=\"attachment-thumbnail size-thumbnail\" alt=\"\" loading=\"lazy\" \/><\/a>\n\t\t\t<\/div><\/figure><figure class='gallery-item'>\n\t\t\t<div class='gallery-icon landscape'>\n\t\t\t\t<a href='http:\/\/archiwum.festiwale.zakopane.pl\/festiwal-folkloru\/2021\/08\/18\/ostatni-dzien-zmagan-w-miedzynarodowym-konkursie-kapel-instrumentalistow-i-spiewakow-ludowych-im-wladyslawa-trebuni-tutki\/sva3koua\/'><img width=\"150\" height=\"150\" src=\"http:\/\/archiwum.festiwale.zakopane.pl\/festiwal-folkloru\/wp-content\/uploads\/sites\/13\/2021\/08\/sVa3kOuA-150x150.jpeg\" class=\"attachment-thumbnail size-thumbnail\" alt=\"\" loading=\"lazy\" \/><\/a>\n\t\t\t<\/div><\/figure><figure class='gallery-item'>\n\t\t\t<div class='gallery-icon landscape'>\n\t\t\t\t<a href='http:\/\/archiwum.festiwale.zakopane.pl\/festiwal-folkloru\/2021\/08\/18\/ostatni-dzien-zmagan-w-miedzynarodowym-konkursie-kapel-instrumentalistow-i-spiewakow-ludowych-im-wladyslawa-trebuni-tutki\/ulnoyaoq\/'><img width=\"150\" height=\"150\" src=\"http:\/\/archiwum.festiwale.zakopane.pl\/festiwal-folkloru\/wp-content\/uploads\/sites\/13\/2021\/08\/ULNOyAoQ-150x150.jpeg\" class=\"attachment-thumbnail size-thumbnail\" alt=\"\" loading=\"lazy\" \/><\/a>\n\t\t\t<\/div><\/figure><figure class='gallery-item'>\n\t\t\t<div class='gallery-icon landscape'>\n\t\t\t\t<a href='http:\/\/archiwum.festiwale.zakopane.pl\/festiwal-folkloru\/2021\/08\/18\/ostatni-dzien-zmagan-w-miedzynarodowym-konkursie-kapel-instrumentalistow-i-spiewakow-ludowych-im-wladyslawa-trebuni-tutki\/vultobhg\/'><img width=\"150\" height=\"150\" src=\"http:\/\/archiwum.festiwale.zakopane.pl\/festiwal-folkloru\/wp-content\/uploads\/sites\/13\/2021\/08\/vuLtoBHg-150x150.jpeg\" class=\"attachment-thumbnail size-thumbnail\" alt=\"\" loading=\"lazy\" \/><\/a>\n\t\t\t<\/div><\/figure><figure class='gallery-item'>\n\t\t\t<div class='gallery-icon landscape'>\n\t\t\t\t<a href='http:\/\/archiwum.festiwale.zakopane.pl\/festiwal-folkloru\/2021\/08\/18\/ostatni-dzien-zmagan-w-miedzynarodowym-konkursie-kapel-instrumentalistow-i-spiewakow-ludowych-im-wladyslawa-trebuni-tutki\/xap-nwmq\/'><img width=\"150\" height=\"150\" src=\"http:\/\/archiwum.festiwale.zakopane.pl\/festiwal-folkloru\/wp-content\/uploads\/sites\/13\/2021\/08\/XAP-nWmQ-150x150.jpeg\" class=\"attachment-thumbnail size-thumbnail\" alt=\"\" loading=\"lazy\" \/><\/a>\n\t\t\t<\/div><\/figure><figure class='gallery-item'>\n\t\t\t<div class='gallery-icon landscape'>\n\t\t\t\t<a href='http:\/\/archiwum.festiwale.zakopane.pl\/festiwal-folkloru\/2021\/08\/18\/ostatni-dzien-zmagan-w-miedzynarodowym-konkursie-kapel-instrumentalistow-i-spiewakow-ludowych-im-wladyslawa-trebuni-tutki\/xbjas-tg\/'><img width=\"150\" height=\"150\" src=\"http:\/\/archiwum.festiwale.zakopane.pl\/festiwal-folkloru\/wp-content\/uploads\/sites\/13\/2021\/08\/xbjAS-Tg-150x150.jpeg\" class=\"attachment-thumbnail size-thumbnail\" alt=\"\" loading=\"lazy\" \/><\/a>\n\t\t\t<\/div><\/figure><figure class='gallery-item'>\n\t\t\t<div class='gallery-icon landscape'>\n\t\t\t\t<a href='http:\/\/archiwum.festiwale.zakopane.pl\/festiwal-folkloru\/2021\/08\/18\/ostatni-dzien-zmagan-w-miedzynarodowym-konkursie-kapel-instrumentalistow-i-spiewakow-ludowych-im-wladyslawa-trebuni-tutki\/zbaqpn8a\/'><img width=\"150\" height=\"150\" src=\"http:\/\/archiwum.festiwale.zakopane.pl\/festiwal-folkloru\/wp-content\/uploads\/sites\/13\/2021\/08\/zbAqPN8A-150x150.jpeg\" class=\"attachment-thumbnail size-thumbnail\" alt=\"\" loading=\"lazy\" \/><\/a>\n\t\t\t<\/div><\/figure><figure class='gallery-item'>\n\t\t\t<div class='gallery-icon landscape'>\n\t\t\t\t<a href='http:\/\/archiwum.festiwale.zakopane.pl\/festiwal-folkloru\/2021\/08\/18\/ostatni-dzien-zmagan-w-miedzynarodowym-konkursie-kapel-instrumentalistow-i-spiewakow-ludowych-im-wladyslawa-trebuni-tutki\/dsc_0230\/'><img width=\"150\" height=\"150\" src=\"http:\/\/archiwum.festiwale.zakopane.pl\/festiwal-folkloru\/wp-content\/uploads\/sites\/13\/2021\/08\/DSC_0230-150x150.jpg\" class=\"attachment-thumbnail size-thumbnail\" alt=\"\" loading=\"lazy\" \/><\/a>\n\t\t\t<\/div><\/figure>\n\t\t<\/div>\n\n","protected":false},"excerpt":{"rendered":"<p>W \u015brod\u0119, r\u00f3wno w po\u0142udnie na G\u00f3rnej R\u00f3wni Krupowej odby\u0142 si\u0119 ostatni ju\u017c koncert w [&hellip;]<\/p>\n","protected":false},"author":5,"featured_media":1953,"comment_status":"closed","ping_status":"closed","sticky":false,"template":"","format":"standard","meta":[],"categories":[1],"tags":[],"acf":[],"_links":{"self":[{"href":"http:\/\/archiwum.festiwale.zakopane.pl\/festiwal-folkloru\/wp-json\/wp\/v2\/posts\/1930"}],"collection":[{"href":"http:\/\/archiwum.festiwale.zakopane.pl\/festiwal-folkloru\/wp-json\/wp\/v2\/posts"}],"about":[{"href":"http:\/\/archiwum.festiwale.zakopane.pl\/festiwal-folkloru\/wp-json\/wp\/v2\/types\/post"}],"author":[{"embeddable":true,"href":"http:\/\/archiwum.festiwale.zakopane.pl\/festiwal-folkloru\/wp-json\/wp\/v2\/users\/5"}],"replies":[{"embeddable":true,"href":"http:\/\/archiwum.festiwale.zakopane.pl\/festiwal-folkloru\/wp-json\/wp\/v2\/comments?post=1930"}],"version-history":[{"count":2,"href":"http:\/\/archiwum.festiwale.zakopane.pl\/festiwal-folkloru\/wp-json\/wp\/v2\/posts\/1930\/revisions"}],"predecessor-version":[{"id":2458,"href":"http:\/\/archiwum.festiwale.zakopane.pl\/festiwal-folkloru\/wp-json\/wp\/v2\/posts\/1930\/revisions\/2458"}],"wp:featuredmedia":[{"embeddable":true,"href":"http:\/\/archiwum.festiwale.zakopane.pl\/festiwal-folkloru\/wp-json\/wp\/v2\/media\/1953"}],"wp:attachment":[{"href":"http:\/\/archiwum.festiwale.zakopane.pl\/festiwal-folkloru\/wp-json\/wp\/v2\/media?parent=1930"}],"wp:term":[{"taxonomy":"category","embeddable":true,"href":"http:\/\/archiwum.festiwale.zakopane.pl\/festiwal-folkloru\/wp-json\/wp\/v2\/categories?post=1930"},{"taxonomy":"post_tag","embeddable":true,"href":"http:\/\/archiwum.festiwale.zakopane.pl\/festiwal-folkloru\/wp-json\/wp\/v2\/tags?post=1930"}],"curies":[{"name":"wp","href":"https:\/\/api.w.org\/{rel}","templated":true}]}}