{"id":1891,"date":"2021-08-18T13:11:58","date_gmt":"2021-08-18T11:11:58","guid":{"rendered":"https:\/\/festiwale.zakopane.pl\/festiwal-folkloru\/?p=1891"},"modified":"2021-08-18T13:13:06","modified_gmt":"2021-08-18T11:13:06","slug":"spotkanie-burmistrza-miasta-zakopane-z-przedstawicielami-zespolow-52-mffzg","status":"publish","type":"post","link":"http:\/\/archiwum.festiwale.zakopane.pl\/festiwal-folkloru\/2021\/08\/18\/spotkanie-burmistrza-miasta-zakopane-z-przedstawicielami-zespolow-52-mffzg\/","title":{"rendered":"Spotkanie Burmistrza Miasta Zakopane z przedstawicielami zespo\u0142\u00f3w 52. MFFZG!"},"content":{"rendered":"<p><strong>Burmistrz Miasta Zakopane<\/strong> spotka\u0142 si\u0119 dzisiaj z <strong>przedstawicielami zespo\u0142\u00f3w 52. MFFZG<\/strong>. By\u0142 to czas przywitania i podzi\u0119kowa\u0144 za przybycie do naszego kraju i na samo Podhale, by m\u00f3c zaprezentowa\u0107 swoj\u0105 kultur\u0119 i tradycje. Rok przerwy nie przeszkodzi\u0142 w tym, by na nowo i z ogromn\u0105 rado\u015bci\u0105 spotka\u0107 si\u0119 w trakcie letniego Festiwalu. Na spotkaniu Burmistrz Miasta Zakopane porozmawia\u0142 z ka\u017cdym zespo\u0142em oraz wr\u0119czy\u0142 pami\u0105tkowe upominki.<\/p>\n<p>W trakcie wydarzenia, Burmistrzowi towarzyszy\u0142y <strong>Wiceburmistrz Agnieszka Nowak G\u0105sienica<\/strong> oraz <strong>Dyrektor Festiwalu<\/strong>\u00a0<strong>Joanna Staszak.<\/strong><\/p>\n<div id='gallery-1' class='gallery galleryid-1891 gallery-columns-4 gallery-size-thumbnail'><figure class='gallery-item'>\n\t\t\t<div class='gallery-icon landscape'>\n\t\t\t\t<a href='http:\/\/archiwum.festiwale.zakopane.pl\/festiwal-folkloru\/2021\/08\/18\/spotkanie-burmistrza-miasta-zakopane-z-przedstawicielami-zespolow-52-mffzg\/dsc_5027\/'><img width=\"150\" height=\"150\" src=\"http:\/\/archiwum.festiwale.zakopane.pl\/festiwal-folkloru\/wp-content\/uploads\/sites\/13\/2021\/08\/DSC_5027-150x150.jpg\" class=\"attachment-thumbnail size-thumbnail\" alt=\"\" loading=\"lazy\" \/><\/a>\n\t\t\t<\/div><\/figure><figure class='gallery-item'>\n\t\t\t<div class='gallery-icon landscape'>\n\t\t\t\t<a href='http:\/\/archiwum.festiwale.zakopane.pl\/festiwal-folkloru\/2021\/08\/18\/spotkanie-burmistrza-miasta-zakopane-z-przedstawicielami-zespolow-52-mffzg\/dsc_5017\/'><img width=\"150\" height=\"150\" src=\"http:\/\/archiwum.festiwale.zakopane.pl\/festiwal-folkloru\/wp-content\/uploads\/sites\/13\/2021\/08\/DSC_5017-150x150.jpg\" class=\"attachment-thumbnail size-thumbnail\" alt=\"\" loading=\"lazy\" \/><\/a>\n\t\t\t<\/div><\/figure><figure class='gallery-item'>\n\t\t\t<div class='gallery-icon landscape'>\n\t\t\t\t<a href='http:\/\/archiwum.festiwale.zakopane.pl\/festiwal-folkloru\/2021\/08\/18\/spotkanie-burmistrza-miasta-zakopane-z-przedstawicielami-zespolow-52-mffzg\/dsc_5021\/'><img width=\"150\" height=\"150\" src=\"http:\/\/archiwum.festiwale.zakopane.pl\/festiwal-folkloru\/wp-content\/uploads\/sites\/13\/2021\/08\/DSC_5021-150x150.jpg\" class=\"attachment-thumbnail size-thumbnail\" alt=\"\" loading=\"lazy\" \/><\/a>\n\t\t\t<\/div><\/figure><figure class='gallery-item'>\n\t\t\t<div class='gallery-icon landscape'>\n\t\t\t\t<a href='http:\/\/archiwum.festiwale.zakopane.pl\/festiwal-folkloru\/2021\/08\/18\/spotkanie-burmistrza-miasta-zakopane-z-przedstawicielami-zespolow-52-mffzg\/dsc_5022\/'><img width=\"150\" height=\"150\" src=\"http:\/\/archiwum.festiwale.zakopane.pl\/festiwal-folkloru\/wp-content\/uploads\/sites\/13\/2021\/08\/DSC_5022-150x150.jpg\" class=\"attachment-thumbnail size-thumbnail\" alt=\"\" loading=\"lazy\" \/><\/a>\n\t\t\t<\/div><\/figure><figure class='gallery-item'>\n\t\t\t<div class='gallery-icon landscape'>\n\t\t\t\t<a href='http:\/\/archiwum.festiwale.zakopane.pl\/festiwal-folkloru\/2021\/08\/18\/spotkanie-burmistrza-miasta-zakopane-z-przedstawicielami-zespolow-52-mffzg\/dsc_5035\/'><img width=\"150\" height=\"150\" src=\"http:\/\/archiwum.festiwale.zakopane.pl\/festiwal-folkloru\/wp-content\/uploads\/sites\/13\/2021\/08\/DSC_5035-150x150.jpg\" class=\"attachment-thumbnail size-thumbnail\" alt=\"\" loading=\"lazy\" \/><\/a>\n\t\t\t<\/div><\/figure><figure class='gallery-item'>\n\t\t\t<div class='gallery-icon landscape'>\n\t\t\t\t<a href='http:\/\/archiwum.festiwale.zakopane.pl\/festiwal-folkloru\/2021\/08\/18\/spotkanie-burmistrza-miasta-zakopane-z-przedstawicielami-zespolow-52-mffzg\/dsc_5046\/'><img width=\"150\" height=\"150\" src=\"http:\/\/archiwum.festiwale.zakopane.pl\/festiwal-folkloru\/wp-content\/uploads\/sites\/13\/2021\/08\/DSC_5046-150x150.jpg\" class=\"attachment-thumbnail size-thumbnail\" alt=\"\" loading=\"lazy\" \/><\/a>\n\t\t\t<\/div><\/figure><figure class='gallery-item'>\n\t\t\t<div class='gallery-icon landscape'>\n\t\t\t\t<a href='http:\/\/archiwum.festiwale.zakopane.pl\/festiwal-folkloru\/2021\/08\/18\/spotkanie-burmistrza-miasta-zakopane-z-przedstawicielami-zespolow-52-mffzg\/dsc_5049\/'><img width=\"150\" height=\"150\" src=\"http:\/\/archiwum.festiwale.zakopane.pl\/festiwal-folkloru\/wp-content\/uploads\/sites\/13\/2021\/08\/DSC_5049-150x150.jpg\" class=\"attachment-thumbnail size-thumbnail\" alt=\"\" loading=\"lazy\" \/><\/a>\n\t\t\t<\/div><\/figure><figure class='gallery-item'>\n\t\t\t<div class='gallery-icon landscape'>\n\t\t\t\t<a href='http:\/\/archiwum.festiwale.zakopane.pl\/festiwal-folkloru\/2021\/08\/18\/spotkanie-burmistrza-miasta-zakopane-z-przedstawicielami-zespolow-52-mffzg\/dsc_5051\/'><img width=\"150\" height=\"150\" src=\"http:\/\/archiwum.festiwale.zakopane.pl\/festiwal-folkloru\/wp-content\/uploads\/sites\/13\/2021\/08\/DSC_5051-150x150.jpg\" class=\"attachment-thumbnail size-thumbnail\" alt=\"\" loading=\"lazy\" \/><\/a>\n\t\t\t<\/div><\/figure><figure class='gallery-item'>\n\t\t\t<div class='gallery-icon landscape'>\n\t\t\t\t<a href='http:\/\/archiwum.festiwale.zakopane.pl\/festiwal-folkloru\/2021\/08\/18\/spotkanie-burmistrza-miasta-zakopane-z-przedstawicielami-zespolow-52-mffzg\/dsc_5053\/'><img width=\"150\" height=\"150\" src=\"http:\/\/archiwum.festiwale.zakopane.pl\/festiwal-folkloru\/wp-content\/uploads\/sites\/13\/2021\/08\/DSC_5053-150x150.jpg\" class=\"attachment-thumbnail size-thumbnail\" alt=\"\" loading=\"lazy\" \/><\/a>\n\t\t\t<\/div><\/figure><figure class='gallery-item'>\n\t\t\t<div class='gallery-icon landscape'>\n\t\t\t\t<a href='http:\/\/archiwum.festiwale.zakopane.pl\/festiwal-folkloru\/2021\/08\/18\/spotkanie-burmistrza-miasta-zakopane-z-przedstawicielami-zespolow-52-mffzg\/dsc_5062\/'><img width=\"150\" height=\"150\" src=\"http:\/\/archiwum.festiwale.zakopane.pl\/festiwal-folkloru\/wp-content\/uploads\/sites\/13\/2021\/08\/DSC_5062-150x150.jpg\" class=\"attachment-thumbnail size-thumbnail\" alt=\"\" loading=\"lazy\" \/><\/a>\n\t\t\t<\/div><\/figure><figure class='gallery-item'>\n\t\t\t<div class='gallery-icon landscape'>\n\t\t\t\t<a href='http:\/\/archiwum.festiwale.zakopane.pl\/festiwal-folkloru\/2021\/08\/18\/spotkanie-burmistrza-miasta-zakopane-z-przedstawicielami-zespolow-52-mffzg\/dsc_5072\/'><img width=\"150\" height=\"150\" src=\"http:\/\/archiwum.festiwale.zakopane.pl\/festiwal-folkloru\/wp-content\/uploads\/sites\/13\/2021\/08\/DSC_5072-150x150.jpg\" class=\"attachment-thumbnail size-thumbnail\" alt=\"\" loading=\"lazy\" \/><\/a>\n\t\t\t<\/div><\/figure><figure class='gallery-item'>\n\t\t\t<div class='gallery-icon landscape'>\n\t\t\t\t<a href='http:\/\/archiwum.festiwale.zakopane.pl\/festiwal-folkloru\/2021\/08\/18\/spotkanie-burmistrza-miasta-zakopane-z-przedstawicielami-zespolow-52-mffzg\/dsc_5078-2\/'><img width=\"150\" height=\"150\" src=\"http:\/\/archiwum.festiwale.zakopane.pl\/festiwal-folkloru\/wp-content\/uploads\/sites\/13\/2021\/08\/DSC_5078-1-150x150.jpg\" class=\"attachment-thumbnail size-thumbnail\" alt=\"\" loading=\"lazy\" \/><\/a>\n\t\t\t<\/div><\/figure><figure class='gallery-item'>\n\t\t\t<div class='gallery-icon landscape'>\n\t\t\t\t<a href='http:\/\/archiwum.festiwale.zakopane.pl\/festiwal-folkloru\/2021\/08\/18\/spotkanie-burmistrza-miasta-zakopane-z-przedstawicielami-zespolow-52-mffzg\/dsc_5085-2\/'><img width=\"150\" height=\"150\" src=\"http:\/\/archiwum.festiwale.zakopane.pl\/festiwal-folkloru\/wp-content\/uploads\/sites\/13\/2021\/08\/DSC_5085-1-150x150.jpg\" class=\"attachment-thumbnail size-thumbnail\" alt=\"\" loading=\"lazy\" \/><\/a>\n\t\t\t<\/div><\/figure><figure class='gallery-item'>\n\t\t\t<div class='gallery-icon landscape'>\n\t\t\t\t<a href='http:\/\/archiwum.festiwale.zakopane.pl\/festiwal-folkloru\/2021\/08\/18\/spotkanie-burmistrza-miasta-zakopane-z-przedstawicielami-zespolow-52-mffzg\/dsc_5094\/'><img width=\"150\" height=\"150\" src=\"http:\/\/archiwum.festiwale.zakopane.pl\/festiwal-folkloru\/wp-content\/uploads\/sites\/13\/2021\/08\/DSC_5094-150x150.jpg\" class=\"attachment-thumbnail size-thumbnail\" alt=\"\" loading=\"lazy\" \/><\/a>\n\t\t\t<\/div><\/figure><figure class='gallery-item'>\n\t\t\t<div class='gallery-icon landscape'>\n\t\t\t\t<a href='http:\/\/archiwum.festiwale.zakopane.pl\/festiwal-folkloru\/2021\/08\/18\/spotkanie-burmistrza-miasta-zakopane-z-przedstawicielami-zespolow-52-mffzg\/dsc_5099\/'><img width=\"150\" height=\"150\" src=\"http:\/\/archiwum.festiwale.zakopane.pl\/festiwal-folkloru\/wp-content\/uploads\/sites\/13\/2021\/08\/DSC_5099-150x150.jpg\" class=\"attachment-thumbnail size-thumbnail\" alt=\"\" loading=\"lazy\" \/><\/a>\n\t\t\t<\/div><\/figure><figure class='gallery-item'>\n\t\t\t<div class='gallery-icon landscape'>\n\t\t\t\t<a href='http:\/\/archiwum.festiwale.zakopane.pl\/festiwal-folkloru\/2021\/08\/18\/spotkanie-burmistrza-miasta-zakopane-z-przedstawicielami-zespolow-52-mffzg\/dsc_5105\/'><img width=\"150\" height=\"150\" src=\"http:\/\/archiwum.festiwale.zakopane.pl\/festiwal-folkloru\/wp-content\/uploads\/sites\/13\/2021\/08\/DSC_5105-150x150.jpg\" class=\"attachment-thumbnail size-thumbnail\" alt=\"\" loading=\"lazy\" \/><\/a>\n\t\t\t<\/div><\/figure><figure class='gallery-item'>\n\t\t\t<div class='gallery-icon landscape'>\n\t\t\t\t<a href='http:\/\/archiwum.festiwale.zakopane.pl\/festiwal-folkloru\/2021\/08\/18\/spotkanie-burmistrza-miasta-zakopane-z-przedstawicielami-zespolow-52-mffzg\/dsc_5113-2\/'><img width=\"150\" height=\"150\" src=\"http:\/\/archiwum.festiwale.zakopane.pl\/festiwal-folkloru\/wp-content\/uploads\/sites\/13\/2021\/08\/DSC_5113-1-150x150.jpg\" class=\"attachment-thumbnail size-thumbnail\" alt=\"\" loading=\"lazy\" \/><\/a>\n\t\t\t<\/div><\/figure><figure class='gallery-item'>\n\t\t\t<div class='gallery-icon landscape'>\n\t\t\t\t<a href='http:\/\/archiwum.festiwale.zakopane.pl\/festiwal-folkloru\/2021\/08\/18\/spotkanie-burmistrza-miasta-zakopane-z-przedstawicielami-zespolow-52-mffzg\/dsc_5117\/'><img width=\"150\" height=\"150\" src=\"http:\/\/archiwum.festiwale.zakopane.pl\/festiwal-folkloru\/wp-content\/uploads\/sites\/13\/2021\/08\/DSC_5117-150x150.jpg\" class=\"attachment-thumbnail size-thumbnail\" alt=\"\" loading=\"lazy\" \/><\/a>\n\t\t\t<\/div><\/figure><figure class='gallery-item'>\n\t\t\t<div class='gallery-icon landscape'>\n\t\t\t\t<a href='http:\/\/archiwum.festiwale.zakopane.pl\/festiwal-folkloru\/2021\/08\/18\/spotkanie-burmistrza-miasta-zakopane-z-przedstawicielami-zespolow-52-mffzg\/dsc_5091-2\/'><img width=\"150\" height=\"150\" src=\"http:\/\/archiwum.festiwale.zakopane.pl\/festiwal-folkloru\/wp-content\/uploads\/sites\/13\/2021\/08\/DSC_5091-1-150x150.jpg\" class=\"attachment-thumbnail size-thumbnail\" alt=\"\" loading=\"lazy\" \/><\/a>\n\t\t\t<\/div><\/figure><figure class='gallery-item'>\n\t\t\t<div class='gallery-icon landscape'>\n\t\t\t\t<a href='http:\/\/archiwum.festiwale.zakopane.pl\/festiwal-folkloru\/2021\/08\/18\/spotkanie-burmistrza-miasta-zakopane-z-przedstawicielami-zespolow-52-mffzg\/dsc_5109\/'><img width=\"150\" height=\"150\" src=\"http:\/\/archiwum.festiwale.zakopane.pl\/festiwal-folkloru\/wp-content\/uploads\/sites\/13\/2021\/08\/DSC_5109-150x150.jpg\" class=\"attachment-thumbnail size-thumbnail\" alt=\"\" loading=\"lazy\" \/><\/a>\n\t\t\t<\/div><\/figure>\n\t\t<\/div>\n\n","protected":false},"excerpt":{"rendered":"<p>Burmistrz Miasta Zakopane spotka\u0142 si\u0119 dzisiaj z przedstawicielami zespo\u0142\u00f3w 52. MFFZG. By\u0142 to czas przywitania [&hellip;]<\/p>\n","protected":false},"author":5,"featured_media":1910,"comment_status":"closed","ping_status":"closed","sticky":false,"template":"","format":"standard","meta":[],"categories":[1],"tags":[],"acf":[],"_links":{"self":[{"href":"http:\/\/archiwum.festiwale.zakopane.pl\/festiwal-folkloru\/wp-json\/wp\/v2\/posts\/1891"}],"collection":[{"href":"http:\/\/archiwum.festiwale.zakopane.pl\/festiwal-folkloru\/wp-json\/wp\/v2\/posts"}],"about":[{"href":"http:\/\/archiwum.festiwale.zakopane.pl\/festiwal-folkloru\/wp-json\/wp\/v2\/types\/post"}],"author":[{"embeddable":true,"href":"http:\/\/archiwum.festiwale.zakopane.pl\/festiwal-folkloru\/wp-json\/wp\/v2\/users\/5"}],"replies":[{"embeddable":true,"href":"http:\/\/archiwum.festiwale.zakopane.pl\/festiwal-folkloru\/wp-json\/wp\/v2\/comments?post=1891"}],"version-history":[{"count":2,"href":"http:\/\/archiwum.festiwale.zakopane.pl\/festiwal-folkloru\/wp-json\/wp\/v2\/posts\/1891\/revisions"}],"predecessor-version":[{"id":1914,"href":"http:\/\/archiwum.festiwale.zakopane.pl\/festiwal-folkloru\/wp-json\/wp\/v2\/posts\/1891\/revisions\/1914"}],"wp:featuredmedia":[{"embeddable":true,"href":"http:\/\/archiwum.festiwale.zakopane.pl\/festiwal-folkloru\/wp-json\/wp\/v2\/media\/1910"}],"wp:attachment":[{"href":"http:\/\/archiwum.festiwale.zakopane.pl\/festiwal-folkloru\/wp-json\/wp\/v2\/media?parent=1891"}],"wp:term":[{"taxonomy":"category","embeddable":true,"href":"http:\/\/archiwum.festiwale.zakopane.pl\/festiwal-folkloru\/wp-json\/wp\/v2\/categories?post=1891"},{"taxonomy":"post_tag","embeddable":true,"href":"http:\/\/archiwum.festiwale.zakopane.pl\/festiwal-folkloru\/wp-json\/wp\/v2\/tags?post=1891"}],"curies":[{"name":"wp","href":"https:\/\/api.w.org\/{rel}","templated":true}]}}