{"id":1861,"date":"2021-08-18T13:45:46","date_gmt":"2021-08-18T11:45:46","guid":{"rendered":"https:\/\/festiwale.zakopane.pl\/festiwal-folkloru\/?p=1861"},"modified":"2021-08-18T13:45:46","modified_gmt":"2021-08-18T11:45:46","slug":"drugi-dzien-koncertow-konkursowych","status":"publish","type":"post","link":"http:\/\/archiwum.festiwale.zakopane.pl\/festiwal-folkloru\/2021\/08\/18\/drugi-dzien-koncertow-konkursowych\/","title":{"rendered":"Drugi dzie\u0144\u00a0koncert\u00f3w\u00a0konkursowych\u00a0"},"content":{"rendered":"<p><span data-contrast=\"auto\">We wtorek wieczorem Dolna\u00a0R\u00f3wie\u0144\u00a0Krupowa wype\u0142ni\u0142a si\u0119 g\u00f3ralskimi brzmieniami i ta\u0144cami. Jako pierwsi\u00a0na scenie wyst\u0105pili\u00a0g\u00f3rale z Bu\u0142garii. Zesp\u00f3\u0142 \u201eDyado\u00a0Dragoi\u201d przyjecha\u0142 z ma\u0142ej wioski w samym centrum starej Bu\u0142garii-\u00a0\u00a0Dragoevo. Zosta\u0142 za\u0142o\u017cony w 1960 roku, a\u00a0jego g\u0142\u00f3wnym zadaniem jest podtrzymanie i popularyzacja autentycznego folkloru tego zak\u0105tka Bu\u0142garii. Na festiwalowej scenie zaprezentowali dwa obrz\u0119dy zwi\u0105zane z weselem. Pierwszy z nich, nazwany \u201eNiewidoma lalka\u201d, pokazywa\u0142 obrz\u0119d przedweselny, gdzie najm\u0142odsza siostra pana m\u0142odego, z zawi\u0105zanymi oczami omija przeszkody w ogrodzie, symbolizuj\u0105ce trudno\u015bci jakie mo\u017ce napotka\u0107 w \u017cyciu pan m\u0142ody. Drugi z obrz\u0119d\u00f3w, \u201eWeselny poniedzia\u0142ek\u201d ukazywa\u0142 spotkanie krewnych i przyjaci\u00f3\u0142 w domu Pana M\u0142odego.\u00a0<\/span><span data-ccp-props=\"{&quot;201341983&quot;:0,&quot;335559739&quot;:200,&quot;335559740&quot;:276}\">\u00a0<\/span><\/p>\n<p><span data-contrast=\"auto\">Po wyst\u0105pieniu\u00a0Dragoevo, scen\u0105 zaw\u0142adn\u0105\u0142 ukrai\u0144ski zesp\u00f3\u0142\u00a0Tysmenychanka, za\u0142o\u017cony w 1969 roku przez\u00a0Halyna\u00a0Yarema,\u00a0kt\u00f3ry\u00a0w 1977 sta\u0142 si\u0119 zespo\u0142em Narodowym. Przez ca\u0142y okres swojej dzia\u0142alno\u015bci u\u015bwietnia\u00a0on\u00a0uroczysto\u015bci regionalne Ty\u015bmienicy jak i okolic\u00a0iwanofrankowska. Na\u00a0festiwalowej\u00a0scenie zaprezentowa\u0142 program \u201eWakacje w Karpatach\u201d. Zobaczyli\u015bmy huculskie ta\u0144ce wykonywane w niezmienionej formule od dawnych czas\u00f3w w ma\u0142ych g\u00f3rskich wioskach u podn\u00f3\u017ca Karpat.\u00a0<\/span><span data-ccp-props=\"{&quot;201341983&quot;:0,&quot;335559739&quot;:200,&quot;335559740&quot;:276}\">\u00a0<\/span><\/p>\n<p><span data-contrast=\"auto\">Zwie\u0144czeniem pierwszej cz\u0119\u015bci \u015brodowego koncertu by\u0142 wyst\u0119p, prawdopodobnie najstarszego istniej\u0105cego\u00a0polskiego zespo\u0142u regionalnego\u00a0&#8211; Istebna. Repertuar obchodz\u0105cego w tym roku 120-lecie istnienia zespo\u0142u wywodzi si\u0119 z pasterskiej tradycji regionu\u00a0Tr\u00f3jwsi\u00a0Beskidzkiej- Istebnej, Jaworzynki i Koniakowa. Na scenie zobaczyli\u015bmy program \u201eWesele g\u00f3rali istebnia\u0144skich\u201d, przedstawiaj\u0105ce wybrane obrz\u0119dy i ta\u0144ce weselne istebnia\u0144skiego regionu.\u00a0<\/span><span data-ccp-props=\"{&quot;201341983&quot;:0,&quot;335559739&quot;:200,&quot;335559740&quot;:276}\">\u00a0<\/span><\/p>\n<p><span data-contrast=\"auto\">O 20:00\u00a0koncerty\u00a0konkursowe otworzy\u0142\u00a0powsta\u0142y w Nowym S\u0105czu Zesp\u00f3\u0142 Pie\u015bni i Ta\u0144ca \u201eLachy\u201d. Grupa dzia\u0142a nieprzerwanie od 1956\u00a0roku, prezentuj\u0105c folklor\u00a0lach\u00f3w\u00a0s\u0105deckich. Program Konkursowy Zespo\u0142u dotyczy nocy poprzedzaj\u0105cej dzie\u0144 \u015bw. Andrzeja czyli \u201eAndrzejki\u201d. Na S\u0105decczy\u017anie jak i w wielu innych regionach dzie\u0144 ten po\u015bwi\u0119cony by\u0142 wr\u00f3\u017cbom dziewcz\u0105t, kt\u00f3re przy pomocy r\u00f3\u017cnych praktyk chcia\u0142y si\u0119 dowiedzie\u0107, czy w nadchodz\u0105cym karnawale wyjd\u0105 za m\u0105\u017c i jaki\u00a0b\u0119dzie ich przysz\u0142y m\u0105\u017c. Uwag\u0119 przyku\u0142a nie tylko choreografia,\u00a0ale r\u00f3wnie\u017c wspania\u0142e stroje zale\u017cne od przynale\u017cno\u015bci do grupy spo\u0142ecznej, maj\u0105tkowej czy stanu cywilnego.<\/span><span data-ccp-props=\"{&quot;201341983&quot;:0,&quot;335559739&quot;:200,&quot;335559740&quot;:276}\">\u00a0<\/span><\/p>\n<p><span data-contrast=\"auto\">Nast\u0119pnym zespo\u0142em na scenie Festiwalowej by\u0142\u00a0\u201ePrnjavor\u201d\u00a0z Serbii. W obecnej chwili w zespole ta\u0144czy 230 cz\u0142onk\u00f3w, kt\u00f3rzy bior\u0105 udzia\u0142 w wielu mi\u0119dzynarodowych festiwalach w ca\u0142ej Europie oraz zdobywaj\u0105 wiele nagr\u00f3d. Program festiwalowy, kt\u00f3ry zobaczyli\u015bmy opiera si\u0119 na tradycyjnych i stylizowanych formach tanecznych, a przedstawione obyczaje chroni\u0105 serbsk\u0105 sztuk\u0119 ludow\u0105 od zapomnienia. Zesp\u00f3\u0142 przeprowadzi\u0142 nas przez r\u00f3\u017cne regiony Serbii poprzez taniec, \u015bpiew oraz stroje.<\/span><span data-ccp-props=\"{&quot;201341983&quot;:0,&quot;335559739&quot;:200,&quot;335559740&quot;:276}\">\u00a0<\/span><\/p>\n<p><span data-contrast=\"auto\">\u00a0Ostatnim prezentuj\u0105cym si\u0119 tego dnia zespo\u0142em\u00a0by\u0142a grupa folklorystyczna \u201eTriscele\u201d z W\u0142och, kt\u00f3ra zosta\u0142a za\u0142o\u017cona w 2001 roku w mie\u015bcie\u00a0Grotte\u00a0na Sycylii. Na scenie zobaczyli\u015bmy takie instrumenty jak \u201eU\u00a0Friscalettu\u201d \u2013 rodzaj gwizdka, tamburyn, gitar\u0119, mandolin\u0119 oraz \u201eI\u00a0Ciancianeddi\u201d- specjalny instrument perkusyjny.\u00a0<\/span><span data-ccp-props=\"{&quot;201341983&quot;:0,&quot;335559739&quot;:200,&quot;335559740&quot;:276}\">\u00a0<\/span><\/p>\n<p><span data-contrast=\"auto\">W\u0142oski zesp\u00f3\u0142 zaprezentowa\u0142 program \u201ePie\u015bni i \u015bpiewy sycylijskie\u201d, kt\u00f3ry sk\u0142ada\u0142 si\u0119 z r\u00f3\u017cnych\u00a0tradycyjnych, bardzo radosnych\u00a0i rytmicznych\u00a0ta\u0144c\u00f3w, takich\u00a0jak \u201etarantella\u201d, \u201epolka\u201d, \u201emanzurka\u201d, a tak\u017ce \u015bpiewanych przez starych rolnik\u00f3w piosenek, takich\u00a0jak \u201epie\u015b\u0144 brzoskwiniowa\u201d, \u201epie\u015b\u0144 o winobraniu\u201d, czy \u201epie\u015b\u0144 o \u017cniwach\u201d.\u00a0<\/span><span data-ccp-props=\"{&quot;201341983&quot;:0,&quot;335559739&quot;:200,&quot;335559740&quot;:276}\">\u00a0<\/span><\/p>\n<p><span data-contrast=\"auto\">By\u0142y to ostatnie koncerty konkursowe na tegorocznym Festiwalu, a werdykt Jury\u00a0poznamy w pi\u0105tek o godzinie 17:00 podczas Koncertu Fina\u0142owego.<\/span><span data-ccp-props=\"{&quot;201341983&quot;:0,&quot;335559739&quot;:200,&quot;335559740&quot;:276}\">\u00a0<\/span><\/p>\n<p><span data-contrast=\"auto\">Zapraszamy!<\/span><\/p>\n<p>&nbsp;<\/p>\n<div id='gallery-1' class='gallery galleryid-1861 gallery-columns-5 gallery-size-thumbnail'><figure class='gallery-item'>\n\t\t\t<div class='gallery-icon landscape'>\n\t\t\t\t<a href='http:\/\/archiwum.festiwale.zakopane.pl\/festiwal-folkloru\/2021\/08\/18\/drugi-dzien-koncertow-konkursowych\/dsc_5731\/'><img width=\"150\" height=\"150\" src=\"http:\/\/archiwum.festiwale.zakopane.pl\/festiwal-folkloru\/wp-content\/uploads\/sites\/13\/2021\/08\/DSC_5731-150x150.jpg\" class=\"attachment-thumbnail size-thumbnail\" alt=\"\" loading=\"lazy\" \/><\/a>\n\t\t\t<\/div><\/figure><figure class='gallery-item'>\n\t\t\t<div class='gallery-icon landscape'>\n\t\t\t\t<a href='http:\/\/archiwum.festiwale.zakopane.pl\/festiwal-folkloru\/2021\/08\/18\/drugi-dzien-koncertow-konkursowych\/dsc_5733\/'><img width=\"150\" height=\"150\" src=\"http:\/\/archiwum.festiwale.zakopane.pl\/festiwal-folkloru\/wp-content\/uploads\/sites\/13\/2021\/08\/DSC_5733-150x150.jpg\" class=\"attachment-thumbnail size-thumbnail\" alt=\"\" loading=\"lazy\" \/><\/a>\n\t\t\t<\/div><\/figure><figure class='gallery-item'>\n\t\t\t<div class='gallery-icon landscape'>\n\t\t\t\t<a href='http:\/\/archiwum.festiwale.zakopane.pl\/festiwal-folkloru\/2021\/08\/18\/drugi-dzien-koncertow-konkursowych\/dsc_5795\/'><img width=\"150\" height=\"150\" src=\"http:\/\/archiwum.festiwale.zakopane.pl\/festiwal-folkloru\/wp-content\/uploads\/sites\/13\/2021\/08\/DSC_5795-150x150.jpg\" class=\"attachment-thumbnail size-thumbnail\" alt=\"\" loading=\"lazy\" \/><\/a>\n\t\t\t<\/div><\/figure><figure class='gallery-item'>\n\t\t\t<div class='gallery-icon landscape'>\n\t\t\t\t<a href='http:\/\/archiwum.festiwale.zakopane.pl\/festiwal-folkloru\/2021\/08\/18\/drugi-dzien-koncertow-konkursowych\/dsc_5830\/'><img width=\"150\" height=\"150\" src=\"http:\/\/archiwum.festiwale.zakopane.pl\/festiwal-folkloru\/wp-content\/uploads\/sites\/13\/2021\/08\/DSC_5830-150x150.jpg\" class=\"attachment-thumbnail size-thumbnail\" alt=\"\" loading=\"lazy\" \/><\/a>\n\t\t\t<\/div><\/figure><figure class='gallery-item'>\n\t\t\t<div class='gallery-icon landscape'>\n\t\t\t\t<a href='http:\/\/archiwum.festiwale.zakopane.pl\/festiwal-folkloru\/2021\/08\/18\/drugi-dzien-koncertow-konkursowych\/dsc_5906\/'><img width=\"150\" height=\"150\" src=\"http:\/\/archiwum.festiwale.zakopane.pl\/festiwal-folkloru\/wp-content\/uploads\/sites\/13\/2021\/08\/DSC_5906-150x150.jpg\" class=\"attachment-thumbnail size-thumbnail\" alt=\"\" loading=\"lazy\" \/><\/a>\n\t\t\t<\/div><\/figure><figure class='gallery-item'>\n\t\t\t<div class='gallery-icon landscape'>\n\t\t\t\t<a href='http:\/\/archiwum.festiwale.zakopane.pl\/festiwal-folkloru\/2021\/08\/18\/drugi-dzien-koncertow-konkursowych\/dsc_5911\/'><img width=\"150\" height=\"150\" src=\"http:\/\/archiwum.festiwale.zakopane.pl\/festiwal-folkloru\/wp-content\/uploads\/sites\/13\/2021\/08\/DSC_5911-150x150.jpg\" class=\"attachment-thumbnail size-thumbnail\" alt=\"\" loading=\"lazy\" \/><\/a>\n\t\t\t<\/div><\/figure><figure class='gallery-item'>\n\t\t\t<div class='gallery-icon landscape'>\n\t\t\t\t<a href='http:\/\/archiwum.festiwale.zakopane.pl\/festiwal-folkloru\/2021\/08\/18\/drugi-dzien-koncertow-konkursowych\/dsc_5942\/'><img width=\"150\" height=\"150\" src=\"http:\/\/archiwum.festiwale.zakopane.pl\/festiwal-folkloru\/wp-content\/uploads\/sites\/13\/2021\/08\/DSC_5942-150x150.jpg\" class=\"attachment-thumbnail size-thumbnail\" alt=\"\" loading=\"lazy\" \/><\/a>\n\t\t\t<\/div><\/figure><figure class='gallery-item'>\n\t\t\t<div class='gallery-icon landscape'>\n\t\t\t\t<a href='http:\/\/archiwum.festiwale.zakopane.pl\/festiwal-folkloru\/2021\/08\/18\/drugi-dzien-koncertow-konkursowych\/dsc_5971\/'><img width=\"150\" height=\"150\" src=\"http:\/\/archiwum.festiwale.zakopane.pl\/festiwal-folkloru\/wp-content\/uploads\/sites\/13\/2021\/08\/DSC_5971-150x150.jpg\" class=\"attachment-thumbnail size-thumbnail\" alt=\"\" loading=\"lazy\" \/><\/a>\n\t\t\t<\/div><\/figure><figure class='gallery-item'>\n\t\t\t<div class='gallery-icon landscape'>\n\t\t\t\t<a href='http:\/\/archiwum.festiwale.zakopane.pl\/festiwal-folkloru\/2021\/08\/18\/drugi-dzien-koncertow-konkursowych\/dsc_5995\/'><img width=\"150\" height=\"150\" src=\"http:\/\/archiwum.festiwale.zakopane.pl\/festiwal-folkloru\/wp-content\/uploads\/sites\/13\/2021\/08\/DSC_5995-150x150.jpg\" class=\"attachment-thumbnail size-thumbnail\" alt=\"\" loading=\"lazy\" \/><\/a>\n\t\t\t<\/div><\/figure><figure class='gallery-item'>\n\t\t\t<div class='gallery-icon landscape'>\n\t\t\t\t<a href='http:\/\/archiwum.festiwale.zakopane.pl\/festiwal-folkloru\/2021\/08\/18\/drugi-dzien-koncertow-konkursowych\/dsc_6060\/'><img width=\"150\" height=\"150\" src=\"http:\/\/archiwum.festiwale.zakopane.pl\/festiwal-folkloru\/wp-content\/uploads\/sites\/13\/2021\/08\/DSC_6060-150x150.jpg\" class=\"attachment-thumbnail size-thumbnail\" alt=\"\" loading=\"lazy\" \/><\/a>\n\t\t\t<\/div><\/figure>\n\t\t<\/div>\n\n","protected":false},"excerpt":{"rendered":"<p>We wtorek wieczorem Dolna\u00a0R\u00f3wie\u0144\u00a0Krupowa wype\u0142ni\u0142a si\u0119 g\u00f3ralskimi brzmieniami i ta\u0144cami. Jako pierwsi\u00a0na scenie wyst\u0105pili\u00a0g\u00f3rale z [&hellip;]<\/p>\n","protected":false},"author":5,"featured_media":1920,"comment_status":"closed","ping_status":"closed","sticky":false,"template":"","format":"standard","meta":[],"categories":[1],"tags":[],"acf":[],"_links":{"self":[{"href":"http:\/\/archiwum.festiwale.zakopane.pl\/festiwal-folkloru\/wp-json\/wp\/v2\/posts\/1861"}],"collection":[{"href":"http:\/\/archiwum.festiwale.zakopane.pl\/festiwal-folkloru\/wp-json\/wp\/v2\/posts"}],"about":[{"href":"http:\/\/archiwum.festiwale.zakopane.pl\/festiwal-folkloru\/wp-json\/wp\/v2\/types\/post"}],"author":[{"embeddable":true,"href":"http:\/\/archiwum.festiwale.zakopane.pl\/festiwal-folkloru\/wp-json\/wp\/v2\/users\/5"}],"replies":[{"embeddable":true,"href":"http:\/\/archiwum.festiwale.zakopane.pl\/festiwal-folkloru\/wp-json\/wp\/v2\/comments?post=1861"}],"version-history":[{"count":2,"href":"http:\/\/archiwum.festiwale.zakopane.pl\/festiwal-folkloru\/wp-json\/wp\/v2\/posts\/1861\/revisions"}],"predecessor-version":[{"id":1927,"href":"http:\/\/archiwum.festiwale.zakopane.pl\/festiwal-folkloru\/wp-json\/wp\/v2\/posts\/1861\/revisions\/1927"}],"wp:featuredmedia":[{"embeddable":true,"href":"http:\/\/archiwum.festiwale.zakopane.pl\/festiwal-folkloru\/wp-json\/wp\/v2\/media\/1920"}],"wp:attachment":[{"href":"http:\/\/archiwum.festiwale.zakopane.pl\/festiwal-folkloru\/wp-json\/wp\/v2\/media?parent=1861"}],"wp:term":[{"taxonomy":"category","embeddable":true,"href":"http:\/\/archiwum.festiwale.zakopane.pl\/festiwal-folkloru\/wp-json\/wp\/v2\/categories?post=1861"},{"taxonomy":"post_tag","embeddable":true,"href":"http:\/\/archiwum.festiwale.zakopane.pl\/festiwal-folkloru\/wp-json\/wp\/v2\/tags?post=1861"}],"curies":[{"name":"wp","href":"https:\/\/api.w.org\/{rel}","templated":true}]}}