{"id":1808,"date":"2021-08-17T18:23:37","date_gmt":"2021-08-17T16:23:37","guid":{"rendered":"https:\/\/festiwale.zakopane.pl\/festiwal-folkloru\/?p=1808"},"modified":"2021-08-17T18:24:01","modified_gmt":"2021-08-17T16:24:01","slug":"spotkanie-kulinarne-za-wodom-kapustecke-sadzom","status":"publish","type":"post","link":"http:\/\/archiwum.festiwale.zakopane.pl\/festiwal-folkloru\/2021\/08\/17\/spotkanie-kulinarne-za-wodom-kapustecke-sadzom\/","title":{"rendered":"Spotkanie kulinarne &#8222;Za wodom kapustecke sadzom&#8230;&#8221;"},"content":{"rendered":"<p><span style=\"font-weight: 400\">We wtorek nie mog\u0142o tak\u017ce zabrakn\u0105\u0107 kulinarnych spotka\u0144. Tym razem pod nazw\u0105 \u201cZa wodom kapustecke sadzom\u2026\u201d kry\u0142o si\u0119 wsp\u00f3lne kiszenie kapusty. Go\u015bcie mogli zobaczy\u0107 jak krok po kroku wygl\u0105da ten proces. Pa\u0144stwo Da\u0144ko &#8211; prowadz\u0105cy spotkanie &#8211; opowiedzieli r\u00f3wnie\u017c jak u nich w rodzinie podchodzi si\u0119 do tej tradycji. <\/span><\/p>\n<div id='gallery-1' class='gallery galleryid-1808 gallery-columns-3 gallery-size-thumbnail'><figure class='gallery-item'>\n\t\t\t<div class='gallery-icon landscape'>\n\t\t\t\t<a href='http:\/\/archiwum.festiwale.zakopane.pl\/festiwal-folkloru\/2021\/08\/17\/spotkanie-kulinarne-za-wodom-kapustecke-sadzom\/24zkoo1q\/'><img width=\"150\" height=\"150\" src=\"http:\/\/archiwum.festiwale.zakopane.pl\/festiwal-folkloru\/wp-content\/uploads\/sites\/13\/2021\/08\/24zkOO1Q-150x150.jpeg\" class=\"attachment-thumbnail size-thumbnail\" alt=\"\" loading=\"lazy\" \/><\/a>\n\t\t\t<\/div><\/figure><figure class='gallery-item'>\n\t\t\t<div class='gallery-icon landscape'>\n\t\t\t\t<a href='http:\/\/archiwum.festiwale.zakopane.pl\/festiwal-folkloru\/2021\/08\/17\/spotkanie-kulinarne-za-wodom-kapustecke-sadzom\/mhgdouqg\/'><img width=\"150\" height=\"150\" src=\"http:\/\/archiwum.festiwale.zakopane.pl\/festiwal-folkloru\/wp-content\/uploads\/sites\/13\/2021\/08\/MhgDoUqg-150x150.jpeg\" class=\"attachment-thumbnail size-thumbnail\" alt=\"\" loading=\"lazy\" \/><\/a>\n\t\t\t<\/div><\/figure><figure class='gallery-item'>\n\t\t\t<div class='gallery-icon landscape'>\n\t\t\t\t<a href='http:\/\/archiwum.festiwale.zakopane.pl\/festiwal-folkloru\/2021\/08\/17\/spotkanie-kulinarne-za-wodom-kapustecke-sadzom\/xzshpnaw\/'><img width=\"150\" height=\"150\" src=\"http:\/\/archiwum.festiwale.zakopane.pl\/festiwal-folkloru\/wp-content\/uploads\/sites\/13\/2021\/08\/xzShpnAw-150x150.jpeg\" class=\"attachment-thumbnail size-thumbnail\" alt=\"\" loading=\"lazy\" \/><\/a>\n\t\t\t<\/div><\/figure><figure class='gallery-item'>\n\t\t\t<div class='gallery-icon landscape'>\n\t\t\t\t<a href='http:\/\/archiwum.festiwale.zakopane.pl\/festiwal-folkloru\/2021\/08\/17\/spotkanie-kulinarne-za-wodom-kapustecke-sadzom\/xnxkeklq\/'><img width=\"150\" height=\"150\" src=\"http:\/\/archiwum.festiwale.zakopane.pl\/festiwal-folkloru\/wp-content\/uploads\/sites\/13\/2021\/08\/XnXkekLQ-150x150.jpeg\" class=\"attachment-thumbnail size-thumbnail\" alt=\"\" loading=\"lazy\" \/><\/a>\n\t\t\t<\/div><\/figure><figure class='gallery-item'>\n\t\t\t<div class='gallery-icon landscape'>\n\t\t\t\t<a href='http:\/\/archiwum.festiwale.zakopane.pl\/festiwal-folkloru\/2021\/08\/17\/spotkanie-kulinarne-za-wodom-kapustecke-sadzom\/p3qgznsg\/'><img width=\"150\" height=\"150\" src=\"http:\/\/archiwum.festiwale.zakopane.pl\/festiwal-folkloru\/wp-content\/uploads\/sites\/13\/2021\/08\/P3qgzNSg-150x150.jpeg\" class=\"attachment-thumbnail size-thumbnail\" alt=\"\" loading=\"lazy\" \/><\/a>\n\t\t\t<\/div><\/figure><figure class='gallery-item'>\n\t\t\t<div class='gallery-icon landscape'>\n\t\t\t\t<a href='http:\/\/archiwum.festiwale.zakopane.pl\/festiwal-folkloru\/2021\/08\/17\/spotkanie-kulinarne-za-wodom-kapustecke-sadzom\/ho4ub4jw\/'><img width=\"150\" height=\"150\" src=\"http:\/\/archiwum.festiwale.zakopane.pl\/festiwal-folkloru\/wp-content\/uploads\/sites\/13\/2021\/08\/HO4ub4Jw-150x150.jpeg\" class=\"attachment-thumbnail size-thumbnail\" alt=\"\" loading=\"lazy\" \/><\/a>\n\t\t\t<\/div><\/figure><figure class='gallery-item'>\n\t\t\t<div class='gallery-icon landscape'>\n\t\t\t\t<a href='http:\/\/archiwum.festiwale.zakopane.pl\/festiwal-folkloru\/2021\/08\/17\/spotkanie-kulinarne-za-wodom-kapustecke-sadzom\/vffrfmrw\/'><img width=\"150\" height=\"150\" src=\"http:\/\/archiwum.festiwale.zakopane.pl\/festiwal-folkloru\/wp-content\/uploads\/sites\/13\/2021\/08\/VffRfMRw-150x150.jpeg\" class=\"attachment-thumbnail size-thumbnail\" alt=\"\" loading=\"lazy\" \/><\/a>\n\t\t\t<\/div><\/figure><figure class='gallery-item'>\n\t\t\t<div class='gallery-icon landscape'>\n\t\t\t\t<a href='http:\/\/archiwum.festiwale.zakopane.pl\/festiwal-folkloru\/2021\/08\/17\/spotkanie-kulinarne-za-wodom-kapustecke-sadzom\/ifvfoejq\/'><img width=\"150\" height=\"150\" src=\"http:\/\/archiwum.festiwale.zakopane.pl\/festiwal-folkloru\/wp-content\/uploads\/sites\/13\/2021\/08\/IFvFOEjQ-150x150.jpeg\" class=\"attachment-thumbnail size-thumbnail\" alt=\"\" loading=\"lazy\" \/><\/a>\n\t\t\t<\/div><\/figure><figure class='gallery-item'>\n\t\t\t<div class='gallery-icon landscape'>\n\t\t\t\t<a href='http:\/\/archiwum.festiwale.zakopane.pl\/festiwal-folkloru\/2021\/08\/17\/spotkanie-kulinarne-za-wodom-kapustecke-sadzom\/6buakxra\/'><img width=\"150\" height=\"150\" src=\"http:\/\/archiwum.festiwale.zakopane.pl\/festiwal-folkloru\/wp-content\/uploads\/sites\/13\/2021\/08\/6BuAKXRA-150x150.jpeg\" class=\"attachment-thumbnail size-thumbnail\" alt=\"\" loading=\"lazy\" \/><\/a>\n\t\t\t<\/div><\/figure><figure class='gallery-item'>\n\t\t\t<div class='gallery-icon landscape'>\n\t\t\t\t<a href='http:\/\/archiwum.festiwale.zakopane.pl\/festiwal-folkloru\/2021\/08\/17\/spotkanie-kulinarne-za-wodom-kapustecke-sadzom\/f_1qggtg\/'><img width=\"150\" height=\"150\" src=\"http:\/\/archiwum.festiwale.zakopane.pl\/festiwal-folkloru\/wp-content\/uploads\/sites\/13\/2021\/08\/F_1qggtg-150x150.jpeg\" class=\"attachment-thumbnail size-thumbnail\" alt=\"\" loading=\"lazy\" \/><\/a>\n\t\t\t<\/div><\/figure><figure class='gallery-item'>\n\t\t\t<div class='gallery-icon landscape'>\n\t\t\t\t<a href='http:\/\/archiwum.festiwale.zakopane.pl\/festiwal-folkloru\/2021\/08\/17\/spotkanie-kulinarne-za-wodom-kapustecke-sadzom\/ooktrrtq\/'><img width=\"150\" height=\"150\" src=\"http:\/\/archiwum.festiwale.zakopane.pl\/festiwal-folkloru\/wp-content\/uploads\/sites\/13\/2021\/08\/OoKTRRTQ-150x150.jpeg\" class=\"attachment-thumbnail size-thumbnail\" alt=\"\" loading=\"lazy\" \/><\/a>\n\t\t\t<\/div><\/figure><figure class='gallery-item'>\n\t\t\t<div class='gallery-icon landscape'>\n\t\t\t\t<a href='http:\/\/archiwum.festiwale.zakopane.pl\/festiwal-folkloru\/2021\/08\/17\/spotkanie-kulinarne-za-wodom-kapustecke-sadzom\/vw9rlncq\/'><img width=\"150\" height=\"150\" src=\"http:\/\/archiwum.festiwale.zakopane.pl\/festiwal-folkloru\/wp-content\/uploads\/sites\/13\/2021\/08\/VW9RLnCQ-150x150.jpeg\" class=\"attachment-thumbnail size-thumbnail\" alt=\"\" loading=\"lazy\" \/><\/a>\n\t\t\t<\/div><\/figure><figure class='gallery-item'>\n\t\t\t<div class='gallery-icon landscape'>\n\t\t\t\t<a href='http:\/\/archiwum.festiwale.zakopane.pl\/festiwal-folkloru\/2021\/08\/17\/spotkanie-kulinarne-za-wodom-kapustecke-sadzom\/4erbi39q\/'><img width=\"150\" height=\"150\" src=\"http:\/\/archiwum.festiwale.zakopane.pl\/festiwal-folkloru\/wp-content\/uploads\/sites\/13\/2021\/08\/4Erbi39Q-150x150.jpeg\" class=\"attachment-thumbnail size-thumbnail\" alt=\"\" loading=\"lazy\" \/><\/a>\n\t\t\t<\/div><\/figure><figure class='gallery-item'>\n\t\t\t<div class='gallery-icon landscape'>\n\t\t\t\t<a href='http:\/\/archiwum.festiwale.zakopane.pl\/festiwal-folkloru\/2021\/08\/17\/spotkanie-kulinarne-za-wodom-kapustecke-sadzom\/lyped9tq\/'><img width=\"150\" height=\"150\" src=\"http:\/\/archiwum.festiwale.zakopane.pl\/festiwal-folkloru\/wp-content\/uploads\/sites\/13\/2021\/08\/LypeD9TQ-150x150.jpeg\" class=\"attachment-thumbnail size-thumbnail\" alt=\"\" loading=\"lazy\" \/><\/a>\n\t\t\t<\/div><\/figure><figure class='gallery-item'>\n\t\t\t<div class='gallery-icon landscape'>\n\t\t\t\t<a href='http:\/\/archiwum.festiwale.zakopane.pl\/festiwal-folkloru\/2021\/08\/17\/spotkanie-kulinarne-za-wodom-kapustecke-sadzom\/is84e5ug\/'><img width=\"150\" height=\"150\" src=\"http:\/\/archiwum.festiwale.zakopane.pl\/festiwal-folkloru\/wp-content\/uploads\/sites\/13\/2021\/08\/is84E5Ug-150x150.jpeg\" class=\"attachment-thumbnail size-thumbnail\" alt=\"\" loading=\"lazy\" \/><\/a>\n\t\t\t<\/div><\/figure><figure class='gallery-item'>\n\t\t\t<div class='gallery-icon landscape'>\n\t\t\t\t<a href='http:\/\/archiwum.festiwale.zakopane.pl\/festiwal-folkloru\/2021\/08\/17\/spotkanie-kulinarne-za-wodom-kapustecke-sadzom\/u1uz3kka\/'><img width=\"150\" height=\"150\" src=\"http:\/\/archiwum.festiwale.zakopane.pl\/festiwal-folkloru\/wp-content\/uploads\/sites\/13\/2021\/08\/u1Uz3KkA-150x150.jpeg\" class=\"attachment-thumbnail size-thumbnail\" alt=\"\" loading=\"lazy\" \/><\/a>\n\t\t\t<\/div><\/figure><figure class='gallery-item'>\n\t\t\t<div class='gallery-icon landscape'>\n\t\t\t\t<a href='http:\/\/archiwum.festiwale.zakopane.pl\/festiwal-folkloru\/2021\/08\/17\/spotkanie-kulinarne-za-wodom-kapustecke-sadzom\/4wigzzta\/'><img width=\"150\" height=\"150\" src=\"http:\/\/archiwum.festiwale.zakopane.pl\/festiwal-folkloru\/wp-content\/uploads\/sites\/13\/2021\/08\/4wiGzZtA-150x150.jpeg\" class=\"attachment-thumbnail size-thumbnail\" alt=\"\" loading=\"lazy\" \/><\/a>\n\t\t\t<\/div><\/figure>\n\t\t<\/div>\n\n","protected":false},"excerpt":{"rendered":"<p>We wtorek nie mog\u0142o tak\u017ce zabrakn\u0105\u0107 kulinarnych spotka\u0144. Tym razem pod nazw\u0105 \u201cZa wodom kapustecke [&hellip;]<\/p>\n","protected":false},"author":5,"featured_media":1812,"comment_status":"closed","ping_status":"closed","sticky":false,"template":"","format":"standard","meta":[],"categories":[1],"tags":[],"acf":[],"_links":{"self":[{"href":"http:\/\/archiwum.festiwale.zakopane.pl\/festiwal-folkloru\/wp-json\/wp\/v2\/posts\/1808"}],"collection":[{"href":"http:\/\/archiwum.festiwale.zakopane.pl\/festiwal-folkloru\/wp-json\/wp\/v2\/posts"}],"about":[{"href":"http:\/\/archiwum.festiwale.zakopane.pl\/festiwal-folkloru\/wp-json\/wp\/v2\/types\/post"}],"author":[{"embeddable":true,"href":"http:\/\/archiwum.festiwale.zakopane.pl\/festiwal-folkloru\/wp-json\/wp\/v2\/users\/5"}],"replies":[{"embeddable":true,"href":"http:\/\/archiwum.festiwale.zakopane.pl\/festiwal-folkloru\/wp-json\/wp\/v2\/comments?post=1808"}],"version-history":[{"count":1,"href":"http:\/\/archiwum.festiwale.zakopane.pl\/festiwal-folkloru\/wp-json\/wp\/v2\/posts\/1808\/revisions"}],"predecessor-version":[{"id":1827,"href":"http:\/\/archiwum.festiwale.zakopane.pl\/festiwal-folkloru\/wp-json\/wp\/v2\/posts\/1808\/revisions\/1827"}],"wp:featuredmedia":[{"embeddable":true,"href":"http:\/\/archiwum.festiwale.zakopane.pl\/festiwal-folkloru\/wp-json\/wp\/v2\/media\/1812"}],"wp:attachment":[{"href":"http:\/\/archiwum.festiwale.zakopane.pl\/festiwal-folkloru\/wp-json\/wp\/v2\/media?parent=1808"}],"wp:term":[{"taxonomy":"category","embeddable":true,"href":"http:\/\/archiwum.festiwale.zakopane.pl\/festiwal-folkloru\/wp-json\/wp\/v2\/categories?post=1808"},{"taxonomy":"post_tag","embeddable":true,"href":"http:\/\/archiwum.festiwale.zakopane.pl\/festiwal-folkloru\/wp-json\/wp\/v2\/tags?post=1808"}],"curies":[{"name":"wp","href":"https:\/\/api.w.org\/{rel}","templated":true}]}}