{"id":1782,"date":"2021-08-17T18:00:59","date_gmt":"2021-08-17T16:00:59","guid":{"rendered":"https:\/\/festiwale.zakopane.pl\/festiwal-folkloru\/?p=1782"},"modified":"2021-08-17T18:55:29","modified_gmt":"2021-08-17T16:55:29","slug":"warsztaty-regionalne-szydelkowy-paryski","status":"publish","type":"post","link":"http:\/\/archiwum.festiwale.zakopane.pl\/festiwal-folkloru\/2021\/08\/17\/warsztaty-regionalne-szydelkowy-paryski\/","title":{"rendered":"Warsztaty regionalne &#8222;Szyde\u0142kowy &#8222;paryski&#8221; styl dla g\u00f3ralskiej gospodyni&#8221;"},"content":{"rendered":"<p><span style=\"font-weight: 400\">Kolejny Festiwalowy dzie\u0144 rozpocz\u0119li\u015bmy od warsztat\u00f3w regionalnych \u201cSzyde\u0142kowy Paryski\u201d styl dla g\u00f3ralskiej gospodyni. Zaj\u0119cia prowadzone by\u0142y przez Iren\u0119 Sapiejsk\u0105. Na zaj\u0119ciach uczestnicy mieli okazj\u0119 spr\u00f3bowa\u0107 swoich si\u0142 z szyde\u0142kiem. Pi\u0119kne kolorowe nici, szyde\u0142kowa precyzja przyci\u0105gn\u0119\u0142y wielu &#8211; m\u0142odszych jak i starszych, ch\u0119tnych do zmierzenia si\u0119 z tym wyzwaniem.<\/span><\/p>\n<div id='gallery-1' class='gallery galleryid-1782 gallery-columns-3 gallery-size-thumbnail'><figure class='gallery-item'>\n\t\t\t<div class='gallery-icon landscape'>\n\t\t\t\t<a href='http:\/\/archiwum.festiwale.zakopane.pl\/festiwal-folkloru\/2021\/08\/17\/warsztaty-regionalne-szydelkowy-paryski\/t6l_bcbg\/'><img width=\"150\" height=\"150\" src=\"http:\/\/archiwum.festiwale.zakopane.pl\/festiwal-folkloru\/wp-content\/uploads\/sites\/13\/2021\/08\/t6L_bCBg-150x150.jpeg\" class=\"attachment-thumbnail size-thumbnail\" alt=\"\" loading=\"lazy\" \/><\/a>\n\t\t\t<\/div><\/figure><figure class='gallery-item'>\n\t\t\t<div class='gallery-icon landscape'>\n\t\t\t\t<a href='http:\/\/archiwum.festiwale.zakopane.pl\/festiwal-folkloru\/2021\/08\/17\/warsztaty-regionalne-szydelkowy-paryski\/apdodaqg\/'><img width=\"150\" height=\"150\" src=\"http:\/\/archiwum.festiwale.zakopane.pl\/festiwal-folkloru\/wp-content\/uploads\/sites\/13\/2021\/08\/ApdODaqg-150x150.jpeg\" class=\"attachment-thumbnail size-thumbnail\" alt=\"\" loading=\"lazy\" \/><\/a>\n\t\t\t<\/div><\/figure><figure class='gallery-item'>\n\t\t\t<div class='gallery-icon landscape'>\n\t\t\t\t<a href='http:\/\/archiwum.festiwale.zakopane.pl\/festiwal-folkloru\/2021\/08\/17\/warsztaty-regionalne-szydelkowy-paryski\/ngnsncha\/'><img width=\"150\" height=\"150\" src=\"http:\/\/archiwum.festiwale.zakopane.pl\/festiwal-folkloru\/wp-content\/uploads\/sites\/13\/2021\/08\/ngnsNChA-150x150.jpeg\" class=\"attachment-thumbnail size-thumbnail\" alt=\"\" loading=\"lazy\" \/><\/a>\n\t\t\t<\/div><\/figure><figure class='gallery-item'>\n\t\t\t<div class='gallery-icon portrait'>\n\t\t\t\t<a href='http:\/\/archiwum.festiwale.zakopane.pl\/festiwal-folkloru\/2021\/08\/17\/warsztaty-regionalne-szydelkowy-paryski\/wckg8i6q\/'><img width=\"150\" height=\"150\" src=\"http:\/\/archiwum.festiwale.zakopane.pl\/festiwal-folkloru\/wp-content\/uploads\/sites\/13\/2021\/08\/wCkg8i6Q-150x150.jpeg\" class=\"attachment-thumbnail size-thumbnail\" alt=\"\" loading=\"lazy\" \/><\/a>\n\t\t\t<\/div><\/figure><figure class='gallery-item'>\n\t\t\t<div class='gallery-icon landscape'>\n\t\t\t\t<a href='http:\/\/archiwum.festiwale.zakopane.pl\/festiwal-folkloru\/2021\/08\/17\/warsztaty-regionalne-szydelkowy-paryski\/zhgf9izq\/'><img width=\"150\" height=\"150\" src=\"http:\/\/archiwum.festiwale.zakopane.pl\/festiwal-folkloru\/wp-content\/uploads\/sites\/13\/2021\/08\/zhGF9izQ-150x150.jpeg\" class=\"attachment-thumbnail size-thumbnail\" alt=\"\" loading=\"lazy\" \/><\/a>\n\t\t\t<\/div><\/figure><figure class='gallery-item'>\n\t\t\t<div class='gallery-icon landscape'>\n\t\t\t\t<a href='http:\/\/archiwum.festiwale.zakopane.pl\/festiwal-folkloru\/2021\/08\/17\/warsztaty-regionalne-szydelkowy-paryski\/bshvvptw\/'><img width=\"150\" height=\"150\" src=\"http:\/\/archiwum.festiwale.zakopane.pl\/festiwal-folkloru\/wp-content\/uploads\/sites\/13\/2021\/08\/BSHVvPTw-150x150.jpeg\" class=\"attachment-thumbnail size-thumbnail\" alt=\"\" loading=\"lazy\" \/><\/a>\n\t\t\t<\/div><\/figure><figure class='gallery-item'>\n\t\t\t<div class='gallery-icon landscape'>\n\t\t\t\t<a href='http:\/\/archiwum.festiwale.zakopane.pl\/festiwal-folkloru\/2021\/08\/17\/warsztaty-regionalne-szydelkowy-paryski\/uampugbq\/'><img width=\"150\" height=\"150\" src=\"http:\/\/archiwum.festiwale.zakopane.pl\/festiwal-folkloru\/wp-content\/uploads\/sites\/13\/2021\/08\/uampugbQ-150x150.jpeg\" class=\"attachment-thumbnail size-thumbnail\" alt=\"\" loading=\"lazy\" \/><\/a>\n\t\t\t<\/div><\/figure><figure class='gallery-item'>\n\t\t\t<div class='gallery-icon portrait'>\n\t\t\t\t<a href='http:\/\/archiwum.festiwale.zakopane.pl\/festiwal-folkloru\/2021\/08\/17\/warsztaty-regionalne-szydelkowy-paryski\/ce3bxucq\/'><img width=\"150\" height=\"150\" src=\"http:\/\/archiwum.festiwale.zakopane.pl\/festiwal-folkloru\/wp-content\/uploads\/sites\/13\/2021\/08\/CE3BxucQ-150x150.jpeg\" class=\"attachment-thumbnail size-thumbnail\" alt=\"\" loading=\"lazy\" \/><\/a>\n\t\t\t<\/div><\/figure><figure class='gallery-item'>\n\t\t\t<div class='gallery-icon landscape'>\n\t\t\t\t<a href='http:\/\/archiwum.festiwale.zakopane.pl\/festiwal-folkloru\/2021\/08\/17\/warsztaty-regionalne-szydelkowy-paryski\/z99agooa\/'><img width=\"150\" height=\"150\" src=\"http:\/\/archiwum.festiwale.zakopane.pl\/festiwal-folkloru\/wp-content\/uploads\/sites\/13\/2021\/08\/Z99aGOoA-150x150.jpeg\" class=\"attachment-thumbnail size-thumbnail\" alt=\"\" loading=\"lazy\" \/><\/a>\n\t\t\t<\/div><\/figure><figure class='gallery-item'>\n\t\t\t<div class='gallery-icon landscape'>\n\t\t\t\t<a href='http:\/\/archiwum.festiwale.zakopane.pl\/festiwal-folkloru\/2021\/08\/17\/warsztaty-regionalne-szydelkowy-paryski\/j3x3pwuq\/'><img width=\"150\" height=\"150\" src=\"http:\/\/archiwum.festiwale.zakopane.pl\/festiwal-folkloru\/wp-content\/uploads\/sites\/13\/2021\/08\/j3X3pwUQ-150x150.jpeg\" class=\"attachment-thumbnail size-thumbnail\" alt=\"\" loading=\"lazy\" \/><\/a>\n\t\t\t<\/div><\/figure>\n\t\t<\/div>\n\n","protected":false},"excerpt":{"rendered":"<p>Kolejny Festiwalowy dzie\u0144 rozpocz\u0119li\u015bmy od warsztat\u00f3w regionalnych \u201cSzyde\u0142kowy Paryski\u201d styl dla g\u00f3ralskiej gospodyni. Zaj\u0119cia prowadzone [&hellip;]<\/p>\n","protected":false},"author":5,"featured_media":1788,"comment_status":"closed","ping_status":"closed","sticky":false,"template":"","format":"standard","meta":[],"categories":[1],"tags":[],"acf":[],"_links":{"self":[{"href":"http:\/\/archiwum.festiwale.zakopane.pl\/festiwal-folkloru\/wp-json\/wp\/v2\/posts\/1782"}],"collection":[{"href":"http:\/\/archiwum.festiwale.zakopane.pl\/festiwal-folkloru\/wp-json\/wp\/v2\/posts"}],"about":[{"href":"http:\/\/archiwum.festiwale.zakopane.pl\/festiwal-folkloru\/wp-json\/wp\/v2\/types\/post"}],"author":[{"embeddable":true,"href":"http:\/\/archiwum.festiwale.zakopane.pl\/festiwal-folkloru\/wp-json\/wp\/v2\/users\/5"}],"replies":[{"embeddable":true,"href":"http:\/\/archiwum.festiwale.zakopane.pl\/festiwal-folkloru\/wp-json\/wp\/v2\/comments?post=1782"}],"version-history":[{"count":3,"href":"http:\/\/archiwum.festiwale.zakopane.pl\/festiwal-folkloru\/wp-json\/wp\/v2\/posts\/1782\/revisions"}],"predecessor-version":[{"id":1886,"href":"http:\/\/archiwum.festiwale.zakopane.pl\/festiwal-folkloru\/wp-json\/wp\/v2\/posts\/1782\/revisions\/1886"}],"wp:featuredmedia":[{"embeddable":true,"href":"http:\/\/archiwum.festiwale.zakopane.pl\/festiwal-folkloru\/wp-json\/wp\/v2\/media\/1788"}],"wp:attachment":[{"href":"http:\/\/archiwum.festiwale.zakopane.pl\/festiwal-folkloru\/wp-json\/wp\/v2\/media?parent=1782"}],"wp:term":[{"taxonomy":"category","embeddable":true,"href":"http:\/\/archiwum.festiwale.zakopane.pl\/festiwal-folkloru\/wp-json\/wp\/v2\/categories?post=1782"},{"taxonomy":"post_tag","embeddable":true,"href":"http:\/\/archiwum.festiwale.zakopane.pl\/festiwal-folkloru\/wp-json\/wp\/v2\/tags?post=1782"}],"curies":[{"name":"wp","href":"https:\/\/api.w.org\/{rel}","templated":true}]}}