{"id":1772,"date":"2021-08-17T18:50:35","date_gmt":"2021-08-17T16:50:35","guid":{"rendered":"https:\/\/festiwale.zakopane.pl\/festiwal-folkloru\/?p=1772"},"modified":"2021-08-17T18:56:18","modified_gmt":"2021-08-17T16:56:18","slug":"drugi-dzien-wystepow-w-miedzynarodowym-konkursie-kapel-spiewakow-i-instrumentalistow-ludowych-im-wladyslawa-trebuni-tutki","status":"publish","type":"post","link":"http:\/\/archiwum.festiwale.zakopane.pl\/festiwal-folkloru\/2021\/08\/17\/drugi-dzien-wystepow-w-miedzynarodowym-konkursie-kapel-spiewakow-i-instrumentalistow-ludowych-im-wladyslawa-trebuni-tutki\/","title":{"rendered":"Drugi dzie\u0144 wyst\u0119p\u00f3w w Mi\u0119dzynarodowym Konkursie Kapel, \u015apiewak\u00f3w i Instrumentalist\u00f3w Ludowych im. W\u0142adys\u0142awa Trebuni-Tutki"},"content":{"rendered":"<p><span data-contrast=\"auto\">We wtorek, cho\u0107 deszczowy,\u00a0nie mog\u0142o zabrakn\u0105\u0107 wyst\u0119p\u00f3w w Mi\u0119dzynarodowym Konkursie Kapel, \u015apiewak\u00f3w i Instrumentalist\u00f3w Ludowych im. W\u0142adys\u0142awa Trebuni-Tutki.<\/span><span data-ccp-props=\"{&quot;201341983&quot;:0,&quot;335559740&quot;:276}\">\u00a0<\/span><\/p>\n<p><span data-contrast=\"auto\">Ze wzgl\u0119du na pogod\u0119 przeniesiono je do Urz\u0119du Miasta, gdzie odby\u0142y si\u0119\u00a0pi\u0119kne\u00a0wyst\u0119py\u00a0kapel, instrumentalist\u00f3w\u00a0i\u00a0\u015bpiewak\u00f3w. Zaprezentowali nam si\u0119: Radovan\u00a0Suknovi\u0107\u00a0(solista instrumentalista), Angela\u00a0Bogdanovska\u00a0(solistka), \u201cCununa\u00a0Apusenilor\u00a0Orchestra\u201d (kapela), Radovan\u00a0Suknovi\u0107\u00a0(\u015bpiewak), Oliver\u00a0Nastovski-Batka (solista instrumentalista),\u00a0Samuel Guzik (solista instrumentalista), \u201cPiva\u00a0Plu<\/span><span data-contrast=\"auto\">\u017eine\u201d (grupa \u015bpiewacza), Antoni\u00a0Gluza\u00a0(solista instrumentalista), \u201cZbyrcok\u201d (grupa \u015bpiewacza), \u201cEnsamble\u00a0Koco\u00a0Racin\u201d (kapela), Przemys\u0142aw \u017burek (solista instrumentalista), M\u0142ode Stare Baby (grupa \u015bpiewacza),\u00a0Hasan\u00a0Kavalli\u00a0(solista instrumentalista), \u201cuOstomili\u201d (kapela),\u00a0Sonay\u00a0Kolda\u015f\u00a0(kapela), Kapela Antoniego Gluzy ze Szczyrku \u201cBeskidek\u201d.<\/span><span data-ccp-props=\"{&quot;201341983&quot;:0,&quot;335559740&quot;:276}\">\u00a0<\/span><\/p>\n<p><span data-ccp-props=\"{&quot;201341983&quot;:0,&quot;335559740&quot;:276}\">\u00a0<\/span><span data-contrast=\"auto\">Wyst\u0119py artyst\u00f3w podczas konkursu oceniaj\u0105: przewodnicz\u0105cy\u00a0prof. dr hab. Bernard\u00a0Garaj\u00a0(S\u0142owacja), cz\u0142onkowie: mgr Maria Baliszewska (Polska), prof.\u00a0nadzw. dr hab. Zbigniew\u00a0Przerembski, prof. IS PAN (Polska),\u00a0doc\u00a0dr Natalia\u00a0Rashkova\u00a0(Bu\u0142garia), Lubomir\u00a0Tyllner\u00a0 (Czechy), Sekretarz: Karolina Sypniewska.\u00a0<\/span><span data-ccp-props=\"{&quot;201341983&quot;:0,&quot;335559740&quot;:276}\">\u00a0<\/span><\/p>\n<p><span data-ccp-props=\"{&quot;201341983&quot;:0,&quot;335559740&quot;:276}\">\u00a0<\/span><span data-contrast=\"auto\">W\u0142adys\u0142aw Trebunia-Tutka, patron konkursu by\u0142 jednym z najwybitniejszych g\u00f3ralskich multiinstrumentalist\u00f3w, malarzem, projektantem, plastykiem, cz\u0142onkiem zespo\u0142u Trebunie-Tutki.<\/span><span data-ccp-props=\"{&quot;201341983&quot;:0,&quot;335559740&quot;:276}\">\u00a0<\/span><\/p>\n<div id='gallery-1' class='gallery galleryid-1772 gallery-columns-4 gallery-size-thumbnail'><figure class='gallery-item'>\n\t\t\t<div class='gallery-icon landscape'>\n\t\t\t\t<a href='http:\/\/archiwum.festiwale.zakopane.pl\/festiwal-folkloru\/2021\/08\/17\/drugi-dzien-wystepow-w-miedzynarodowym-konkursie-kapel-spiewakow-i-instrumentalistow-ludowych-im-wladyslawa-trebuni-tutki\/13-2\/'><img width=\"150\" height=\"150\" src=\"http:\/\/archiwum.festiwale.zakopane.pl\/festiwal-folkloru\/wp-content\/uploads\/sites\/13\/2021\/08\/13-150x150.jpeg\" class=\"attachment-thumbnail size-thumbnail\" alt=\"\" loading=\"lazy\" \/><\/a>\n\t\t\t<\/div><\/figure><figure class='gallery-item'>\n\t\t\t<div class='gallery-icon landscape'>\n\t\t\t\t<a href='http:\/\/archiwum.festiwale.zakopane.pl\/festiwal-folkloru\/2021\/08\/17\/drugi-dzien-wystepow-w-miedzynarodowym-konkursie-kapel-spiewakow-i-instrumentalistow-ludowych-im-wladyslawa-trebuni-tutki\/i1\/'><img width=\"150\" height=\"150\" src=\"http:\/\/archiwum.festiwale.zakopane.pl\/festiwal-folkloru\/wp-content\/uploads\/sites\/13\/2021\/08\/i1-150x150.jpeg\" class=\"attachment-thumbnail size-thumbnail\" alt=\"\" loading=\"lazy\" \/><\/a>\n\t\t\t<\/div><\/figure><figure class='gallery-item'>\n\t\t\t<div class='gallery-icon landscape'>\n\t\t\t\t<a href='http:\/\/archiwum.festiwale.zakopane.pl\/festiwal-folkloru\/2021\/08\/17\/drugi-dzien-wystepow-w-miedzynarodowym-konkursie-kapel-spiewakow-i-instrumentalistow-ludowych-im-wladyslawa-trebuni-tutki\/i2\/'><img width=\"150\" height=\"150\" src=\"http:\/\/archiwum.festiwale.zakopane.pl\/festiwal-folkloru\/wp-content\/uploads\/sites\/13\/2021\/08\/i2-150x150.jpeg\" class=\"attachment-thumbnail size-thumbnail\" alt=\"\" loading=\"lazy\" \/><\/a>\n\t\t\t<\/div><\/figure><figure class='gallery-item'>\n\t\t\t<div class='gallery-icon landscape'>\n\t\t\t\t<a href='http:\/\/archiwum.festiwale.zakopane.pl\/festiwal-folkloru\/2021\/08\/17\/drugi-dzien-wystepow-w-miedzynarodowym-konkursie-kapel-spiewakow-i-instrumentalistow-ludowych-im-wladyslawa-trebuni-tutki\/i3\/'><img width=\"150\" height=\"150\" src=\"http:\/\/archiwum.festiwale.zakopane.pl\/festiwal-folkloru\/wp-content\/uploads\/sites\/13\/2021\/08\/i3-150x150.jpeg\" class=\"attachment-thumbnail size-thumbnail\" alt=\"\" loading=\"lazy\" \/><\/a>\n\t\t\t<\/div><\/figure><figure class='gallery-item'>\n\t\t\t<div class='gallery-icon landscape'>\n\t\t\t\t<a href='http:\/\/archiwum.festiwale.zakopane.pl\/festiwal-folkloru\/2021\/08\/17\/drugi-dzien-wystepow-w-miedzynarodowym-konkursie-kapel-spiewakow-i-instrumentalistow-ludowych-im-wladyslawa-trebuni-tutki\/i4\/'><img width=\"150\" height=\"150\" src=\"http:\/\/archiwum.festiwale.zakopane.pl\/festiwal-folkloru\/wp-content\/uploads\/sites\/13\/2021\/08\/i4-150x150.jpeg\" class=\"attachment-thumbnail size-thumbnail\" alt=\"\" loading=\"lazy\" \/><\/a>\n\t\t\t<\/div><\/figure><figure class='gallery-item'>\n\t\t\t<div class='gallery-icon landscape'>\n\t\t\t\t<a href='http:\/\/archiwum.festiwale.zakopane.pl\/festiwal-folkloru\/2021\/08\/17\/drugi-dzien-wystepow-w-miedzynarodowym-konkursie-kapel-spiewakow-i-instrumentalistow-ludowych-im-wladyslawa-trebuni-tutki\/i5\/'><img width=\"150\" height=\"150\" src=\"http:\/\/archiwum.festiwale.zakopane.pl\/festiwal-folkloru\/wp-content\/uploads\/sites\/13\/2021\/08\/i5-150x150.jpeg\" class=\"attachment-thumbnail size-thumbnail\" alt=\"\" loading=\"lazy\" \/><\/a>\n\t\t\t<\/div><\/figure><figure class='gallery-item'>\n\t\t\t<div class='gallery-icon landscape'>\n\t\t\t\t<a href='http:\/\/archiwum.festiwale.zakopane.pl\/festiwal-folkloru\/2021\/08\/17\/drugi-dzien-wystepow-w-miedzynarodowym-konkursie-kapel-spiewakow-i-instrumentalistow-ludowych-im-wladyslawa-trebuni-tutki\/i6\/'><img width=\"150\" height=\"150\" src=\"http:\/\/archiwum.festiwale.zakopane.pl\/festiwal-folkloru\/wp-content\/uploads\/sites\/13\/2021\/08\/i6-150x150.jpeg\" class=\"attachment-thumbnail size-thumbnail\" alt=\"\" loading=\"lazy\" \/><\/a>\n\t\t\t<\/div><\/figure><figure class='gallery-item'>\n\t\t\t<div class='gallery-icon landscape'>\n\t\t\t\t<a href='http:\/\/archiwum.festiwale.zakopane.pl\/festiwal-folkloru\/2021\/08\/17\/drugi-dzien-wystepow-w-miedzynarodowym-konkursie-kapel-spiewakow-i-instrumentalistow-ludowych-im-wladyslawa-trebuni-tutki\/i7\/'><img width=\"150\" height=\"150\" src=\"http:\/\/archiwum.festiwale.zakopane.pl\/festiwal-folkloru\/wp-content\/uploads\/sites\/13\/2021\/08\/i7-150x150.jpeg\" class=\"attachment-thumbnail size-thumbnail\" alt=\"\" loading=\"lazy\" \/><\/a>\n\t\t\t<\/div><\/figure><figure class='gallery-item'>\n\t\t\t<div class='gallery-icon landscape'>\n\t\t\t\t<a href='http:\/\/archiwum.festiwale.zakopane.pl\/festiwal-folkloru\/2021\/08\/17\/drugi-dzien-wystepow-w-miedzynarodowym-konkursie-kapel-spiewakow-i-instrumentalistow-ludowych-im-wladyslawa-trebuni-tutki\/i8\/'><img width=\"150\" height=\"150\" src=\"http:\/\/archiwum.festiwale.zakopane.pl\/festiwal-folkloru\/wp-content\/uploads\/sites\/13\/2021\/08\/i8-150x150.jpeg\" class=\"attachment-thumbnail size-thumbnail\" alt=\"\" loading=\"lazy\" \/><\/a>\n\t\t\t<\/div><\/figure><figure class='gallery-item'>\n\t\t\t<div class='gallery-icon landscape'>\n\t\t\t\t<a href='http:\/\/archiwum.festiwale.zakopane.pl\/festiwal-folkloru\/2021\/08\/17\/drugi-dzien-wystepow-w-miedzynarodowym-konkursie-kapel-spiewakow-i-instrumentalistow-ludowych-im-wladyslawa-trebuni-tutki\/i9\/'><img width=\"150\" height=\"150\" src=\"http:\/\/archiwum.festiwale.zakopane.pl\/festiwal-folkloru\/wp-content\/uploads\/sites\/13\/2021\/08\/i9-150x150.jpeg\" class=\"attachment-thumbnail size-thumbnail\" alt=\"\" loading=\"lazy\" \/><\/a>\n\t\t\t<\/div><\/figure><figure class='gallery-item'>\n\t\t\t<div class='gallery-icon landscape'>\n\t\t\t\t<a href='http:\/\/archiwum.festiwale.zakopane.pl\/festiwal-folkloru\/2021\/08\/17\/drugi-dzien-wystepow-w-miedzynarodowym-konkursie-kapel-spiewakow-i-instrumentalistow-ludowych-im-wladyslawa-trebuni-tutki\/i10\/'><img width=\"150\" height=\"150\" src=\"http:\/\/archiwum.festiwale.zakopane.pl\/festiwal-folkloru\/wp-content\/uploads\/sites\/13\/2021\/08\/i10-150x150.jpeg\" class=\"attachment-thumbnail size-thumbnail\" alt=\"\" loading=\"lazy\" \/><\/a>\n\t\t\t<\/div><\/figure><figure class='gallery-item'>\n\t\t\t<div class='gallery-icon landscape'>\n\t\t\t\t<a href='http:\/\/archiwum.festiwale.zakopane.pl\/festiwal-folkloru\/2021\/08\/17\/drugi-dzien-wystepow-w-miedzynarodowym-konkursie-kapel-spiewakow-i-instrumentalistow-ludowych-im-wladyslawa-trebuni-tutki\/i11\/'><img width=\"150\" height=\"150\" src=\"http:\/\/archiwum.festiwale.zakopane.pl\/festiwal-folkloru\/wp-content\/uploads\/sites\/13\/2021\/08\/i11-150x150.jpeg\" class=\"attachment-thumbnail size-thumbnail\" alt=\"\" loading=\"lazy\" \/><\/a>\n\t\t\t<\/div><\/figure><figure class='gallery-item'>\n\t\t\t<div class='gallery-icon landscape'>\n\t\t\t\t<a href='http:\/\/archiwum.festiwale.zakopane.pl\/festiwal-folkloru\/2021\/08\/17\/drugi-dzien-wystepow-w-miedzynarodowym-konkursie-kapel-spiewakow-i-instrumentalistow-ludowych-im-wladyslawa-trebuni-tutki\/i12\/'><img width=\"150\" height=\"150\" src=\"http:\/\/archiwum.festiwale.zakopane.pl\/festiwal-folkloru\/wp-content\/uploads\/sites\/13\/2021\/08\/i12-150x150.jpeg\" class=\"attachment-thumbnail size-thumbnail\" alt=\"\" loading=\"lazy\" \/><\/a>\n\t\t\t<\/div><\/figure><figure class='gallery-item'>\n\t\t\t<div class='gallery-icon landscape'>\n\t\t\t\t<a href='http:\/\/archiwum.festiwale.zakopane.pl\/festiwal-folkloru\/2021\/08\/17\/drugi-dzien-wystepow-w-miedzynarodowym-konkursie-kapel-spiewakow-i-instrumentalistow-ludowych-im-wladyslawa-trebuni-tutki\/i14\/'><img width=\"150\" height=\"150\" src=\"http:\/\/archiwum.festiwale.zakopane.pl\/festiwal-folkloru\/wp-content\/uploads\/sites\/13\/2021\/08\/i14-150x150.jpeg\" class=\"attachment-thumbnail size-thumbnail\" alt=\"\" loading=\"lazy\" \/><\/a>\n\t\t\t<\/div><\/figure><figure class='gallery-item'>\n\t\t\t<div class='gallery-icon landscape'>\n\t\t\t\t<a href='http:\/\/archiwum.festiwale.zakopane.pl\/festiwal-folkloru\/2021\/08\/17\/drugi-dzien-wystepow-w-miedzynarodowym-konkursie-kapel-spiewakow-i-instrumentalistow-ludowych-im-wladyslawa-trebuni-tutki\/i15\/'><img width=\"150\" height=\"150\" src=\"http:\/\/archiwum.festiwale.zakopane.pl\/festiwal-folkloru\/wp-content\/uploads\/sites\/13\/2021\/08\/i15-150x150.jpeg\" class=\"attachment-thumbnail size-thumbnail\" alt=\"\" loading=\"lazy\" \/><\/a>\n\t\t\t<\/div><\/figure><figure class='gallery-item'>\n\t\t\t<div class='gallery-icon landscape'>\n\t\t\t\t<a href='http:\/\/archiwum.festiwale.zakopane.pl\/festiwal-folkloru\/2021\/08\/17\/drugi-dzien-wystepow-w-miedzynarodowym-konkursie-kapel-spiewakow-i-instrumentalistow-ludowych-im-wladyslawa-trebuni-tutki\/i16\/'><img width=\"150\" height=\"150\" src=\"http:\/\/archiwum.festiwale.zakopane.pl\/festiwal-folkloru\/wp-content\/uploads\/sites\/13\/2021\/08\/i16-150x150.jpeg\" class=\"attachment-thumbnail size-thumbnail\" alt=\"\" loading=\"lazy\" \/><\/a>\n\t\t\t<\/div><\/figure><figure class='gallery-item'>\n\t\t\t<div class='gallery-icon landscape'>\n\t\t\t\t<a href='http:\/\/archiwum.festiwale.zakopane.pl\/festiwal-folkloru\/2021\/08\/17\/drugi-dzien-wystepow-w-miedzynarodowym-konkursie-kapel-spiewakow-i-instrumentalistow-ludowych-im-wladyslawa-trebuni-tutki\/i17\/'><img width=\"150\" height=\"150\" src=\"http:\/\/archiwum.festiwale.zakopane.pl\/festiwal-folkloru\/wp-content\/uploads\/sites\/13\/2021\/08\/i17-150x150.jpeg\" class=\"attachment-thumbnail size-thumbnail\" alt=\"\" loading=\"lazy\" \/><\/a>\n\t\t\t<\/div><\/figure><figure class='gallery-item'>\n\t\t\t<div class='gallery-icon landscape'>\n\t\t\t\t<a href='http:\/\/archiwum.festiwale.zakopane.pl\/festiwal-folkloru\/2021\/08\/17\/drugi-dzien-wystepow-w-miedzynarodowym-konkursie-kapel-spiewakow-i-instrumentalistow-ludowych-im-wladyslawa-trebuni-tutki\/i18\/'><img width=\"150\" height=\"150\" src=\"http:\/\/archiwum.festiwale.zakopane.pl\/festiwal-folkloru\/wp-content\/uploads\/sites\/13\/2021\/08\/i18-150x150.jpeg\" class=\"attachment-thumbnail size-thumbnail\" alt=\"\" loading=\"lazy\" \/><\/a>\n\t\t\t<\/div><\/figure><figure class='gallery-item'>\n\t\t\t<div class='gallery-icon landscape'>\n\t\t\t\t<a href='http:\/\/archiwum.festiwale.zakopane.pl\/festiwal-folkloru\/2021\/08\/17\/drugi-dzien-wystepow-w-miedzynarodowym-konkursie-kapel-spiewakow-i-instrumentalistow-ludowych-im-wladyslawa-trebuni-tutki\/i20\/'><img width=\"150\" height=\"150\" src=\"http:\/\/archiwum.festiwale.zakopane.pl\/festiwal-folkloru\/wp-content\/uploads\/sites\/13\/2021\/08\/i20-150x150.jpeg\" class=\"attachment-thumbnail size-thumbnail\" alt=\"\" loading=\"lazy\" \/><\/a>\n\t\t\t<\/div><\/figure>\n\t\t<\/div>\n\n","protected":false},"excerpt":{"rendered":"<p>We wtorek, cho\u0107 deszczowy,\u00a0nie mog\u0142o zabrakn\u0105\u0107 wyst\u0119p\u00f3w w Mi\u0119dzynarodowym Konkursie Kapel, \u015apiewak\u00f3w i Instrumentalist\u00f3w Ludowych [&hellip;]<\/p>\n","protected":false},"author":5,"featured_media":1855,"comment_status":"closed","ping_status":"closed","sticky":false,"template":"","format":"standard","meta":[],"categories":[1],"tags":[],"acf":[],"_links":{"self":[{"href":"http:\/\/archiwum.festiwale.zakopane.pl\/festiwal-folkloru\/wp-json\/wp\/v2\/posts\/1772"}],"collection":[{"href":"http:\/\/archiwum.festiwale.zakopane.pl\/festiwal-folkloru\/wp-json\/wp\/v2\/posts"}],"about":[{"href":"http:\/\/archiwum.festiwale.zakopane.pl\/festiwal-folkloru\/wp-json\/wp\/v2\/types\/post"}],"author":[{"embeddable":true,"href":"http:\/\/archiwum.festiwale.zakopane.pl\/festiwal-folkloru\/wp-json\/wp\/v2\/users\/5"}],"replies":[{"embeddable":true,"href":"http:\/\/archiwum.festiwale.zakopane.pl\/festiwal-folkloru\/wp-json\/wp\/v2\/comments?post=1772"}],"version-history":[{"count":3,"href":"http:\/\/archiwum.festiwale.zakopane.pl\/festiwal-folkloru\/wp-json\/wp\/v2\/posts\/1772\/revisions"}],"predecessor-version":[{"id":1888,"href":"http:\/\/archiwum.festiwale.zakopane.pl\/festiwal-folkloru\/wp-json\/wp\/v2\/posts\/1772\/revisions\/1888"}],"wp:featuredmedia":[{"embeddable":true,"href":"http:\/\/archiwum.festiwale.zakopane.pl\/festiwal-folkloru\/wp-json\/wp\/v2\/media\/1855"}],"wp:attachment":[{"href":"http:\/\/archiwum.festiwale.zakopane.pl\/festiwal-folkloru\/wp-json\/wp\/v2\/media?parent=1772"}],"wp:term":[{"taxonomy":"category","embeddable":true,"href":"http:\/\/archiwum.festiwale.zakopane.pl\/festiwal-folkloru\/wp-json\/wp\/v2\/categories?post=1772"},{"taxonomy":"post_tag","embeddable":true,"href":"http:\/\/archiwum.festiwale.zakopane.pl\/festiwal-folkloru\/wp-json\/wp\/v2\/tags?post=1772"}],"curies":[{"name":"wp","href":"https:\/\/api.w.org\/{rel}","templated":true}]}}