{"id":1740,"date":"2021-08-17T11:20:30","date_gmt":"2021-08-17T09:20:30","guid":{"rendered":"https:\/\/festiwale.zakopane.pl\/festiwal-folkloru\/?p=1740"},"modified":"2021-08-17T11:20:38","modified_gmt":"2021-08-17T09:20:38","slug":"pierwszy-dzien-koncertow-konkursowych","status":"publish","type":"post","link":"http:\/\/archiwum.festiwale.zakopane.pl\/festiwal-folkloru\/2021\/08\/17\/pierwszy-dzien-koncertow-konkursowych\/","title":{"rendered":"Pierwszy dzie\u0144 Koncert\u00f3w Konkursowych"},"content":{"rendered":"<p>Po po\u0142udniu, na scenie Festiwalowej rozpocz\u0119\u0142y si\u0119 Koncerty Konkursowe g\u00f3rali z ca\u0142ego \u015bwiata. Jury w sk\u0142adzie: Przewodnicz\u0105ca dr Bo\u017cena Lewandowska (Polska) Cz\u0142onkowie: mgr Mikl\u00f3s Braun (W\u0119gry) mgr Jozef Buri\u0107 (S\u0142owacja) mgr El\u017cbieta Chodurska (Polska) dr Marius Ursu (Rumunia) dr Evgenia Grancharova (Bu\u0142garia) doc. B\u00fclent Kurti\u015fo\u011flu (Turcja) Didier Bernard (Francja) Juan Luis Unzurrunzaga ( Hiszpania) Halina Maciata Lasak ( Polska) Sekretarz Jury Ewa Piszczek, bacznie obserwowali wyst\u0119py ka\u017cdej z grup, aby po zako\u0144czeniu wszystkich Koncert\u00f3w Konkursowych wy\u0142oni\u0107 zwyci\u0119zc\u00f3w tegorocznego festiwalu.<\/p>\n<p>Zespo\u0142y wyst\u0119puj\u0105 w\u00a0 trzech kategoriach: tradycyjnej, artystycznie opracowanej oraz stylizowanej.<\/p>\n<p>Poniedzia\u0142kowego wieczoru jako pierwszy zaprezentowa\u0142 si\u0119 zesp\u00f3\u0142 z Republiki Macedonii P\u00f3\u0142nocnej \u201eKoco Racin\u201d, kt\u00f3ry powsta\u0142 75 lat temu w mie\u015bcie Skopje, a sw\u0105 nazw\u0119 zapo\u017cyczy\u0142 od imienia wiod\u0105cego robotnika garncarskiego i rewolucjonisty, wojownika i poety literatury macedo\u0144skiej- Koco Racina. Ju\u017c po roku dzia\u0142alno\u015bci zdobyli swoj\u0105 pierwsz\u0105 nagrod\u0119 na mi\u0119dzynarodowym festiwalu w Pradze.<\/p>\n<p>Kolejnym zespo\u0142em, kt\u00f3ry zaprezentowa\u0142 si\u0119 na deskach MFFZG by\u0142 Rumu\u0144ski zesp\u00f3\u0142 \u201eCununa Apusenilor\u201d. Zosta\u0142 za\u0142o\u017cony w 1983 roku i liczy ponad 130 cz\u0142onk\u00f3w. Ich regionem jest otoczona ze wszystkich stron pasmami g\u00f3rskimi- Transylwania, znana te\u017c pod nazw\u0105 Siedmiogrodu. Grupa z Rumuni startuje w kategorii stylizowanej.<\/p>\n<p>W I kategorii, stylizowanej wyst\u0105pi\u0142 r\u00f3wnie\u017c polski Zesp\u00f3\u0142 Regionalny \u201eZbyrcok\u201d, kt\u00f3ry dzia\u0142a w ramach Stowarzyszenia \u201eNowy Juszczyn\u201d. Zesp\u00f3\u0142 powsta\u0142 w 2008 roku z inicjatywy mieszka\u0144c\u00f3w Juszczyna. Celem dzia\u0142alno\u015bci zespo\u0142u jest promowanie i szerzenie szeroko rozumianej kultury i tradycji ludowej Podbabiog\u00f3rza, a w szczeg\u00f3lno\u015bci folkloru G\u00f3rali Babiog\u00f3rskich.<\/p>\n<p>Po przerwie w Koncercie wyst\u0105pi\u0142y kolejne trzy zespo\u0142y. Jako pierwszy \u201ePiva\u201d, zesp\u00f3\u0142 z p\u00f3\u0142nocno-zachodniej cz\u0119\u015bci Czarnog\u00f3ry, dok\u0142adnie z miasteczka Pluzine. Zesp\u00f3\u0142 zosta\u0142 za\u0142o\u017cony w 1994 roku i od tamtej pory z powodzeniem rozwija i promuje tradycj\u0119, zwyczaje i dziedzictwo kulturowe swojego regionu.<\/p>\n<p>Kolejnym zespo\u0142em, kt\u00f3ry zaprezentowa\u0142 si\u0119 na scenie by\u0142 zesp\u00f3\u0142 \u201eAnatolian Folklor Fundation\u201d z Turcji. W ci\u0105gu blisko czterdziestu lat dzia\u0142alno\u015bci zespo\u0142u ponad 8760 m\u0142odych ch\u0142opc\u00f3w i dziewcz\u0105t uczy\u0142o si\u0119 ta\u0144czy\u0107 tureckie ta\u0144ce ludowe w szeregach zespo\u0142u. Ta imponuj\u0105ca liczba u\u015bwiadamia skal\u0119 dzia\u0142alno\u015bci Anatolian Folklor Fundation.<\/p>\n<p>Ostatnim tego wieczoru wyst\u0119pem, kt\u00f3ry zaprezentowa\u0142 si\u0119 przed jury oraz widzami by\u0142 zesp\u00f3\u0142 \u201eRegle\u201d, powsta\u0142y w 1974 roku, po kilkunastoletniej przerwie wznowi\u0142 swoj\u0105 dzia\u0142alno\u015b\u0107 dwadzie\u015bcia lat temu. Zesp\u00f3\u0142 startuje w kategorii tradycyjnej, zaprezentowa\u0142 obrz\u0119d \u201eZielone \u015awi\u0105tki\u201d. Grupa nosi imi\u0119 Jana J\u0119drola- nie\u017cyj\u0105cego dzia\u0142acza Zwi\u0105zku Podhalan oraz kierownika w latach 70-tych ubieg\u0142ego stulecia. W swoim dorobku Regle maj\u0105 wszystkie trzy kolory \u017bywieckiego Serca oraz Z\u0142ot\u0105 i Srebrn\u0105 Ciupag\u0119 festiwalu zakopia\u0144skiego.<\/p>\n<p>Przed nami kolejne emocjonuj\u0105ce Koncerty Konkursowe, zespo\u0142\u00f3w mi\u0119dzy innymi z Bu\u0142garii, Ukrainy, W\u0142och i Serbii. Po wczorajszym wieczorze, kt\u00f3ry obfitowa\u0142 w barwy, d\u017awi\u0119ki i niezwyk\u0142e ta\u0144ce pozostaje tylko czeka\u0107 na kolejne wspania\u0142e widowiska.<\/p>\n<div id='gallery-1' class='gallery galleryid-1740 gallery-columns-4 gallery-size-thumbnail'><figure class='gallery-item'>\n\t\t\t<div class='gallery-icon landscape'>\n\t\t\t\t<a href='http:\/\/archiwum.festiwale.zakopane.pl\/festiwal-folkloru\/2021\/08\/17\/pierwszy-dzien-koncertow-konkursowych\/dsc_5380\/'><img width=\"150\" height=\"150\" src=\"http:\/\/archiwum.festiwale.zakopane.pl\/festiwal-folkloru\/wp-content\/uploads\/sites\/13\/2021\/08\/DSC_5380-150x150.jpg\" class=\"attachment-thumbnail size-thumbnail\" alt=\"\" loading=\"lazy\" \/><\/a>\n\t\t\t<\/div><\/figure><figure class='gallery-item'>\n\t\t\t<div class='gallery-icon landscape'>\n\t\t\t\t<a href='http:\/\/archiwum.festiwale.zakopane.pl\/festiwal-folkloru\/2021\/08\/17\/pierwszy-dzien-koncertow-konkursowych\/dsc_5383\/'><img width=\"150\" height=\"150\" src=\"http:\/\/archiwum.festiwale.zakopane.pl\/festiwal-folkloru\/wp-content\/uploads\/sites\/13\/2021\/08\/DSC_5383-150x150.jpg\" class=\"attachment-thumbnail size-thumbnail\" alt=\"\" loading=\"lazy\" \/><\/a>\n\t\t\t<\/div><\/figure><figure class='gallery-item'>\n\t\t\t<div class='gallery-icon landscape'>\n\t\t\t\t<a href='http:\/\/archiwum.festiwale.zakopane.pl\/festiwal-folkloru\/2021\/08\/17\/pierwszy-dzien-koncertow-konkursowych\/dsc_5393\/'><img width=\"150\" height=\"150\" src=\"http:\/\/archiwum.festiwale.zakopane.pl\/festiwal-folkloru\/wp-content\/uploads\/sites\/13\/2021\/08\/DSC_5393-150x150.jpg\" class=\"attachment-thumbnail size-thumbnail\" alt=\"\" loading=\"lazy\" \/><\/a>\n\t\t\t<\/div><\/figure><figure class='gallery-item'>\n\t\t\t<div class='gallery-icon portrait'>\n\t\t\t\t<a href='http:\/\/archiwum.festiwale.zakopane.pl\/festiwal-folkloru\/2021\/08\/17\/pierwszy-dzien-koncertow-konkursowych\/dsc_5407\/'><img width=\"150\" height=\"150\" src=\"http:\/\/archiwum.festiwale.zakopane.pl\/festiwal-folkloru\/wp-content\/uploads\/sites\/13\/2021\/08\/DSC_5407-150x150.jpg\" class=\"attachment-thumbnail size-thumbnail\" alt=\"\" loading=\"lazy\" \/><\/a>\n\t\t\t<\/div><\/figure><figure class='gallery-item'>\n\t\t\t<div class='gallery-icon landscape'>\n\t\t\t\t<a href='http:\/\/archiwum.festiwale.zakopane.pl\/festiwal-folkloru\/2021\/08\/17\/pierwszy-dzien-koncertow-konkursowych\/dsc_5413\/'><img width=\"150\" height=\"150\" src=\"http:\/\/archiwum.festiwale.zakopane.pl\/festiwal-folkloru\/wp-content\/uploads\/sites\/13\/2021\/08\/DSC_5413-150x150.jpg\" class=\"attachment-thumbnail size-thumbnail\" alt=\"\" loading=\"lazy\" \/><\/a>\n\t\t\t<\/div><\/figure><figure class='gallery-item'>\n\t\t\t<div class='gallery-icon landscape'>\n\t\t\t\t<a href='http:\/\/archiwum.festiwale.zakopane.pl\/festiwal-folkloru\/2021\/08\/17\/pierwszy-dzien-koncertow-konkursowych\/dsc_5426\/'><img width=\"150\" height=\"150\" src=\"http:\/\/archiwum.festiwale.zakopane.pl\/festiwal-folkloru\/wp-content\/uploads\/sites\/13\/2021\/08\/DSC_5426-150x150.jpg\" class=\"attachment-thumbnail size-thumbnail\" alt=\"\" loading=\"lazy\" \/><\/a>\n\t\t\t<\/div><\/figure><figure class='gallery-item'>\n\t\t\t<div class='gallery-icon landscape'>\n\t\t\t\t<a href='http:\/\/archiwum.festiwale.zakopane.pl\/festiwal-folkloru\/2021\/08\/17\/pierwszy-dzien-koncertow-konkursowych\/dsc_5433\/'><img width=\"150\" height=\"150\" src=\"http:\/\/archiwum.festiwale.zakopane.pl\/festiwal-folkloru\/wp-content\/uploads\/sites\/13\/2021\/08\/DSC_5433-150x150.jpg\" class=\"attachment-thumbnail size-thumbnail\" alt=\"\" loading=\"lazy\" \/><\/a>\n\t\t\t<\/div><\/figure><figure class='gallery-item'>\n\t\t\t<div class='gallery-icon landscape'>\n\t\t\t\t<a href='http:\/\/archiwum.festiwale.zakopane.pl\/festiwal-folkloru\/2021\/08\/17\/pierwszy-dzien-koncertow-konkursowych\/dsc_5456\/'><img width=\"150\" height=\"150\" src=\"http:\/\/archiwum.festiwale.zakopane.pl\/festiwal-folkloru\/wp-content\/uploads\/sites\/13\/2021\/08\/DSC_5456-150x150.jpg\" class=\"attachment-thumbnail size-thumbnail\" alt=\"\" loading=\"lazy\" \/><\/a>\n\t\t\t<\/div><\/figure><figure class='gallery-item'>\n\t\t\t<div class='gallery-icon landscape'>\n\t\t\t\t<a href='http:\/\/archiwum.festiwale.zakopane.pl\/festiwal-folkloru\/2021\/08\/17\/pierwszy-dzien-koncertow-konkursowych\/dsc_5469\/'><img width=\"150\" height=\"150\" src=\"http:\/\/archiwum.festiwale.zakopane.pl\/festiwal-folkloru\/wp-content\/uploads\/sites\/13\/2021\/08\/DSC_5469-150x150.jpg\" class=\"attachment-thumbnail size-thumbnail\" alt=\"\" loading=\"lazy\" \/><\/a>\n\t\t\t<\/div><\/figure><figure class='gallery-item'>\n\t\t\t<div class='gallery-icon portrait'>\n\t\t\t\t<a href='http:\/\/archiwum.festiwale.zakopane.pl\/festiwal-folkloru\/2021\/08\/17\/pierwszy-dzien-koncertow-konkursowych\/dsc_5493\/'><img width=\"150\" height=\"150\" src=\"http:\/\/archiwum.festiwale.zakopane.pl\/festiwal-folkloru\/wp-content\/uploads\/sites\/13\/2021\/08\/DSC_5493-150x150.jpg\" class=\"attachment-thumbnail size-thumbnail\" alt=\"\" loading=\"lazy\" \/><\/a>\n\t\t\t<\/div><\/figure><figure class='gallery-item'>\n\t\t\t<div class='gallery-icon landscape'>\n\t\t\t\t<a href='http:\/\/archiwum.festiwale.zakopane.pl\/festiwal-folkloru\/2021\/08\/17\/pierwszy-dzien-koncertow-konkursowych\/dsc_5507\/'><img width=\"150\" height=\"150\" src=\"http:\/\/archiwum.festiwale.zakopane.pl\/festiwal-folkloru\/wp-content\/uploads\/sites\/13\/2021\/08\/DSC_5507-150x150.jpg\" class=\"attachment-thumbnail size-thumbnail\" alt=\"\" loading=\"lazy\" \/><\/a>\n\t\t\t<\/div><\/figure><figure class='gallery-item'>\n\t\t\t<div class='gallery-icon landscape'>\n\t\t\t\t<a href='http:\/\/archiwum.festiwale.zakopane.pl\/festiwal-folkloru\/2021\/08\/17\/pierwszy-dzien-koncertow-konkursowych\/dsc_5517\/'><img width=\"150\" height=\"150\" src=\"http:\/\/archiwum.festiwale.zakopane.pl\/festiwal-folkloru\/wp-content\/uploads\/sites\/13\/2021\/08\/DSC_5517-150x150.jpg\" class=\"attachment-thumbnail size-thumbnail\" alt=\"\" loading=\"lazy\" \/><\/a>\n\t\t\t<\/div><\/figure><figure class='gallery-item'>\n\t\t\t<div class='gallery-icon portrait'>\n\t\t\t\t<a href='http:\/\/archiwum.festiwale.zakopane.pl\/festiwal-folkloru\/2021\/08\/17\/pierwszy-dzien-koncertow-konkursowych\/dsc_5562\/'><img width=\"150\" height=\"150\" src=\"http:\/\/archiwum.festiwale.zakopane.pl\/festiwal-folkloru\/wp-content\/uploads\/sites\/13\/2021\/08\/DSC_5562-150x150.jpg\" class=\"attachment-thumbnail size-thumbnail\" alt=\"\" loading=\"lazy\" \/><\/a>\n\t\t\t<\/div><\/figure><figure class='gallery-item'>\n\t\t\t<div class='gallery-icon landscape'>\n\t\t\t\t<a href='http:\/\/archiwum.festiwale.zakopane.pl\/festiwal-folkloru\/2021\/08\/17\/pierwszy-dzien-koncertow-konkursowych\/dsc_5586\/'><img width=\"150\" height=\"150\" src=\"http:\/\/archiwum.festiwale.zakopane.pl\/festiwal-folkloru\/wp-content\/uploads\/sites\/13\/2021\/08\/DSC_5586-150x150.jpg\" class=\"attachment-thumbnail size-thumbnail\" alt=\"\" loading=\"lazy\" \/><\/a>\n\t\t\t<\/div><\/figure><figure class='gallery-item'>\n\t\t\t<div class='gallery-icon landscape'>\n\t\t\t\t<a href='http:\/\/archiwum.festiwale.zakopane.pl\/festiwal-folkloru\/2021\/08\/17\/pierwszy-dzien-koncertow-konkursowych\/dsc_5598\/'><img width=\"150\" height=\"150\" src=\"http:\/\/archiwum.festiwale.zakopane.pl\/festiwal-folkloru\/wp-content\/uploads\/sites\/13\/2021\/08\/DSC_5598-150x150.jpg\" class=\"attachment-thumbnail size-thumbnail\" alt=\"\" loading=\"lazy\" \/><\/a>\n\t\t\t<\/div><\/figure><figure class='gallery-item'>\n\t\t\t<div class='gallery-icon landscape'>\n\t\t\t\t<a href='http:\/\/archiwum.festiwale.zakopane.pl\/festiwal-folkloru\/2021\/08\/17\/pierwszy-dzien-koncertow-konkursowych\/dsc_5602\/'><img width=\"150\" height=\"150\" src=\"http:\/\/archiwum.festiwale.zakopane.pl\/festiwal-folkloru\/wp-content\/uploads\/sites\/13\/2021\/08\/DSC_5602-150x150.jpg\" class=\"attachment-thumbnail size-thumbnail\" alt=\"\" loading=\"lazy\" \/><\/a>\n\t\t\t<\/div><\/figure><figure class='gallery-item'>\n\t\t\t<div class='gallery-icon landscape'>\n\t\t\t\t<a href='http:\/\/archiwum.festiwale.zakopane.pl\/festiwal-folkloru\/2021\/08\/17\/pierwszy-dzien-koncertow-konkursowych\/dsc_5605\/'><img width=\"150\" height=\"150\" src=\"http:\/\/archiwum.festiwale.zakopane.pl\/festiwal-folkloru\/wp-content\/uploads\/sites\/13\/2021\/08\/DSC_5605-150x150.jpg\" class=\"attachment-thumbnail size-thumbnail\" alt=\"\" loading=\"lazy\" \/><\/a>\n\t\t\t<\/div><\/figure><figure class='gallery-item'>\n\t\t\t<div class='gallery-icon landscape'>\n\t\t\t\t<a href='http:\/\/archiwum.festiwale.zakopane.pl\/festiwal-folkloru\/2021\/08\/17\/pierwszy-dzien-koncertow-konkursowych\/dsc_5606\/'><img width=\"150\" height=\"150\" src=\"http:\/\/archiwum.festiwale.zakopane.pl\/festiwal-folkloru\/wp-content\/uploads\/sites\/13\/2021\/08\/DSC_5606-150x150.jpg\" class=\"attachment-thumbnail size-thumbnail\" alt=\"\" loading=\"lazy\" \/><\/a>\n\t\t\t<\/div><\/figure><figure class='gallery-item'>\n\t\t\t<div class='gallery-icon landscape'>\n\t\t\t\t<a href='http:\/\/archiwum.festiwale.zakopane.pl\/festiwal-folkloru\/2021\/08\/17\/pierwszy-dzien-koncertow-konkursowych\/dsc_5613\/'><img width=\"150\" height=\"150\" src=\"http:\/\/archiwum.festiwale.zakopane.pl\/festiwal-folkloru\/wp-content\/uploads\/sites\/13\/2021\/08\/DSC_5613-150x150.jpg\" class=\"attachment-thumbnail size-thumbnail\" alt=\"\" loading=\"lazy\" \/><\/a>\n\t\t\t<\/div><\/figure><figure class='gallery-item'>\n\t\t\t<div class='gallery-icon landscape'>\n\t\t\t\t<a href='http:\/\/archiwum.festiwale.zakopane.pl\/festiwal-folkloru\/2021\/08\/17\/pierwszy-dzien-koncertow-konkursowych\/dsc_5625\/'><img width=\"150\" height=\"150\" src=\"http:\/\/archiwum.festiwale.zakopane.pl\/festiwal-folkloru\/wp-content\/uploads\/sites\/13\/2021\/08\/DSC_5625-150x150.jpg\" class=\"attachment-thumbnail size-thumbnail\" alt=\"\" loading=\"lazy\" \/><\/a>\n\t\t\t<\/div><\/figure><figure class='gallery-item'>\n\t\t\t<div class='gallery-icon portrait'>\n\t\t\t\t<a href='http:\/\/archiwum.festiwale.zakopane.pl\/festiwal-folkloru\/2021\/08\/17\/pierwszy-dzien-koncertow-konkursowych\/dsc_5628\/'><img width=\"150\" height=\"150\" src=\"http:\/\/archiwum.festiwale.zakopane.pl\/festiwal-folkloru\/wp-content\/uploads\/sites\/13\/2021\/08\/DSC_5628-150x150.jpg\" class=\"attachment-thumbnail size-thumbnail\" alt=\"\" loading=\"lazy\" \/><\/a>\n\t\t\t<\/div><\/figure><figure class='gallery-item'>\n\t\t\t<div class='gallery-icon landscape'>\n\t\t\t\t<a href='http:\/\/archiwum.festiwale.zakopane.pl\/festiwal-folkloru\/2021\/08\/17\/pierwszy-dzien-koncertow-konkursowych\/dsc_5630\/'><img width=\"150\" height=\"150\" src=\"http:\/\/archiwum.festiwale.zakopane.pl\/festiwal-folkloru\/wp-content\/uploads\/sites\/13\/2021\/08\/DSC_5630-150x150.jpg\" class=\"attachment-thumbnail size-thumbnail\" alt=\"\" loading=\"lazy\" \/><\/a>\n\t\t\t<\/div><\/figure><figure class='gallery-item'>\n\t\t\t<div class='gallery-icon landscape'>\n\t\t\t\t<a href='http:\/\/archiwum.festiwale.zakopane.pl\/festiwal-folkloru\/2021\/08\/17\/pierwszy-dzien-koncertow-konkursowych\/dsc_5632\/'><img width=\"150\" height=\"150\" src=\"http:\/\/archiwum.festiwale.zakopane.pl\/festiwal-folkloru\/wp-content\/uploads\/sites\/13\/2021\/08\/DSC_5632-150x150.jpg\" class=\"attachment-thumbnail size-thumbnail\" alt=\"\" loading=\"lazy\" \/><\/a>\n\t\t\t<\/div><\/figure><figure class='gallery-item'>\n\t\t\t<div class='gallery-icon landscape'>\n\t\t\t\t<a href='http:\/\/archiwum.festiwale.zakopane.pl\/festiwal-folkloru\/2021\/08\/17\/pierwszy-dzien-koncertow-konkursowych\/dsc_5651\/'><img width=\"150\" height=\"150\" src=\"http:\/\/archiwum.festiwale.zakopane.pl\/festiwal-folkloru\/wp-content\/uploads\/sites\/13\/2021\/08\/DSC_5651-150x150.jpg\" class=\"attachment-thumbnail size-thumbnail\" alt=\"\" loading=\"lazy\" \/><\/a>\n\t\t\t<\/div><\/figure><figure class='gallery-item'>\n\t\t\t<div class='gallery-icon landscape'>\n\t\t\t\t<a href='http:\/\/archiwum.festiwale.zakopane.pl\/festiwal-folkloru\/2021\/08\/17\/pierwszy-dzien-koncertow-konkursowych\/dsc_5666\/'><img width=\"150\" height=\"150\" src=\"http:\/\/archiwum.festiwale.zakopane.pl\/festiwal-folkloru\/wp-content\/uploads\/sites\/13\/2021\/08\/DSC_5666-150x150.jpg\" class=\"attachment-thumbnail size-thumbnail\" alt=\"\" loading=\"lazy\" \/><\/a>\n\t\t\t<\/div><\/figure>\n\t\t<\/div>\n\n","protected":false},"excerpt":{"rendered":"<p>Po po\u0142udniu, na scenie Festiwalowej rozpocz\u0119\u0142y si\u0119 Koncerty Konkursowe g\u00f3rali z ca\u0142ego \u015bwiata. Jury w [&hellip;]<\/p>\n","protected":false},"author":5,"featured_media":1756,"comment_status":"closed","ping_status":"closed","sticky":false,"template":"","format":"standard","meta":[],"categories":[1],"tags":[],"acf":[],"_links":{"self":[{"href":"http:\/\/archiwum.festiwale.zakopane.pl\/festiwal-folkloru\/wp-json\/wp\/v2\/posts\/1740"}],"collection":[{"href":"http:\/\/archiwum.festiwale.zakopane.pl\/festiwal-folkloru\/wp-json\/wp\/v2\/posts"}],"about":[{"href":"http:\/\/archiwum.festiwale.zakopane.pl\/festiwal-folkloru\/wp-json\/wp\/v2\/types\/post"}],"author":[{"embeddable":true,"href":"http:\/\/archiwum.festiwale.zakopane.pl\/festiwal-folkloru\/wp-json\/wp\/v2\/users\/5"}],"replies":[{"embeddable":true,"href":"http:\/\/archiwum.festiwale.zakopane.pl\/festiwal-folkloru\/wp-json\/wp\/v2\/comments?post=1740"}],"version-history":[{"count":3,"href":"http:\/\/archiwum.festiwale.zakopane.pl\/festiwal-folkloru\/wp-json\/wp\/v2\/posts\/1740\/revisions"}],"predecessor-version":[{"id":1768,"href":"http:\/\/archiwum.festiwale.zakopane.pl\/festiwal-folkloru\/wp-json\/wp\/v2\/posts\/1740\/revisions\/1768"}],"wp:featuredmedia":[{"embeddable":true,"href":"http:\/\/archiwum.festiwale.zakopane.pl\/festiwal-folkloru\/wp-json\/wp\/v2\/media\/1756"}],"wp:attachment":[{"href":"http:\/\/archiwum.festiwale.zakopane.pl\/festiwal-folkloru\/wp-json\/wp\/v2\/media?parent=1740"}],"wp:term":[{"taxonomy":"category","embeddable":true,"href":"http:\/\/archiwum.festiwale.zakopane.pl\/festiwal-folkloru\/wp-json\/wp\/v2\/categories?post=1740"},{"taxonomy":"post_tag","embeddable":true,"href":"http:\/\/archiwum.festiwale.zakopane.pl\/festiwal-folkloru\/wp-json\/wp\/v2\/tags?post=1740"}],"curies":[{"name":"wp","href":"https:\/\/api.w.org\/{rel}","templated":true}]}}