{"id":1733,"date":"2021-08-17T11:08:35","date_gmt":"2021-08-17T09:08:35","guid":{"rendered":"https:\/\/festiwale.zakopane.pl\/festiwal-folkloru\/?p=1733"},"modified":"2021-08-17T17:27:02","modified_gmt":"2021-08-17T15:27:02","slug":"koncert-sila-korzeni","status":"publish","type":"post","link":"http:\/\/archiwum.festiwale.zakopane.pl\/festiwal-folkloru\/2021\/08\/17\/koncert-sila-korzeni\/","title":{"rendered":"Koncert &#8222;Si\u0142a Korzeni&#8221;"},"content":{"rendered":"<p style=\"font-weight: 400\">G\u00f3ralska muzyka opr\u00f3cz tego, \u017ce niew\u0105tpliwie jest \u017ar\u00f3d\u0142em pi\u0119kna, zachwytu i inspiracji, r\u00f3wnie\u017c nieustannie nam towarzyszy.<\/p>\n<p style=\"font-weight: 400\">Koncert w ramach cyklu \u201eSi\u0142a korzeni\u201d, zaprezentowany podczas Mi\u0119dzynarodowego Festiwalu Folkloru Ziem G\u00f3rskich w Zakopanem jest osnuty na kanwie ksi\u0105\u017cki \u201eG\u00f3ralska Muzyka \u2013 Podhala\u0144skie Dziedzictwo Kulturowe\u201d, autorstwa Krzysztofa Goca\u0142a, kt\u00f3ra wkr\u00f3tce uka\u017ce si\u0119 w sprzeda\u017cy. Znajdziemy w niej blisko 240 melodii g\u00f3ralskich z opisem ich powstania i rodzaju oraz z zapisem nutowym. Przes\u0142anie tej ksi\u0105\u017cki zawiera si\u0119 w s\u0142owach: Na pocz\u0105tku by\u0142a muzyka, muzyk\u0119 grali muzykanci, a ka\u017cdy \u201emuzykant\u201d ma swoj\u0105 histori\u0119, dlatego znajd\u0105 Pa\u0144stwo w niej r\u00f3wnie\u017c kr\u00f3tkie biogramy muzykant\u00f3w, \u015bpiewak\u00f3w, tonecnik\u00f3w i autor\u00f3w s\u0142\u00f3w.<\/p>\n<p style=\"font-weight: 400\">W koncercie zagraj\u0105 przedstawiciele rodzin, kt\u00f3rych biogramy znajduj\u0105 si\u0119 w ksi\u0105\u017cce s\u0105 to m.in.:<\/p>\n<p style=\"font-weight: 400\">Janusz Haniaczyk \u2013 trombity,<\/p>\n<p style=\"font-weight: 400\">Kapela Mariana Styrczuli-Ma\u015bniaka<\/p>\n<p style=\"font-weight: 400\">Kapela J\u00f3zefa Brzegi<\/p>\n<p style=\"font-weight: 400\">Kapela Jana Ro\u017ca\u0142owskiego<\/p>\n<p style=\"font-weight: 400\">Kapela Henryka Trebuni-Tutki<\/p>\n<p style=\"font-weight: 400\">Kapela Floriana Walkosza<\/p>\n<p style=\"font-weight: 400\">Na zako\u0144czenie zagra Orkiestra Reprezentacyjna Stra\u017cy Granicznej z Nowego S\u0105cza.<\/p>\n<p>Link do transmisji on-line <a href=\"https:\/\/youtu.be\/YIcGKxS750s\">https:\/\/youtu.be\/YIcGKxS750s<\/a><\/p>\n<div id='gallery-1' class='gallery galleryid-1733 gallery-columns-4 gallery-size-thumbnail'><figure class='gallery-item'>\n\t\t\t<div class='gallery-icon landscape'>\n\t\t\t\t<a href='http:\/\/archiwum.festiwale.zakopane.pl\/festiwal-folkloru\/2021\/08\/17\/koncert-sila-korzeni\/attachment\/006\/'><img width=\"150\" height=\"150\" src=\"http:\/\/archiwum.festiwale.zakopane.pl\/festiwal-folkloru\/wp-content\/uploads\/sites\/13\/2021\/08\/006-150x150.jpg\" class=\"attachment-thumbnail size-thumbnail\" alt=\"\" loading=\"lazy\" \/><\/a>\n\t\t\t<\/div><\/figure><figure class='gallery-item'>\n\t\t\t<div class='gallery-icon landscape'>\n\t\t\t\t<a href='http:\/\/archiwum.festiwale.zakopane.pl\/festiwal-folkloru\/2021\/08\/17\/koncert-sila-korzeni\/attachment\/005\/'><img width=\"150\" height=\"150\" src=\"http:\/\/archiwum.festiwale.zakopane.pl\/festiwal-folkloru\/wp-content\/uploads\/sites\/13\/2021\/08\/005-150x150.jpg\" class=\"attachment-thumbnail size-thumbnail\" alt=\"\" loading=\"lazy\" \/><\/a>\n\t\t\t<\/div><\/figure><figure class='gallery-item'>\n\t\t\t<div class='gallery-icon landscape'>\n\t\t\t\t<a href='http:\/\/archiwum.festiwale.zakopane.pl\/festiwal-folkloru\/2021\/08\/17\/koncert-sila-korzeni\/mockups-design\/'><img width=\"150\" height=\"150\" src=\"http:\/\/archiwum.festiwale.zakopane.pl\/festiwal-folkloru\/wp-content\/uploads\/sites\/13\/2021\/08\/001-150x150.jpg\" class=\"attachment-thumbnail size-thumbnail\" alt=\"\" loading=\"lazy\" \/><\/a>\n\t\t\t<\/div><\/figure><figure class='gallery-item'>\n\t\t\t<div class='gallery-icon landscape'>\n\t\t\t\t<a href='http:\/\/archiwum.festiwale.zakopane.pl\/festiwal-folkloru\/2021\/08\/17\/koncert-sila-korzeni\/attachment\/012\/'><img width=\"150\" height=\"150\" src=\"http:\/\/archiwum.festiwale.zakopane.pl\/festiwal-folkloru\/wp-content\/uploads\/sites\/13\/2021\/08\/012-150x150.jpg\" class=\"attachment-thumbnail size-thumbnail\" alt=\"\" loading=\"lazy\" \/><\/a>\n\t\t\t<\/div><\/figure>\n\t\t<\/div>\n\n","protected":false},"excerpt":{"rendered":"<p>G\u00f3ralska muzyka opr\u00f3cz tego, \u017ce niew\u0105tpliwie jest \u017ar\u00f3d\u0142em pi\u0119kna, zachwytu i inspiracji, r\u00f3wnie\u017c nieustannie nam [&hellip;]<\/p>\n","protected":false},"author":5,"featured_media":1769,"comment_status":"closed","ping_status":"closed","sticky":false,"template":"","format":"standard","meta":[],"categories":[1],"tags":[],"acf":[],"_links":{"self":[{"href":"http:\/\/archiwum.festiwale.zakopane.pl\/festiwal-folkloru\/wp-json\/wp\/v2\/posts\/1733"}],"collection":[{"href":"http:\/\/archiwum.festiwale.zakopane.pl\/festiwal-folkloru\/wp-json\/wp\/v2\/posts"}],"about":[{"href":"http:\/\/archiwum.festiwale.zakopane.pl\/festiwal-folkloru\/wp-json\/wp\/v2\/types\/post"}],"author":[{"embeddable":true,"href":"http:\/\/archiwum.festiwale.zakopane.pl\/festiwal-folkloru\/wp-json\/wp\/v2\/users\/5"}],"replies":[{"embeddable":true,"href":"http:\/\/archiwum.festiwale.zakopane.pl\/festiwal-folkloru\/wp-json\/wp\/v2\/comments?post=1733"}],"version-history":[{"count":4,"href":"http:\/\/archiwum.festiwale.zakopane.pl\/festiwal-folkloru\/wp-json\/wp\/v2\/posts\/1733\/revisions"}],"predecessor-version":[{"id":1781,"href":"http:\/\/archiwum.festiwale.zakopane.pl\/festiwal-folkloru\/wp-json\/wp\/v2\/posts\/1733\/revisions\/1781"}],"wp:featuredmedia":[{"embeddable":true,"href":"http:\/\/archiwum.festiwale.zakopane.pl\/festiwal-folkloru\/wp-json\/wp\/v2\/media\/1769"}],"wp:attachment":[{"href":"http:\/\/archiwum.festiwale.zakopane.pl\/festiwal-folkloru\/wp-json\/wp\/v2\/media?parent=1733"}],"wp:term":[{"taxonomy":"category","embeddable":true,"href":"http:\/\/archiwum.festiwale.zakopane.pl\/festiwal-folkloru\/wp-json\/wp\/v2\/categories?post=1733"},{"taxonomy":"post_tag","embeddable":true,"href":"http:\/\/archiwum.festiwale.zakopane.pl\/festiwal-folkloru\/wp-json\/wp\/v2\/tags?post=1733"}],"curies":[{"name":"wp","href":"https:\/\/api.w.org\/{rel}","templated":true}]}}