{"id":1679,"date":"2021-08-16T17:58:30","date_gmt":"2021-08-16T15:58:30","guid":{"rendered":"https:\/\/festiwale.zakopane.pl\/festiwal-folkloru\/?p=1679"},"modified":"2021-08-16T17:59:49","modified_gmt":"2021-08-16T15:59:49","slug":"plebiscyt-na-najpiekniejsza-goralke-i-najswarniejszego-gorala","status":"publish","type":"post","link":"http:\/\/archiwum.festiwale.zakopane.pl\/festiwal-folkloru\/2021\/08\/16\/plebiscyt-na-najpiekniejsza-goralke-i-najswarniejszego-gorala\/","title":{"rendered":"Plebiscyt na najpi\u0119kniejsz\u0105 g\u00f3ralk\u0119 i naj\u015bwarniejszego g\u00f3rala"},"content":{"rendered":"<p>Jak co roku podczas 52. Mi\u0119dzynarodowego Festiwalu Folkloru Ziem G\u00f3rskich odb\u0119dzie si\u0119 organizowany przez Gazet\u0119 Krakowsk\u0105 Plebiscyt na najpi\u0119kniejsz\u0105 g\u00f3ralk\u0119 i naj\u015bwarniejszego g\u00f3rala oraz najpopularniejszy zesp\u00f3\u0142. O tytu\u0142y te zawalcz\u0105 g\u00f3rale z Polski, Republiki P\u00f3\u0142nocnej Macedonii, Rumuni, W\u0142och, Ukrainy, Bu\u0142garii, Czarnog\u00f3ry, Turcji oraz Serbii.<\/p>\n<p>Plebiscyt potrwa do czwartku 19 sierpnia do godz. 22.00. Oficjalne og\u0142oszenie wynik\u00f3w odb\u0119dzie si\u0119 podczas fina\u0142owego koncertu 20 sierpnia, podczas kt\u00f3rego zwyci\u0119zcy zostan\u0105 uhonorowani i otrzymaj\u0105 atrakcyjne nagrody. 21 sierpnia w sobot\u0119 na \u0142amach Gazety Krakowskiej opublikowane zostan\u0105 zdj\u0119cia zwyci\u0119zc\u00f3w.<\/p>\n<p>O tym, kto wygra, zadecyduj\u0105 g\u0142osy publiczno\u015bci. Dlatego te\u017c serdecznie zach\u0119camy do udzia\u0142u w zabawie i wsparcia ulubionych kandydat\u00f3w oddanymi przez Pa\u0144stwa g\u0142osami.<\/p>\n<p><span class=\"d2edcug0 hpfvmrgz qv66sw1b c1et5uql lr9zc1uh a8c37x1j keod5gw0 nxhoafnm aigsh9s9 d3f4x2em fe6kdd0r mau55g9w c8b282yb iv3no6db jq4qci2q a3bd9o3v knj5qynh oo9gr5id\" dir=\"auto\"><br \/>\n<span class=\"pq6dq46d tbxw36s4 knj5qynh kvgmc6g5 ditlmg2l oygrvhab nvdbi5me sf5mxxl7 gl3lb2sf hhz5lgdu\"><img loading=\"lazy\" src=\"https:\/\/static.xx.fbcdn.net\/images\/emoji.php\/v9\/t40\/1\/16\/25b6.png\" alt=\"\u25b6\" width=\"16\" height=\"16\" \/><\/span>Sw\u00f3j g\u0142os mo\u017cna odda\u0107 na stronie: <\/span><a href=\"https:\/\/gazetakrakowska.pl\/gorale\">https:\/\/gazetakrakowska.pl\/gorale<\/a><\/p>\n","protected":false},"excerpt":{"rendered":"<p>Jak co roku podczas 52. Mi\u0119dzynarodowego Festiwalu Folkloru Ziem G\u00f3rskich odb\u0119dzie si\u0119 organizowany przez Gazet\u0119 [&hellip;]<\/p>\n","protected":false},"author":5,"featured_media":1715,"comment_status":"closed","ping_status":"closed","sticky":false,"template":"","format":"standard","meta":[],"categories":[1],"tags":[],"acf":[],"_links":{"self":[{"href":"http:\/\/archiwum.festiwale.zakopane.pl\/festiwal-folkloru\/wp-json\/wp\/v2\/posts\/1679"}],"collection":[{"href":"http:\/\/archiwum.festiwale.zakopane.pl\/festiwal-folkloru\/wp-json\/wp\/v2\/posts"}],"about":[{"href":"http:\/\/archiwum.festiwale.zakopane.pl\/festiwal-folkloru\/wp-json\/wp\/v2\/types\/post"}],"author":[{"embeddable":true,"href":"http:\/\/archiwum.festiwale.zakopane.pl\/festiwal-folkloru\/wp-json\/wp\/v2\/users\/5"}],"replies":[{"embeddable":true,"href":"http:\/\/archiwum.festiwale.zakopane.pl\/festiwal-folkloru\/wp-json\/wp\/v2\/comments?post=1679"}],"version-history":[{"count":2,"href":"http:\/\/archiwum.festiwale.zakopane.pl\/festiwal-folkloru\/wp-json\/wp\/v2\/posts\/1679\/revisions"}],"predecessor-version":[{"id":1717,"href":"http:\/\/archiwum.festiwale.zakopane.pl\/festiwal-folkloru\/wp-json\/wp\/v2\/posts\/1679\/revisions\/1717"}],"wp:featuredmedia":[{"embeddable":true,"href":"http:\/\/archiwum.festiwale.zakopane.pl\/festiwal-folkloru\/wp-json\/wp\/v2\/media\/1715"}],"wp:attachment":[{"href":"http:\/\/archiwum.festiwale.zakopane.pl\/festiwal-folkloru\/wp-json\/wp\/v2\/media?parent=1679"}],"wp:term":[{"taxonomy":"category","embeddable":true,"href":"http:\/\/archiwum.festiwale.zakopane.pl\/festiwal-folkloru\/wp-json\/wp\/v2\/categories?post=1679"},{"taxonomy":"post_tag","embeddable":true,"href":"http:\/\/archiwum.festiwale.zakopane.pl\/festiwal-folkloru\/wp-json\/wp\/v2\/tags?post=1679"}],"curies":[{"name":"wp","href":"https:\/\/api.w.org\/{rel}","templated":true}]}}