{"id":1675,"date":"2021-08-16T14:46:34","date_gmt":"2021-08-16T12:46:34","guid":{"rendered":"https:\/\/festiwale.zakopane.pl\/festiwal-folkloru\/?p=1675"},"modified":"2021-08-17T16:06:34","modified_gmt":"2021-08-17T14:06:34","slug":"pierwszy-dzien-wystepow-miedzynarodowym-konkursie-kapel-spiewakow-i-instrumentalistow-ludowych-im-wladyslawa-trebuni-tutki","status":"publish","type":"post","link":"http:\/\/archiwum.festiwale.zakopane.pl\/festiwal-folkloru\/2021\/08\/16\/pierwszy-dzien-wystepow-miedzynarodowym-konkursie-kapel-spiewakow-i-instrumentalistow-ludowych-im-wladyslawa-trebuni-tutki\/","title":{"rendered":"Pierwszy dzie\u0144 wyst\u0119p\u00f3w w Mi\u0119dzynarodowym Konkursie Kapel, \u015apiewak\u00f3w i Instrumentalist\u00f3w Ludowych im. W\u0142adys\u0142awa Trebuni-Tutki"},"content":{"rendered":"<p><span style=\"font-weight: 400\">W poniedzia\u0142ek, r\u00f3wno w po\u0142udnie rozpocz\u0119li\u015bmy pierwszy dzie\u0144 zmaga\u0144 w Mi\u0119dzynarodowym Konkursie Kapel, \u015apiewak\u00f3w i Instrumentalist\u00f3w Ludowych im. W\u0142adys\u0142awa Trebuni-Tutki. Arty\u015bci jak zawsze zachwycili pi\u0119knym \u015bpiewem, a tak\u017ce gr\u0105 na r\u00f3\u017cnych instrumentach. Pierwszego dnia wyst\u0105pili: Aleksandra N\u0119dza-Chotarska (solistka), Ivalin Ivalinov (solista instrumentalista), trio \u201cDyado Dragoi\u201d (kapela), grupa \u201cSkrzypnianki\u201d (grupa \u015bpiewacza), grupa Tysmenychanka (kapela), Maciej Kubasiak (instrumentalista solista), Kapela Studenckiego G\u00f3ralskiego Zespo\u0142u \u201cSkalni\u201d (kapela), Zesp\u00f3\u0142 Regle (grupa \u015bpiewacza).\u00a0<\/span><\/p>\n<p><span style=\"font-weight: 400\">Wyst\u0119py artyst\u00f3w podczas konkursu oceniaj\u0105: przewodnicz\u0105cy: pr<\/span><span style=\"font-weight: 400\">of. dr hab. Bernard Garaj (S\u0142owacja), cz\u0142onkowie: mgr Maria Baliszewska (Polska), prof. nadzw. dr hab. Zbigniew Przerembski, prof. IS PAN (Polska), Doc dr Natalia Rashkova (Bu\u0142garia), Lubomir Tyllner\u00a0 (Czechy), Sekretarz: Karolina Sypniewska.\u00a0<\/span><\/p>\n<p><span style=\"font-weight: 400\">W\u0142adys\u0142aw Trebunia-Tutka, patron konkursu by\u0142 jednym z najwybitniejszych g\u00f3ralskich multiinstrumentalist\u00f3w, malarzem, projektantem, plastykiem, cz\u0142onkiem zespo\u0142u Trebunie-Tutki.<\/span><\/p>\n<div id='gallery-1' class='gallery galleryid-1675 gallery-columns-5 gallery-size-thumbnail'><figure class='gallery-item'>\n\t\t\t<div class='gallery-icon landscape'>\n\t\t\t\t<a href='http:\/\/archiwum.festiwale.zakopane.pl\/festiwal-folkloru\/2021\/08\/16\/pierwszy-dzien-wystepow-miedzynarodowym-konkursie-kapel-spiewakow-i-instrumentalistow-ludowych-im-wladyslawa-trebuni-tutki\/dsc_0039\/'><img width=\"150\" height=\"150\" src=\"http:\/\/archiwum.festiwale.zakopane.pl\/festiwal-folkloru\/wp-content\/uploads\/sites\/13\/2021\/08\/DSC_0039-150x150.jpg\" class=\"attachment-thumbnail size-thumbnail\" alt=\"\" loading=\"lazy\" \/><\/a>\n\t\t\t<\/div><\/figure><figure class='gallery-item'>\n\t\t\t<div class='gallery-icon landscape'>\n\t\t\t\t<a href='http:\/\/archiwum.festiwale.zakopane.pl\/festiwal-folkloru\/2021\/08\/16\/pierwszy-dzien-wystepow-miedzynarodowym-konkursie-kapel-spiewakow-i-instrumentalistow-ludowych-im-wladyslawa-trebuni-tutki\/dsc_0090\/'><img width=\"150\" height=\"150\" src=\"http:\/\/archiwum.festiwale.zakopane.pl\/festiwal-folkloru\/wp-content\/uploads\/sites\/13\/2021\/08\/DSC_0090-150x150.jpg\" class=\"attachment-thumbnail size-thumbnail\" alt=\"\" loading=\"lazy\" \/><\/a>\n\t\t\t<\/div><\/figure><figure class='gallery-item'>\n\t\t\t<div class='gallery-icon landscape'>\n\t\t\t\t<a href='http:\/\/archiwum.festiwale.zakopane.pl\/festiwal-folkloru\/2021\/08\/16\/pierwszy-dzien-wystepow-miedzynarodowym-konkursie-kapel-spiewakow-i-instrumentalistow-ludowych-im-wladyslawa-trebuni-tutki\/dsc_0134\/'><img width=\"150\" height=\"150\" src=\"http:\/\/archiwum.festiwale.zakopane.pl\/festiwal-folkloru\/wp-content\/uploads\/sites\/13\/2021\/08\/DSC_0134-150x150.jpg\" class=\"attachment-thumbnail size-thumbnail\" alt=\"\" loading=\"lazy\" \/><\/a>\n\t\t\t<\/div><\/figure><figure class='gallery-item'>\n\t\t\t<div class='gallery-icon landscape'>\n\t\t\t\t<a href='http:\/\/archiwum.festiwale.zakopane.pl\/festiwal-folkloru\/2021\/08\/16\/pierwszy-dzien-wystepow-miedzynarodowym-konkursie-kapel-spiewakow-i-instrumentalistow-ludowych-im-wladyslawa-trebuni-tutki\/kapele-2\/'><img width=\"150\" height=\"150\" src=\"http:\/\/archiwum.festiwale.zakopane.pl\/festiwal-folkloru\/wp-content\/uploads\/sites\/13\/2021\/08\/kapele-2-150x150.jpg\" class=\"attachment-thumbnail size-thumbnail\" alt=\"\" loading=\"lazy\" \/><\/a>\n\t\t\t<\/div><\/figure><figure class='gallery-item'>\n\t\t\t<div class='gallery-icon landscape'>\n\t\t\t\t<a href='http:\/\/archiwum.festiwale.zakopane.pl\/festiwal-folkloru\/2021\/08\/16\/pierwszy-dzien-wystepow-miedzynarodowym-konkursie-kapel-spiewakow-i-instrumentalistow-ludowych-im-wladyslawa-trebuni-tutki\/kapele-19\/'><img width=\"150\" height=\"150\" src=\"http:\/\/archiwum.festiwale.zakopane.pl\/festiwal-folkloru\/wp-content\/uploads\/sites\/13\/2021\/08\/kapele-19-150x150.jpg\" class=\"attachment-thumbnail size-thumbnail\" alt=\"\" loading=\"lazy\" \/><\/a>\n\t\t\t<\/div><\/figure><figure class='gallery-item'>\n\t\t\t<div class='gallery-icon landscape'>\n\t\t\t\t<a href='http:\/\/archiwum.festiwale.zakopane.pl\/festiwal-folkloru\/2021\/08\/16\/pierwszy-dzien-wystepow-miedzynarodowym-konkursie-kapel-spiewakow-i-instrumentalistow-ludowych-im-wladyslawa-trebuni-tutki\/kapele-26\/'><img width=\"150\" height=\"150\" src=\"http:\/\/archiwum.festiwale.zakopane.pl\/festiwal-folkloru\/wp-content\/uploads\/sites\/13\/2021\/08\/kapele-26-150x150.jpg\" class=\"attachment-thumbnail size-thumbnail\" alt=\"\" loading=\"lazy\" \/><\/a>\n\t\t\t<\/div><\/figure><figure class='gallery-item'>\n\t\t\t<div class='gallery-icon landscape'>\n\t\t\t\t<a href='http:\/\/archiwum.festiwale.zakopane.pl\/festiwal-folkloru\/2021\/08\/16\/pierwszy-dzien-wystepow-miedzynarodowym-konkursie-kapel-spiewakow-i-instrumentalistow-ludowych-im-wladyslawa-trebuni-tutki\/kapele-45\/'><img width=\"150\" height=\"150\" src=\"http:\/\/archiwum.festiwale.zakopane.pl\/festiwal-folkloru\/wp-content\/uploads\/sites\/13\/2021\/08\/kapele-45-150x150.jpg\" class=\"attachment-thumbnail size-thumbnail\" alt=\"\" loading=\"lazy\" \/><\/a>\n\t\t\t<\/div><\/figure><figure class='gallery-item'>\n\t\t\t<div class='gallery-icon portrait'>\n\t\t\t\t<a href='http:\/\/archiwum.festiwale.zakopane.pl\/festiwal-folkloru\/2021\/08\/16\/pierwszy-dzien-wystepow-miedzynarodowym-konkursie-kapel-spiewakow-i-instrumentalistow-ludowych-im-wladyslawa-trebuni-tutki\/kapele-93-2\/'><img width=\"150\" height=\"150\" src=\"http:\/\/archiwum.festiwale.zakopane.pl\/festiwal-folkloru\/wp-content\/uploads\/sites\/13\/2021\/08\/kapele-93-1-150x150.jpg\" class=\"attachment-thumbnail size-thumbnail\" alt=\"\" loading=\"lazy\" \/><\/a>\n\t\t\t<\/div><\/figure><figure class='gallery-item'>\n\t\t\t<div class='gallery-icon landscape'>\n\t\t\t\t<a href='http:\/\/archiwum.festiwale.zakopane.pl\/festiwal-folkloru\/2021\/08\/16\/pierwszy-dzien-wystepow-miedzynarodowym-konkursie-kapel-spiewakow-i-instrumentalistow-ludowych-im-wladyslawa-trebuni-tutki\/kapele-98\/'><img width=\"150\" height=\"150\" src=\"http:\/\/archiwum.festiwale.zakopane.pl\/festiwal-folkloru\/wp-content\/uploads\/sites\/13\/2021\/08\/kapele-98-150x150.jpg\" class=\"attachment-thumbnail size-thumbnail\" alt=\"\" loading=\"lazy\" \/><\/a>\n\t\t\t<\/div><\/figure><figure class='gallery-item'>\n\t\t\t<div class='gallery-icon portrait'>\n\t\t\t\t<a href='http:\/\/archiwum.festiwale.zakopane.pl\/festiwal-folkloru\/2021\/08\/16\/pierwszy-dzien-wystepow-miedzynarodowym-konkursie-kapel-spiewakow-i-instrumentalistow-ludowych-im-wladyslawa-trebuni-tutki\/dsc_0020-2\/'><img width=\"150\" height=\"150\" src=\"http:\/\/archiwum.festiwale.zakopane.pl\/festiwal-folkloru\/wp-content\/uploads\/sites\/13\/2021\/08\/DSC_0020-1-150x150.jpg\" class=\"attachment-thumbnail size-thumbnail\" alt=\"\" loading=\"lazy\" \/><\/a>\n\t\t\t<\/div><\/figure>\n\t\t<\/div>\n\n","protected":false},"excerpt":{"rendered":"<p>W poniedzia\u0142ek, r\u00f3wno w po\u0142udnie rozpocz\u0119li\u015bmy pierwszy dzie\u0144 zmaga\u0144 w Mi\u0119dzynarodowym Konkursie Kapel, \u015apiewak\u00f3w i [&hellip;]<\/p>\n","protected":false},"author":5,"featured_media":1686,"comment_status":"closed","ping_status":"closed","sticky":false,"template":"","format":"standard","meta":[],"categories":[1],"tags":[],"acf":[],"_links":{"self":[{"href":"http:\/\/archiwum.festiwale.zakopane.pl\/festiwal-folkloru\/wp-json\/wp\/v2\/posts\/1675"}],"collection":[{"href":"http:\/\/archiwum.festiwale.zakopane.pl\/festiwal-folkloru\/wp-json\/wp\/v2\/posts"}],"about":[{"href":"http:\/\/archiwum.festiwale.zakopane.pl\/festiwal-folkloru\/wp-json\/wp\/v2\/types\/post"}],"author":[{"embeddable":true,"href":"http:\/\/archiwum.festiwale.zakopane.pl\/festiwal-folkloru\/wp-json\/wp\/v2\/users\/5"}],"replies":[{"embeddable":true,"href":"http:\/\/archiwum.festiwale.zakopane.pl\/festiwal-folkloru\/wp-json\/wp\/v2\/comments?post=1675"}],"version-history":[{"count":4,"href":"http:\/\/archiwum.festiwale.zakopane.pl\/festiwal-folkloru\/wp-json\/wp\/v2\/posts\/1675\/revisions"}],"predecessor-version":[{"id":1770,"href":"http:\/\/archiwum.festiwale.zakopane.pl\/festiwal-folkloru\/wp-json\/wp\/v2\/posts\/1675\/revisions\/1770"}],"wp:featuredmedia":[{"embeddable":true,"href":"http:\/\/archiwum.festiwale.zakopane.pl\/festiwal-folkloru\/wp-json\/wp\/v2\/media\/1686"}],"wp:attachment":[{"href":"http:\/\/archiwum.festiwale.zakopane.pl\/festiwal-folkloru\/wp-json\/wp\/v2\/media?parent=1675"}],"wp:term":[{"taxonomy":"category","embeddable":true,"href":"http:\/\/archiwum.festiwale.zakopane.pl\/festiwal-folkloru\/wp-json\/wp\/v2\/categories?post=1675"},{"taxonomy":"post_tag","embeddable":true,"href":"http:\/\/archiwum.festiwale.zakopane.pl\/festiwal-folkloru\/wp-json\/wp\/v2\/tags?post=1675"}],"curies":[{"name":"wp","href":"https:\/\/api.w.org\/{rel}","templated":true}]}}