{"id":1638,"date":"2021-08-16T13:38:54","date_gmt":"2021-08-16T11:38:54","guid":{"rendered":"https:\/\/festiwale.zakopane.pl\/festiwal-folkloru\/?p=1638"},"modified":"2021-08-16T18:00:57","modified_gmt":"2021-08-16T16:00:57","slug":"rejestracja-na-wydarzenia","status":"publish","type":"post","link":"http:\/\/archiwum.festiwale.zakopane.pl\/festiwal-folkloru\/2021\/08\/16\/rejestracja-na-wydarzenia\/","title":{"rendered":"Rejestracja on-line na wydarzenia"},"content":{"rendered":"<p>Szanowni Pa\u0144stwo,<\/p>\n<p>przypominamy o konieczno\u015bci rejestracji on-line na wydarzenia 52. Mi\u0119dzynarodowego Festiwalu Folkloru Ziem G\u00f3rskich w Zakopanem (warsztaty, animacje, koncerty konkursowe i towarzysz\u0105ce, Koncert \u201eSi\u0142a Korzeni\u201d oraz Koncert Fina\u0142owy) pod adresem <a href=\"https:\/\/l.facebook.com\/l.php?u=http%3A%2F%2Fwww.zakopane.pl%2Frejestracja-na-wydarzenia%3Ffbclid%3DIwAR0Y-V3a-R7FhhtFo9cZn0uBetZwK6PTrPFaEzq-lpoAD59t1y-ceDHdo5A&amp;h=AT2qmMimZ0NfmBpHYDMfjoFQpb0Q05HEGh8AVpydtN3TFq48QXa5mfVPDt2gOq-GKfAs5JD7vzMcY8M7JKsCceL95Sxi_PVIHISvxrY2DDuOBgTjacTHC30iEZeuZLbpfoRUtg\">www.zakopane.pl\/rejestracja-na-wydarzenia<\/a>.<\/p>\n<p>Informujemy, \u017ce dodatkowo na teren imprezy b\u0119d\u0105 wpuszczane osoby, kt\u00f3re dobrowolnie wylegitymuj\u0105 si\u0119 dokumentem lub kodem QR potwierdzaj\u0105cym szczepienie.<\/p>\n<p>Na wszystkie wydarzenia obowi\u0105zuje limit miejsc.<\/p>\n<p>Dzi\u0119kujemy za wyrozumia\u0142o\u015b\u0107 i \u017cyczliwo\u015b\u0107. Wszystkie ww. wymogi podyktowane s\u0105 trosk\u0105 Organizator\u00f3w wydarzenia o zdrowie i bezpiecze\u0144stwo wszystkich uczestnik\u00f3w.<\/p>\n","protected":false},"excerpt":{"rendered":"<p>Szanowni Pa\u0144stwo, przypominamy o konieczno\u015bci rejestracji on-line na wydarzenia 52. Mi\u0119dzynarodowego Festiwalu Folkloru Ziem G\u00f3rskich [&hellip;]<\/p>\n","protected":false},"author":9,"featured_media":1639,"comment_status":"closed","ping_status":"closed","sticky":false,"template":"","format":"standard","meta":[],"categories":[1],"tags":[],"acf":[],"_links":{"self":[{"href":"http:\/\/archiwum.festiwale.zakopane.pl\/festiwal-folkloru\/wp-json\/wp\/v2\/posts\/1638"}],"collection":[{"href":"http:\/\/archiwum.festiwale.zakopane.pl\/festiwal-folkloru\/wp-json\/wp\/v2\/posts"}],"about":[{"href":"http:\/\/archiwum.festiwale.zakopane.pl\/festiwal-folkloru\/wp-json\/wp\/v2\/types\/post"}],"author":[{"embeddable":true,"href":"http:\/\/archiwum.festiwale.zakopane.pl\/festiwal-folkloru\/wp-json\/wp\/v2\/users\/9"}],"replies":[{"embeddable":true,"href":"http:\/\/archiwum.festiwale.zakopane.pl\/festiwal-folkloru\/wp-json\/wp\/v2\/comments?post=1638"}],"version-history":[{"count":3,"href":"http:\/\/archiwum.festiwale.zakopane.pl\/festiwal-folkloru\/wp-json\/wp\/v2\/posts\/1638\/revisions"}],"predecessor-version":[{"id":1647,"href":"http:\/\/archiwum.festiwale.zakopane.pl\/festiwal-folkloru\/wp-json\/wp\/v2\/posts\/1638\/revisions\/1647"}],"wp:featuredmedia":[{"embeddable":true,"href":"http:\/\/archiwum.festiwale.zakopane.pl\/festiwal-folkloru\/wp-json\/wp\/v2\/media\/1639"}],"wp:attachment":[{"href":"http:\/\/archiwum.festiwale.zakopane.pl\/festiwal-folkloru\/wp-json\/wp\/v2\/media?parent=1638"}],"wp:term":[{"taxonomy":"category","embeddable":true,"href":"http:\/\/archiwum.festiwale.zakopane.pl\/festiwal-folkloru\/wp-json\/wp\/v2\/categories?post=1638"},{"taxonomy":"post_tag","embeddable":true,"href":"http:\/\/archiwum.festiwale.zakopane.pl\/festiwal-folkloru\/wp-json\/wp\/v2\/tags?post=1638"}],"curies":[{"name":"wp","href":"https:\/\/api.w.org\/{rel}","templated":true}]}}