{"id":1433,"date":"2021-08-15T20:47:14","date_gmt":"2021-08-15T18:47:14","guid":{"rendered":"https:\/\/festiwale.zakopane.pl\/festiwal-folkloru\/?p=1433"},"modified":"2021-08-16T10:25:04","modified_gmt":"2021-08-16T08:25:04","slug":"wystawa-owczarkow-podhalanskich-2021","status":"publish","type":"post","link":"http:\/\/archiwum.festiwale.zakopane.pl\/festiwal-folkloru\/2021\/08\/15\/wystawa-owczarkow-podhalanskich-2021\/","title":{"rendered":"Wystawa Owczark\u00f3w Podhala\u0144skich 2021"},"content":{"rendered":"<p>W niedziel\u0119 festiwalowiczom tradycyjnie od rana towarzyszy\u0142y owczarki podhala\u0144skie, kt\u00f3re przesz\u0142y wraz z grupami w korowodzie ulicami Zakopanego, po czym wraz z opiekunami uda\u0142y si\u0119 na Doln\u0105 R\u00f3wie\u0144 Krupow\u0105 aby wzi\u0105\u0107 udzia\u0142 w towarzysz\u0105cej co roku Festiwalowi wystawie Owczark\u00f3w Podhala\u0144skich. W\u0142a\u015bciciele zaprezentowali swoje psy, kt\u00f3re by\u0142y oceniane czujnym okiem s\u0119dziego Marka S\u0142owika.<\/p>\n<p>WYNIKI WYSTAWY:<\/p>\n<p>ZWYCI\u0118ZCA RASY \u2013 ZWYCI\u0118ZCA WYSTAWY (BOB):<\/p>\n<p>ISKRA od Kurosa, w\u0142. Szymon Chyc<\/p>\n<p>ZWYCI\u0118ZCA P\u0141CI PRZECIWNEJ (BOS):<\/p>\n<p>BOHUN HARDY z Borowej Str\u0105gi , w\u0142. Jan Tarasek<\/p>\n<p>Najlepsze M\u0142odsze Szczeni\u0119:<\/p>\n<p>IWANUSZKA Dziedzictwo G\u00f3rali ,w\u0142.Natalia Rzeszutko<\/p>\n<p>Najlepszy Junior:<\/p>\n<p>BYSTRA z Krzept\u00f3wek , w\u0142. Micha\u0142 Chrusciel;<\/p>\n<p>Najlepsza Doros\u0142a Suka:<\/p>\n<p>ISKRA od Kurosa, w\u0142. Szymon Chyc<\/p>\n<p>Najlepszy Doros\u0142y Pies:<\/p>\n<p>BOHUN HARDY z Borowej Str\u0105gi , w\u0142. Jan Tarasek<\/p>\n<p>Najlepszy Weteran:<\/p>\n<p>SWORNIK z Butorowego Wierchu, w\u0142. Maciej G\u0105sienica- Mracielnik<\/p>\n<p>Dzi\u0119kujemy bardzo i gratulujemy zwyci\u0119zcom!<\/p>\n<div id='gallery-1' class='gallery galleryid-1433 gallery-columns-3 gallery-size-thumbnail'><figure class='gallery-item'>\n\t\t\t<div class='gallery-icon landscape'>\n\t\t\t\t<a href='http:\/\/archiwum.festiwale.zakopane.pl\/festiwal-folkloru\/2021\/08\/15\/wystawa-owczarkow-podhalanskich-2021\/pieski-22\/'><img width=\"150\" height=\"150\" src=\"http:\/\/archiwum.festiwale.zakopane.pl\/festiwal-folkloru\/wp-content\/uploads\/sites\/13\/2021\/08\/pieski-22-150x150.jpg\" class=\"attachment-thumbnail size-thumbnail\" alt=\"\" loading=\"lazy\" \/><\/a>\n\t\t\t<\/div><\/figure><figure class='gallery-item'>\n\t\t\t<div class='gallery-icon landscape'>\n\t\t\t\t<a href='http:\/\/archiwum.festiwale.zakopane.pl\/festiwal-folkloru\/2021\/08\/15\/wystawa-owczarkow-podhalanskich-2021\/pieski-30\/'><img width=\"150\" height=\"150\" src=\"http:\/\/archiwum.festiwale.zakopane.pl\/festiwal-folkloru\/wp-content\/uploads\/sites\/13\/2021\/08\/pieski-30-150x150.jpg\" class=\"attachment-thumbnail size-thumbnail\" alt=\"\" loading=\"lazy\" \/><\/a>\n\t\t\t<\/div><\/figure><figure class='gallery-item'>\n\t\t\t<div class='gallery-icon landscape'>\n\t\t\t\t<a href='http:\/\/archiwum.festiwale.zakopane.pl\/festiwal-folkloru\/2021\/08\/15\/wystawa-owczarkow-podhalanskich-2021\/pieski-33\/'><img width=\"150\" height=\"150\" src=\"http:\/\/archiwum.festiwale.zakopane.pl\/festiwal-folkloru\/wp-content\/uploads\/sites\/13\/2021\/08\/pieski-33-150x150.jpg\" class=\"attachment-thumbnail size-thumbnail\" alt=\"\" loading=\"lazy\" \/><\/a>\n\t\t\t<\/div><\/figure><figure class='gallery-item'>\n\t\t\t<div class='gallery-icon landscape'>\n\t\t\t\t<a href='http:\/\/archiwum.festiwale.zakopane.pl\/festiwal-folkloru\/2021\/08\/15\/wystawa-owczarkow-podhalanskich-2021\/pieski-37\/'><img width=\"150\" height=\"150\" src=\"http:\/\/archiwum.festiwale.zakopane.pl\/festiwal-folkloru\/wp-content\/uploads\/sites\/13\/2021\/08\/pieski-37-150x150.jpg\" class=\"attachment-thumbnail size-thumbnail\" alt=\"\" loading=\"lazy\" \/><\/a>\n\t\t\t<\/div><\/figure><figure class='gallery-item'>\n\t\t\t<div class='gallery-icon landscape'>\n\t\t\t\t<a href='http:\/\/archiwum.festiwale.zakopane.pl\/festiwal-folkloru\/2021\/08\/15\/wystawa-owczarkow-podhalanskich-2021\/pieski-38\/'><img width=\"150\" height=\"150\" src=\"http:\/\/archiwum.festiwale.zakopane.pl\/festiwal-folkloru\/wp-content\/uploads\/sites\/13\/2021\/08\/pieski-38-150x150.jpg\" class=\"attachment-thumbnail size-thumbnail\" alt=\"\" loading=\"lazy\" \/><\/a>\n\t\t\t<\/div><\/figure><figure class='gallery-item'>\n\t\t\t<div class='gallery-icon landscape'>\n\t\t\t\t<a href='http:\/\/archiwum.festiwale.zakopane.pl\/festiwal-folkloru\/2021\/08\/15\/wystawa-owczarkow-podhalanskich-2021\/pieski-46\/'><img width=\"150\" height=\"150\" src=\"http:\/\/archiwum.festiwale.zakopane.pl\/festiwal-folkloru\/wp-content\/uploads\/sites\/13\/2021\/08\/pieski-46-150x150.jpg\" class=\"attachment-thumbnail size-thumbnail\" alt=\"\" loading=\"lazy\" \/><\/a>\n\t\t\t<\/div><\/figure><figure class='gallery-item'>\n\t\t\t<div class='gallery-icon landscape'>\n\t\t\t\t<a href='http:\/\/archiwum.festiwale.zakopane.pl\/festiwal-folkloru\/2021\/08\/15\/wystawa-owczarkow-podhalanskich-2021\/pieski-50\/'><img width=\"150\" height=\"150\" src=\"http:\/\/archiwum.festiwale.zakopane.pl\/festiwal-folkloru\/wp-content\/uploads\/sites\/13\/2021\/08\/pieski-50-150x150.jpg\" class=\"attachment-thumbnail size-thumbnail\" alt=\"\" loading=\"lazy\" \/><\/a>\n\t\t\t<\/div><\/figure><figure class='gallery-item'>\n\t\t\t<div class='gallery-icon landscape'>\n\t\t\t\t<a href='http:\/\/archiwum.festiwale.zakopane.pl\/festiwal-folkloru\/2021\/08\/15\/wystawa-owczarkow-podhalanskich-2021\/pieski-52\/'><img width=\"150\" height=\"150\" src=\"http:\/\/archiwum.festiwale.zakopane.pl\/festiwal-folkloru\/wp-content\/uploads\/sites\/13\/2021\/08\/pieski-52-150x150.jpg\" class=\"attachment-thumbnail size-thumbnail\" alt=\"\" loading=\"lazy\" \/><\/a>\n\t\t\t<\/div><\/figure><figure class='gallery-item'>\n\t\t\t<div class='gallery-icon landscape'>\n\t\t\t\t<a href='http:\/\/archiwum.festiwale.zakopane.pl\/festiwal-folkloru\/2021\/08\/15\/wystawa-owczarkow-podhalanskich-2021\/pieski-56\/'><img width=\"150\" height=\"150\" src=\"http:\/\/archiwum.festiwale.zakopane.pl\/festiwal-folkloru\/wp-content\/uploads\/sites\/13\/2021\/08\/pieski-56-150x150.jpg\" class=\"attachment-thumbnail size-thumbnail\" alt=\"\" loading=\"lazy\" \/><\/a>\n\t\t\t<\/div><\/figure>\n\t\t<\/div>\n\n<p>&nbsp;<\/p>\n","protected":false},"excerpt":{"rendered":"<p>W niedziel\u0119 festiwalowiczom tradycyjnie od rana towarzyszy\u0142y owczarki podhala\u0144skie, kt\u00f3re przesz\u0142y wraz z grupami w [&hellip;]<\/p>\n","protected":false},"author":5,"featured_media":1482,"comment_status":"closed","ping_status":"closed","sticky":false,"template":"","format":"standard","meta":[],"categories":[1],"tags":[],"acf":[],"_links":{"self":[{"href":"http:\/\/archiwum.festiwale.zakopane.pl\/festiwal-folkloru\/wp-json\/wp\/v2\/posts\/1433"}],"collection":[{"href":"http:\/\/archiwum.festiwale.zakopane.pl\/festiwal-folkloru\/wp-json\/wp\/v2\/posts"}],"about":[{"href":"http:\/\/archiwum.festiwale.zakopane.pl\/festiwal-folkloru\/wp-json\/wp\/v2\/types\/post"}],"author":[{"embeddable":true,"href":"http:\/\/archiwum.festiwale.zakopane.pl\/festiwal-folkloru\/wp-json\/wp\/v2\/users\/5"}],"replies":[{"embeddable":true,"href":"http:\/\/archiwum.festiwale.zakopane.pl\/festiwal-folkloru\/wp-json\/wp\/v2\/comments?post=1433"}],"version-history":[{"count":2,"href":"http:\/\/archiwum.festiwale.zakopane.pl\/festiwal-folkloru\/wp-json\/wp\/v2\/posts\/1433\/revisions"}],"predecessor-version":[{"id":1494,"href":"http:\/\/archiwum.festiwale.zakopane.pl\/festiwal-folkloru\/wp-json\/wp\/v2\/posts\/1433\/revisions\/1494"}],"wp:featuredmedia":[{"embeddable":true,"href":"http:\/\/archiwum.festiwale.zakopane.pl\/festiwal-folkloru\/wp-json\/wp\/v2\/media\/1482"}],"wp:attachment":[{"href":"http:\/\/archiwum.festiwale.zakopane.pl\/festiwal-folkloru\/wp-json\/wp\/v2\/media?parent=1433"}],"wp:term":[{"taxonomy":"category","embeddable":true,"href":"http:\/\/archiwum.festiwale.zakopane.pl\/festiwal-folkloru\/wp-json\/wp\/v2\/categories?post=1433"},{"taxonomy":"post_tag","embeddable":true,"href":"http:\/\/archiwum.festiwale.zakopane.pl\/festiwal-folkloru\/wp-json\/wp\/v2\/tags?post=1433"}],"curies":[{"name":"wp","href":"https:\/\/api.w.org\/{rel}","templated":true}]}}