{"id":1334,"date":"2021-08-14T20:09:39","date_gmt":"2021-08-14T18:09:39","guid":{"rendered":"https:\/\/festiwale.zakopane.pl\/festiwal-folkloru\/?p=1334"},"modified":"2021-08-14T20:09:39","modified_gmt":"2021-08-14T18:09:39","slug":"konferencja-prasowa-inaugurujaca-52-miedzynarodowy-festiwal-folkloru-ziem-gorskich","status":"publish","type":"post","link":"http:\/\/archiwum.festiwale.zakopane.pl\/festiwal-folkloru\/2021\/08\/14\/konferencja-prasowa-inaugurujaca-52-miedzynarodowy-festiwal-folkloru-ziem-gorskich\/","title":{"rendered":"Konferencja prasowa inauguruj\u0105ca 52. Mi\u0119dzynarodowy Festiwal Folkloru Ziem G\u00f3rskich"},"content":{"rendered":"<p><span style=\"font-weight: 400\">Konferencja prasowa <strong>inauguruj\u0105ca 52. Mi\u0119dzynarodowy Festiwal Folkloru Ziem G\u00f3rskich<\/strong> ju\u017c za nami. Mia\u0142a ona miejsce w Willi Czerwony Dw\u00f3r, gdzie, w ogrodowej scenerii, spotkali si\u0119 przedstawiciele w\u0142adz miasta Zakopanego, organizatorzy Festiwalu, Jury oraz dziennikarze.\u00a0<\/span><\/p>\n<p><strong>Jak wspomnia\u0142a wiceburmistrz Agnieszka Nowak-G\u0105sienica:<\/strong><\/p>\n<p><i><span style=\"font-weight: 400\">\u201eSierpie\u0144 jednoznacznie kojarzy si\u0119 w Zakopanem z Mi\u0119dzynarodowym Festiwalem Folkloru Ziem G\u00f3rskich. Bardzo si\u0119 ciesz\u0119, \u017ce w tym roku mo\u017cemy przeprowadzi\u0107 festiwal na 100% nie tak, jak w zesz\u0142ym roku tylko online z powodu pandemii. To dla nas ogromna rado\u015b\u0107 i przyjemno\u015b\u0107 m\u00f3c organizowa\u0107 mi\u0119dzynarodowe wydarzenie tak wysokiej rangi w\u0142a\u015bnie tutaj, w Zakopanem.\u201d<\/span><\/i><span style=\"font-weight: 400\">\u00a0<\/span><\/p>\n<p><span style=\"font-weight: 400\">W konferencji wzi\u0119li udzia\u0142 przedstawiciele organizator\u00f3w, na czele z wiceburmistrz Zakopanego Agnieszk\u0105 Nowak-G\u0105sienic\u0105, Jury, na czele z dr Bo\u017cen\u0105 Lewandowsk\u0105 oraz dyrektor Festiwalu Joanna Staszak. Rad\u0119 Artystyczn\u0105, na kt\u00f3r\u0105 sk\u0142adaj\u0105 si\u0119 instruktorzy zakopia\u0144skich zespo\u0142\u00f3w regionalnych, reprezentowa\u0142a Maria Kukuc-Fr\u0105czysta. Zgromadzonych dziennikarzy oraz go\u015bci wydarzenia przywita\u0142a Anna Karpiel-Semberecka &#8211; Kierownik Biura Prasowego Festiwalu. By\u0142a to tak\u017ce okazja, by podzi\u0119kowa\u0107 partnerom i patronom medialnym Festiwalu, co uczyni\u0142a dyrektor Zakopia\u0144skiego Centrum Kultury Beata Majcher.<\/span><\/p>\n<div id='gallery-1' class='gallery galleryid-1334 gallery-columns-3 gallery-size-thumbnail'><figure class='gallery-item'>\n\t\t\t<div class='gallery-icon landscape'>\n\t\t\t\t<a href='http:\/\/archiwum.festiwale.zakopane.pl\/festiwal-folkloru\/2021\/08\/14\/konferencja-prasowa-inaugurujaca-52-miedzynarodowy-festiwal-folkloru-ziem-gorskich\/dsc_4423\/'><img width=\"150\" height=\"150\" src=\"http:\/\/archiwum.festiwale.zakopane.pl\/festiwal-folkloru\/wp-content\/uploads\/sites\/13\/2021\/08\/DSC_4423-150x150.jpg\" class=\"attachment-thumbnail size-thumbnail\" alt=\"\" loading=\"lazy\" \/><\/a>\n\t\t\t<\/div><\/figure><figure class='gallery-item'>\n\t\t\t<div class='gallery-icon landscape'>\n\t\t\t\t<a href='http:\/\/archiwum.festiwale.zakopane.pl\/festiwal-folkloru\/2021\/08\/14\/konferencja-prasowa-inaugurujaca-52-miedzynarodowy-festiwal-folkloru-ziem-gorskich\/dsc_4405\/'><img width=\"150\" height=\"150\" src=\"http:\/\/archiwum.festiwale.zakopane.pl\/festiwal-folkloru\/wp-content\/uploads\/sites\/13\/2021\/08\/DSC_4405-150x150.jpg\" class=\"attachment-thumbnail size-thumbnail\" alt=\"\" loading=\"lazy\" \/><\/a>\n\t\t\t<\/div><\/figure><figure class='gallery-item'>\n\t\t\t<div class='gallery-icon landscape'>\n\t\t\t\t<a href='http:\/\/archiwum.festiwale.zakopane.pl\/festiwal-folkloru\/2021\/08\/14\/konferencja-prasowa-inaugurujaca-52-miedzynarodowy-festiwal-folkloru-ziem-gorskich\/dsc_4402\/'><img width=\"150\" height=\"150\" src=\"http:\/\/archiwum.festiwale.zakopane.pl\/festiwal-folkloru\/wp-content\/uploads\/sites\/13\/2021\/08\/DSC_4402-150x150.jpg\" class=\"attachment-thumbnail size-thumbnail\" alt=\"\" loading=\"lazy\" \/><\/a>\n\t\t\t<\/div><\/figure><figure class='gallery-item'>\n\t\t\t<div class='gallery-icon landscape'>\n\t\t\t\t<a href='http:\/\/archiwum.festiwale.zakopane.pl\/festiwal-folkloru\/2021\/08\/14\/konferencja-prasowa-inaugurujaca-52-miedzynarodowy-festiwal-folkloru-ziem-gorskich\/dsc_4399\/'><img width=\"150\" height=\"150\" src=\"http:\/\/archiwum.festiwale.zakopane.pl\/festiwal-folkloru\/wp-content\/uploads\/sites\/13\/2021\/08\/DSC_4399-150x150.jpg\" class=\"attachment-thumbnail size-thumbnail\" alt=\"\" loading=\"lazy\" \/><\/a>\n\t\t\t<\/div><\/figure><figure class='gallery-item'>\n\t\t\t<div class='gallery-icon landscape'>\n\t\t\t\t<a href='http:\/\/archiwum.festiwale.zakopane.pl\/festiwal-folkloru\/2021\/08\/14\/konferencja-prasowa-inaugurujaca-52-miedzynarodowy-festiwal-folkloru-ziem-gorskich\/dsc_4428\/'><img width=\"150\" height=\"150\" src=\"http:\/\/archiwum.festiwale.zakopane.pl\/festiwal-folkloru\/wp-content\/uploads\/sites\/13\/2021\/08\/DSC_4428-150x150.jpg\" class=\"attachment-thumbnail size-thumbnail\" alt=\"\" loading=\"lazy\" \/><\/a>\n\t\t\t<\/div><\/figure><figure class='gallery-item'>\n\t\t\t<div class='gallery-icon landscape'>\n\t\t\t\t<a href='http:\/\/archiwum.festiwale.zakopane.pl\/festiwal-folkloru\/2021\/08\/14\/konferencja-prasowa-inaugurujaca-52-miedzynarodowy-festiwal-folkloru-ziem-gorskich\/dsc_4425\/'><img width=\"150\" height=\"150\" src=\"http:\/\/archiwum.festiwale.zakopane.pl\/festiwal-folkloru\/wp-content\/uploads\/sites\/13\/2021\/08\/DSC_4425-150x150.jpg\" class=\"attachment-thumbnail size-thumbnail\" alt=\"\" loading=\"lazy\" \/><\/a>\n\t\t\t<\/div><\/figure>\n\t\t<\/div>\n\n","protected":false},"excerpt":{"rendered":"<p>Konferencja prasowa inauguruj\u0105ca 52. Mi\u0119dzynarodowy Festiwal Folkloru Ziem G\u00f3rskich ju\u017c za nami. Mia\u0142a ona miejsce [&hellip;]<\/p>\n","protected":false},"author":5,"featured_media":1336,"comment_status":"closed","ping_status":"closed","sticky":false,"template":"","format":"standard","meta":[],"categories":[1],"tags":[],"acf":[],"_links":{"self":[{"href":"http:\/\/archiwum.festiwale.zakopane.pl\/festiwal-folkloru\/wp-json\/wp\/v2\/posts\/1334"}],"collection":[{"href":"http:\/\/archiwum.festiwale.zakopane.pl\/festiwal-folkloru\/wp-json\/wp\/v2\/posts"}],"about":[{"href":"http:\/\/archiwum.festiwale.zakopane.pl\/festiwal-folkloru\/wp-json\/wp\/v2\/types\/post"}],"author":[{"embeddable":true,"href":"http:\/\/archiwum.festiwale.zakopane.pl\/festiwal-folkloru\/wp-json\/wp\/v2\/users\/5"}],"replies":[{"embeddable":true,"href":"http:\/\/archiwum.festiwale.zakopane.pl\/festiwal-folkloru\/wp-json\/wp\/v2\/comments?post=1334"}],"version-history":[{"count":1,"href":"http:\/\/archiwum.festiwale.zakopane.pl\/festiwal-folkloru\/wp-json\/wp\/v2\/posts\/1334\/revisions"}],"predecessor-version":[{"id":1342,"href":"http:\/\/archiwum.festiwale.zakopane.pl\/festiwal-folkloru\/wp-json\/wp\/v2\/posts\/1334\/revisions\/1342"}],"wp:featuredmedia":[{"embeddable":true,"href":"http:\/\/archiwum.festiwale.zakopane.pl\/festiwal-folkloru\/wp-json\/wp\/v2\/media\/1336"}],"wp:attachment":[{"href":"http:\/\/archiwum.festiwale.zakopane.pl\/festiwal-folkloru\/wp-json\/wp\/v2\/media?parent=1334"}],"wp:term":[{"taxonomy":"category","embeddable":true,"href":"http:\/\/archiwum.festiwale.zakopane.pl\/festiwal-folkloru\/wp-json\/wp\/v2\/categories?post=1334"},{"taxonomy":"post_tag","embeddable":true,"href":"http:\/\/archiwum.festiwale.zakopane.pl\/festiwal-folkloru\/wp-json\/wp\/v2\/tags?post=1334"}],"curies":[{"name":"wp","href":"https:\/\/api.w.org\/{rel}","templated":true}]}}