{"id":1264,"date":"2021-08-13T19:12:32","date_gmt":"2021-08-13T17:12:32","guid":{"rendered":"https:\/\/festiwale.zakopane.pl\/festiwal-folkloru\/?p=1264"},"modified":"2021-08-13T19:12:32","modified_gmt":"2021-08-13T17:12:32","slug":"szczepimy-sie-w-zakopanem-15-17-sierpnia","status":"publish","type":"post","link":"http:\/\/archiwum.festiwale.zakopane.pl\/festiwal-folkloru\/2021\/08\/13\/szczepimy-sie-w-zakopanem-15-17-sierpnia\/","title":{"rendered":"Szczepimy si\u0119 w Zakopanem 15-17 sierpnia"},"content":{"rendered":"<div id=\"widget_36f736a4-4193-4eca-a6c9-c4cf85b5f44b\" class=\"widget velacms-widget-rich-content \" data-widget-id=\"0085eaaf-e605-4cb6-b1db-3b02d92d4521\" data-widget-type=\"velacms-widget-rich-content\" data-widget-locked=\"\">\n<div class=\"widget-content\">\n<h3 class=\"innerHtml\">Podczas 52. Mi\u0119dzynarodowego Festiwalu Folkloru Ziem G\u00f3rskich w dniach <strong>15-17.08.2021<\/strong> zostanie przeprowadzona ju\u017c druga w ci\u0105gu tych wakacji <strong>akcja szczepie\u0144 plenerowych.\u00a0<\/strong>Mieszka\u0144c\u00f3w i turyst\u00f3w zapraszamy na Doln\u0105 R\u00f3wie\u0144 Krupow\u0105 w godz. 10.00-18.00 do zaszczepienia si\u0119 jednodawkow\u0105 szczepionk\u0105 Johnson&amp;Johnson.Przypominamy, \u017ce decyzja o zaszczepieniu si\u0119 to najlepszy wyb\u00f3r: wyb\u00f3r odpowiedzialno\u015bci i zdrowego rozs\u0105dku.<\/h3>\n<\/div>\n<\/div>\n<div id=\"widget_7342dd12-e062-40f8-af32-c96becb587f6\" class=\"widget velacms-widget-rich-content \" data-widget-id=\"b163d865-6b2d-4152-893f-99e287a8f4e0\" data-widget-type=\"velacms-widget-rich-content\" data-widget-locked=\"\">\n<div class=\"widget-content\">\n<div class=\"innerHtml\">\n<p><strong>Harmonogram plenerowej akcji szczepie\u0144 na Dolnej R\u00f3wni Krupowej 15-17 sierpnia 2021<\/strong><\/p>\n<p><strong><u>15.08.2021:<\/u><\/strong><\/p>\n<p>10.00-18.00 szczepienia w plenerowym miasteczku, mo\u017cliwo\u015b\u0107 wyrobienia Karty Seniora dla os\u00f3b 60+, warsztaty plastyczne z Polskim Zwi\u0105zkiem Emeryt\u00f3w, Rencist\u00f3w i Inwalid\u00f3w oddzia\u0142 Zakopane<\/p>\n<p>10.00-15.00 mo\u017cliwo\u015b\u0107 oddania krwi w podstawionym przez Regionalne Centrum Krwiodawstwa i Krwiolecznictwa w Krakowie krwiobusie<\/p>\n<p>12.00-18.00 promocja programu Narodowego Funduszu Zdrowia<strong> \u201eProfilaktyka 40 plus\u201d,<br \/>\n<\/strong><strong>konsultacje specjalist\u00f3w<\/strong>: onkologa i pulmonologa, nauka samobadania piersi, pomiary poziomu cukru i ci\u015bnienia krwi, analiza sk\u0142adu cia\u0142a, porady dietetyka.<br \/>\nPrzy stanowisku NFZ b\u0119dzie mo\u017cna tak\u017ce odebra\u0107 Europejsk\u0105 Kart\u0119 Ubezpieczenia Zdrowotnego EKUZ oraz potwierdzi\u0107 profil zaufany.<\/p>\n<p><strong><u>16.08.2021:<\/u><\/strong><\/p>\n<p>10.00-18.00 szczepienia w plenerowym miasteczku, mo\u017cliwo\u015b\u0107 wyrobienia Karty Seniora dla os\u00f3b 60+, warsztaty plastyczne z Polskim Zwi\u0105zkiem Emeryt\u00f3w, Rencist\u00f3w i Inwalid\u00f3w oddzia\u0142 Zakopane<\/p>\n<p>10.00-15.00 mo\u017cliwo\u015b\u0107 oddania krwi w podstawionym przez Regionalne Centrum Krwiodawstwa i Krwiolecznictwa w Krakowie krwiobusie<\/p>\n<p><strong><u>17.08.2021:<\/u><\/strong><\/p>\n<p>10.00-18.00 szczepienia w plenerowym miasteczku, mo\u017cliwo\u015b\u0107 wyrobienia Karty Seniora dla os\u00f3b 60+, warsztaty plastyczne z Polskim Zwi\u0105zkiem Emeryt\u00f3w, Rencist\u00f3w i Inwalid\u00f3w oddzia\u0142 Zakopane.<\/p>\n<p>Zapraszamy!<\/p>\n<\/div>\n<\/div>\n<\/div>\n","protected":false},"excerpt":{"rendered":"<p>Podczas 52. Mi\u0119dzynarodowego Festiwalu Folkloru Ziem G\u00f3rskich w dniach 15-17.08.2021 zostanie przeprowadzona ju\u017c druga w [&hellip;]<\/p>\n","protected":false},"author":5,"featured_media":1265,"comment_status":"closed","ping_status":"closed","sticky":false,"template":"","format":"standard","meta":[],"categories":[1],"tags":[],"acf":[],"_links":{"self":[{"href":"http:\/\/archiwum.festiwale.zakopane.pl\/festiwal-folkloru\/wp-json\/wp\/v2\/posts\/1264"}],"collection":[{"href":"http:\/\/archiwum.festiwale.zakopane.pl\/festiwal-folkloru\/wp-json\/wp\/v2\/posts"}],"about":[{"href":"http:\/\/archiwum.festiwale.zakopane.pl\/festiwal-folkloru\/wp-json\/wp\/v2\/types\/post"}],"author":[{"embeddable":true,"href":"http:\/\/archiwum.festiwale.zakopane.pl\/festiwal-folkloru\/wp-json\/wp\/v2\/users\/5"}],"replies":[{"embeddable":true,"href":"http:\/\/archiwum.festiwale.zakopane.pl\/festiwal-folkloru\/wp-json\/wp\/v2\/comments?post=1264"}],"version-history":[{"count":2,"href":"http:\/\/archiwum.festiwale.zakopane.pl\/festiwal-folkloru\/wp-json\/wp\/v2\/posts\/1264\/revisions"}],"predecessor-version":[{"id":1267,"href":"http:\/\/archiwum.festiwale.zakopane.pl\/festiwal-folkloru\/wp-json\/wp\/v2\/posts\/1264\/revisions\/1267"}],"wp:featuredmedia":[{"embeddable":true,"href":"http:\/\/archiwum.festiwale.zakopane.pl\/festiwal-folkloru\/wp-json\/wp\/v2\/media\/1265"}],"wp:attachment":[{"href":"http:\/\/archiwum.festiwale.zakopane.pl\/festiwal-folkloru\/wp-json\/wp\/v2\/media?parent=1264"}],"wp:term":[{"taxonomy":"category","embeddable":true,"href":"http:\/\/archiwum.festiwale.zakopane.pl\/festiwal-folkloru\/wp-json\/wp\/v2\/categories?post=1264"},{"taxonomy":"post_tag","embeddable":true,"href":"http:\/\/archiwum.festiwale.zakopane.pl\/festiwal-folkloru\/wp-json\/wp\/v2\/tags?post=1264"}],"curies":[{"name":"wp","href":"https:\/\/api.w.org\/{rel}","templated":true}]}}