{"id":1219,"date":"2021-08-13T17:14:52","date_gmt":"2021-08-13T15:14:52","guid":{"rendered":"https:\/\/festiwale.zakopane.pl\/festiwal-folkloru\/?p=1219"},"modified":"2021-08-13T18:35:05","modified_gmt":"2021-08-13T16:35:05","slug":"mistrzostwa-podhala-w-powozeniu-konkurs-na-fiakra-roku-oraz-na-spiew-pytacki","status":"publish","type":"post","link":"http:\/\/archiwum.festiwale.zakopane.pl\/festiwal-folkloru\/2021\/08\/13\/mistrzostwa-podhala-w-powozeniu-konkurs-na-fiakra-roku-oraz-na-spiew-pytacki\/","title":{"rendered":"Mistrzostwa Podhala w Powo\u017ceniu, konkurs na Fiakra Roku oraz na \u015apiew Pytacki!"},"content":{"rendered":"<p>W pi\u0105tek 13-stego weszli\u015bmy pe\u0142ni gracji i zapa\u0142u za spraw\u0105 rozpocz\u0119tych o 11:00 na G\u00f3rnej R\u00f3wni Krupowej Mistrzostw Podhala w Powo\u017ceniu, konkursu na Fiakra Roku oraz na \u015apiew Pytacki. W uroczystym rozpocz\u0119ciu wzi\u0105\u0142 udzia\u0142 Burmistrz Miasta Zakopane Pan Leszek Dorula, a ksi\u0105dz dziekan Bogus\u0142aw Filipiak pob\u0142ogos\u0142awi\u0142 wszystkich zebranych. Emocje by\u0142y wielkie, a nagrody pow\u0119drowa\u0142y do:<\/p>\n<p>W kategorii SINGLE Zaprz\u0119gi Tradycyjne:<\/p>\n<p>1 miejsce: Andrzej W\u00f3jt oraz Damian Ku\u0142ach z koniem Plantek<br \/>\n2 miejsce: Stanis\u0142aw Kuruc oraz Paulina Kuruc z koniem Gibek<br \/>\n3 miejsce: Damian Ku\u0142achoraz J\u00f3zef Ku\u0142ach z koniem Mario<\/p>\n<p>PARY &#8211; Zaprz\u0119gi Tradycyjne:<\/p>\n<p>1 miejsce: Wojciech Migiel i Kacper Dulak z ko\u0144mi Harna\u015b\/Kordon<br \/>\n2 miejsce: Damian Ku\u0142ach i Andrzej W\u00f3jt z ko\u0144mi Era\/Etna<br \/>\n3 miejsce: Jan Galica i Andrzej W\u00f3jt z ko\u0144mi Szalem\/Salcja<\/p>\n<p>SINGLE &#8211; Zaprz\u0119gi Sportowe:<\/p>\n<p>1 miejsce: Ma\u0142gorzata Skupie\u0144 i Andrzej Chotarski\u00a0 z koniem Hando<br \/>\n2 miejsce: Ma\u0142gorzata Skupie\u0144 i Andrzej Chotarski z koniem Jansen<br \/>\n3 miejsce: Damian Skupie\u0144 i Ma\u0142gorzata Skupie\u0144 z koniem Kadron<\/p>\n<p>PARY &#8211; Zaprz\u0119gi Sportowe:<\/p>\n<p>1 miejsce: Marcin \u015aled\u017a i Wojciech D\u0142ugosz z ko\u0144mi Favory Fonix\/Huncut<br \/>\n2 miejsce: Andrzej N\u0119dza Chotarski i Tomasz Po\u017cda\u0142 z ko\u0144mi Szkuner\/Dartel<br \/>\n3 miejsce: Stanis\u0142aw Stasiowski i Karolina \u017byg\u0142owicz z ko\u0144mi Alergia\/Bora<\/p>\n<p>Fiakrem Roku natomiast zosta\u0142 Stanis\u0142aw Kuruc!<\/p>\n<p>W konkursie na \u015apiew Pytacki jury przyzna\u0142o dwa II miejsca, kt\u00f3re otrzymali: Krzysztof G\u0105sienica Makowski i Jakub Styrczula Sala oraz Kamil Kuruc i Andrzej Szpunar.<\/p>\n<p>Laureatom, a tak\u017ce wszystkim bior\u0105cym udzia\u0142 w konkursach, serdecznie gratulujemy. \u017byczymy dalszych sukces\u00f3w oraz niegasn\u0105cej pasji do powo\u017cenia, koni i \u015bpiewu!<\/p>\n<p>Wsp\u00f3\u0142organizatorem wydarzenia by\u0142 Zwi\u0105zek Podhalan oddzia\u0142 Zakopane.<\/p>\n<div id='gallery-1' class='gallery galleryid-1219 gallery-columns-5 gallery-size-thumbnail'><figure class='gallery-item'>\n\t\t\t<div class='gallery-icon landscape'>\n\t\t\t\t<a href='http:\/\/archiwum.festiwale.zakopane.pl\/festiwal-folkloru\/2021\/08\/13\/mistrzostwa-podhala-w-powozeniu-konkurs-na-fiakra-roku-oraz-na-spiew-pytacki\/dsc_0164-2\/'><img width=\"150\" height=\"150\" src=\"http:\/\/archiwum.festiwale.zakopane.pl\/festiwal-folkloru\/wp-content\/uploads\/sites\/13\/2021\/08\/DSC_0164-2-150x150.jpg\" class=\"attachment-thumbnail size-thumbnail\" alt=\"\" loading=\"lazy\" \/><\/a>\n\t\t\t<\/div><\/figure><figure class='gallery-item'>\n\t\t\t<div class='gallery-icon landscape'>\n\t\t\t\t<a href='http:\/\/archiwum.festiwale.zakopane.pl\/festiwal-folkloru\/2021\/08\/13\/mistrzostwa-podhala-w-powozeniu-konkurs-na-fiakra-roku-oraz-na-spiew-pytacki\/dsc_0168-2\/'><img width=\"150\" height=\"150\" src=\"http:\/\/archiwum.festiwale.zakopane.pl\/festiwal-folkloru\/wp-content\/uploads\/sites\/13\/2021\/08\/DSC_0168-2-150x150.jpg\" class=\"attachment-thumbnail size-thumbnail\" alt=\"\" loading=\"lazy\" \/><\/a>\n\t\t\t<\/div><\/figure><figure class='gallery-item'>\n\t\t\t<div class='gallery-icon landscape'>\n\t\t\t\t<a href='http:\/\/archiwum.festiwale.zakopane.pl\/festiwal-folkloru\/2021\/08\/13\/mistrzostwa-podhala-w-powozeniu-konkurs-na-fiakra-roku-oraz-na-spiew-pytacki\/dsc_0173-2\/'><img width=\"150\" height=\"150\" src=\"http:\/\/archiwum.festiwale.zakopane.pl\/festiwal-folkloru\/wp-content\/uploads\/sites\/13\/2021\/08\/DSC_0173-2-150x150.jpg\" class=\"attachment-thumbnail size-thumbnail\" alt=\"\" loading=\"lazy\" \/><\/a>\n\t\t\t<\/div><\/figure><figure class='gallery-item'>\n\t\t\t<div class='gallery-icon landscape'>\n\t\t\t\t<a href='http:\/\/archiwum.festiwale.zakopane.pl\/festiwal-folkloru\/2021\/08\/13\/mistrzostwa-podhala-w-powozeniu-konkurs-na-fiakra-roku-oraz-na-spiew-pytacki\/dsc_0176-2\/'><img width=\"150\" height=\"150\" src=\"http:\/\/archiwum.festiwale.zakopane.pl\/festiwal-folkloru\/wp-content\/uploads\/sites\/13\/2021\/08\/DSC_0176-2-150x150.jpg\" class=\"attachment-thumbnail size-thumbnail\" alt=\"\" loading=\"lazy\" \/><\/a>\n\t\t\t<\/div><\/figure><figure class='gallery-item'>\n\t\t\t<div class='gallery-icon landscape'>\n\t\t\t\t<a href='http:\/\/archiwum.festiwale.zakopane.pl\/festiwal-folkloru\/2021\/08\/13\/mistrzostwa-podhala-w-powozeniu-konkurs-na-fiakra-roku-oraz-na-spiew-pytacki\/dsc_0184-2\/'><img width=\"150\" height=\"150\" src=\"http:\/\/archiwum.festiwale.zakopane.pl\/festiwal-folkloru\/wp-content\/uploads\/sites\/13\/2021\/08\/DSC_0184-2-150x150.jpg\" class=\"attachment-thumbnail size-thumbnail\" alt=\"\" loading=\"lazy\" \/><\/a>\n\t\t\t<\/div><\/figure><figure class='gallery-item'>\n\t\t\t<div class='gallery-icon landscape'>\n\t\t\t\t<a href='http:\/\/archiwum.festiwale.zakopane.pl\/festiwal-folkloru\/2021\/08\/13\/mistrzostwa-podhala-w-powozeniu-konkurs-na-fiakra-roku-oraz-na-spiew-pytacki\/dsc_0195-2\/'><img width=\"150\" height=\"150\" src=\"http:\/\/archiwum.festiwale.zakopane.pl\/festiwal-folkloru\/wp-content\/uploads\/sites\/13\/2021\/08\/DSC_0195-2-150x150.jpg\" class=\"attachment-thumbnail size-thumbnail\" alt=\"\" loading=\"lazy\" \/><\/a>\n\t\t\t<\/div><\/figure><figure class='gallery-item'>\n\t\t\t<div class='gallery-icon landscape'>\n\t\t\t\t<a href='http:\/\/archiwum.festiwale.zakopane.pl\/festiwal-folkloru\/2021\/08\/13\/mistrzostwa-podhala-w-powozeniu-konkurs-na-fiakra-roku-oraz-na-spiew-pytacki\/dsc_0198-2\/'><img width=\"150\" height=\"150\" src=\"http:\/\/archiwum.festiwale.zakopane.pl\/festiwal-folkloru\/wp-content\/uploads\/sites\/13\/2021\/08\/DSC_0198-2-150x150.jpg\" class=\"attachment-thumbnail size-thumbnail\" alt=\"\" loading=\"lazy\" \/><\/a>\n\t\t\t<\/div><\/figure><figure class='gallery-item'>\n\t\t\t<div class='gallery-icon landscape'>\n\t\t\t\t<a href='http:\/\/archiwum.festiwale.zakopane.pl\/festiwal-folkloru\/2021\/08\/13\/mistrzostwa-podhala-w-powozeniu-konkurs-na-fiakra-roku-oraz-na-spiew-pytacki\/dsc_0210-2\/'><img width=\"150\" height=\"150\" src=\"http:\/\/archiwum.festiwale.zakopane.pl\/festiwal-folkloru\/wp-content\/uploads\/sites\/13\/2021\/08\/DSC_0210-2-150x150.jpg\" class=\"attachment-thumbnail size-thumbnail\" alt=\"\" loading=\"lazy\" \/><\/a>\n\t\t\t<\/div><\/figure><figure class='gallery-item'>\n\t\t\t<div class='gallery-icon landscape'>\n\t\t\t\t<a href='http:\/\/archiwum.festiwale.zakopane.pl\/festiwal-folkloru\/2021\/08\/13\/mistrzostwa-podhala-w-powozeniu-konkurs-na-fiakra-roku-oraz-na-spiew-pytacki\/dsc_0215-2\/'><img width=\"150\" height=\"150\" src=\"http:\/\/archiwum.festiwale.zakopane.pl\/festiwal-folkloru\/wp-content\/uploads\/sites\/13\/2021\/08\/DSC_0215-2-150x150.jpg\" class=\"attachment-thumbnail size-thumbnail\" alt=\"\" loading=\"lazy\" \/><\/a>\n\t\t\t<\/div><\/figure><figure class='gallery-item'>\n\t\t\t<div class='gallery-icon landscape'>\n\t\t\t\t<a href='http:\/\/archiwum.festiwale.zakopane.pl\/festiwal-folkloru\/2021\/08\/13\/mistrzostwa-podhala-w-powozeniu-konkurs-na-fiakra-roku-oraz-na-spiew-pytacki\/dsc_0217-2\/'><img width=\"150\" height=\"150\" src=\"http:\/\/archiwum.festiwale.zakopane.pl\/festiwal-folkloru\/wp-content\/uploads\/sites\/13\/2021\/08\/DSC_0217-2-150x150.jpg\" class=\"attachment-thumbnail size-thumbnail\" alt=\"\" loading=\"lazy\" \/><\/a>\n\t\t\t<\/div><\/figure><figure class='gallery-item'>\n\t\t\t<div class='gallery-icon landscape'>\n\t\t\t\t<a href='http:\/\/archiwum.festiwale.zakopane.pl\/festiwal-folkloru\/2021\/08\/13\/mistrzostwa-podhala-w-powozeniu-konkurs-na-fiakra-roku-oraz-na-spiew-pytacki\/dsc_0223-2\/'><img width=\"150\" height=\"150\" src=\"http:\/\/archiwum.festiwale.zakopane.pl\/festiwal-folkloru\/wp-content\/uploads\/sites\/13\/2021\/08\/DSC_0223-2-150x150.jpg\" class=\"attachment-thumbnail size-thumbnail\" alt=\"\" loading=\"lazy\" \/><\/a>\n\t\t\t<\/div><\/figure><figure class='gallery-item'>\n\t\t\t<div class='gallery-icon landscape'>\n\t\t\t\t<a href='http:\/\/archiwum.festiwale.zakopane.pl\/festiwal-folkloru\/2021\/08\/13\/mistrzostwa-podhala-w-powozeniu-konkurs-na-fiakra-roku-oraz-na-spiew-pytacki\/dsc_0236\/'><img width=\"150\" height=\"150\" src=\"http:\/\/archiwum.festiwale.zakopane.pl\/festiwal-folkloru\/wp-content\/uploads\/sites\/13\/2021\/08\/DSC_0236-150x150.jpg\" class=\"attachment-thumbnail size-thumbnail\" alt=\"\" loading=\"lazy\" \/><\/a>\n\t\t\t<\/div><\/figure><figure class='gallery-item'>\n\t\t\t<div class='gallery-icon landscape'>\n\t\t\t\t<a href='http:\/\/archiwum.festiwale.zakopane.pl\/festiwal-folkloru\/2021\/08\/13\/mistrzostwa-podhala-w-powozeniu-konkurs-na-fiakra-roku-oraz-na-spiew-pytacki\/dsc_0243\/'><img width=\"150\" height=\"150\" src=\"http:\/\/archiwum.festiwale.zakopane.pl\/festiwal-folkloru\/wp-content\/uploads\/sites\/13\/2021\/08\/DSC_0243-150x150.jpg\" class=\"attachment-thumbnail size-thumbnail\" alt=\"\" loading=\"lazy\" \/><\/a>\n\t\t\t<\/div><\/figure><figure class='gallery-item'>\n\t\t\t<div class='gallery-icon landscape'>\n\t\t\t\t<a href='http:\/\/archiwum.festiwale.zakopane.pl\/festiwal-folkloru\/2021\/08\/13\/mistrzostwa-podhala-w-powozeniu-konkurs-na-fiakra-roku-oraz-na-spiew-pytacki\/dsc_0253-2\/'><img width=\"150\" height=\"150\" src=\"http:\/\/archiwum.festiwale.zakopane.pl\/festiwal-folkloru\/wp-content\/uploads\/sites\/13\/2021\/08\/DSC_0253-2-150x150.jpg\" class=\"attachment-thumbnail size-thumbnail\" alt=\"\" loading=\"lazy\" \/><\/a>\n\t\t\t<\/div><\/figure><figure class='gallery-item'>\n\t\t\t<div class='gallery-icon landscape'>\n\t\t\t\t<a href='http:\/\/archiwum.festiwale.zakopane.pl\/festiwal-folkloru\/2021\/08\/13\/mistrzostwa-podhala-w-powozeniu-konkurs-na-fiakra-roku-oraz-na-spiew-pytacki\/dsc_0259-3\/'><img width=\"150\" height=\"150\" src=\"http:\/\/archiwum.festiwale.zakopane.pl\/festiwal-folkloru\/wp-content\/uploads\/sites\/13\/2021\/08\/DSC_0259-3-150x150.jpg\" class=\"attachment-thumbnail size-thumbnail\" alt=\"\" loading=\"lazy\" \/><\/a>\n\t\t\t<\/div><\/figure><figure class='gallery-item'>\n\t\t\t<div class='gallery-icon landscape'>\n\t\t\t\t<a href='http:\/\/archiwum.festiwale.zakopane.pl\/festiwal-folkloru\/2021\/08\/13\/mistrzostwa-podhala-w-powozeniu-konkurs-na-fiakra-roku-oraz-na-spiew-pytacki\/dsc_0266-2\/'><img width=\"150\" height=\"150\" src=\"http:\/\/archiwum.festiwale.zakopane.pl\/festiwal-folkloru\/wp-content\/uploads\/sites\/13\/2021\/08\/DSC_0266-2-150x150.jpg\" class=\"attachment-thumbnail size-thumbnail\" alt=\"\" loading=\"lazy\" \/><\/a>\n\t\t\t<\/div><\/figure><figure class='gallery-item'>\n\t\t\t<div class='gallery-icon landscape'>\n\t\t\t\t<a href='http:\/\/archiwum.festiwale.zakopane.pl\/festiwal-folkloru\/2021\/08\/13\/mistrzostwa-podhala-w-powozeniu-konkurs-na-fiakra-roku-oraz-na-spiew-pytacki\/dsc_0269-2\/'><img width=\"150\" height=\"150\" src=\"http:\/\/archiwum.festiwale.zakopane.pl\/festiwal-folkloru\/wp-content\/uploads\/sites\/13\/2021\/08\/DSC_0269-2-150x150.jpg\" class=\"attachment-thumbnail size-thumbnail\" alt=\"\" loading=\"lazy\" \/><\/a>\n\t\t\t<\/div><\/figure><figure class='gallery-item'>\n\t\t\t<div class='gallery-icon landscape'>\n\t\t\t\t<a href='http:\/\/archiwum.festiwale.zakopane.pl\/festiwal-folkloru\/2021\/08\/13\/mistrzostwa-podhala-w-powozeniu-konkurs-na-fiakra-roku-oraz-na-spiew-pytacki\/dsc_0098\/'><img width=\"150\" height=\"150\" src=\"http:\/\/archiwum.festiwale.zakopane.pl\/festiwal-folkloru\/wp-content\/uploads\/sites\/13\/2021\/08\/DSC_0098-150x150.jpg\" class=\"attachment-thumbnail size-thumbnail\" alt=\"\" loading=\"lazy\" \/><\/a>\n\t\t\t<\/div><\/figure><figure class='gallery-item'>\n\t\t\t<div class='gallery-icon landscape'>\n\t\t\t\t<a href='http:\/\/archiwum.festiwale.zakopane.pl\/festiwal-folkloru\/2021\/08\/13\/mistrzostwa-podhala-w-powozeniu-konkurs-na-fiakra-roku-oraz-na-spiew-pytacki\/dsc_0001\/'><img width=\"150\" height=\"150\" src=\"http:\/\/archiwum.festiwale.zakopane.pl\/festiwal-folkloru\/wp-content\/uploads\/sites\/13\/2021\/08\/DSC_0001-150x150.jpg\" class=\"attachment-thumbnail size-thumbnail\" alt=\"\" loading=\"lazy\" \/><\/a>\n\t\t\t<\/div><\/figure><figure class='gallery-item'>\n\t\t\t<div class='gallery-icon landscape'>\n\t\t\t\t<a href='http:\/\/archiwum.festiwale.zakopane.pl\/festiwal-folkloru\/2021\/08\/13\/mistrzostwa-podhala-w-powozeniu-konkurs-na-fiakra-roku-oraz-na-spiew-pytacki\/dsc_0026\/'><img width=\"150\" height=\"150\" src=\"http:\/\/archiwum.festiwale.zakopane.pl\/festiwal-folkloru\/wp-content\/uploads\/sites\/13\/2021\/08\/DSC_0026-150x150.jpg\" class=\"attachment-thumbnail size-thumbnail\" alt=\"\" loading=\"lazy\" \/><\/a>\n\t\t\t<\/div><\/figure><figure class='gallery-item'>\n\t\t\t<div class='gallery-icon landscape'>\n\t\t\t\t<a href='http:\/\/archiwum.festiwale.zakopane.pl\/festiwal-folkloru\/2021\/08\/13\/mistrzostwa-podhala-w-powozeniu-konkurs-na-fiakra-roku-oraz-na-spiew-pytacki\/dsc_0054\/'><img width=\"150\" height=\"150\" src=\"http:\/\/archiwum.festiwale.zakopane.pl\/festiwal-folkloru\/wp-content\/uploads\/sites\/13\/2021\/08\/DSC_0054-150x150.jpg\" class=\"attachment-thumbnail size-thumbnail\" alt=\"\" loading=\"lazy\" \/><\/a>\n\t\t\t<\/div><\/figure><figure class='gallery-item'>\n\t\t\t<div class='gallery-icon landscape'>\n\t\t\t\t<a href='http:\/\/archiwum.festiwale.zakopane.pl\/festiwal-folkloru\/2021\/08\/13\/mistrzostwa-podhala-w-powozeniu-konkurs-na-fiakra-roku-oraz-na-spiew-pytacki\/dsc_0055-2-2\/'><img width=\"150\" height=\"150\" src=\"http:\/\/archiwum.festiwale.zakopane.pl\/festiwal-folkloru\/wp-content\/uploads\/sites\/13\/2021\/08\/DSC_0055-2-2-150x150.jpg\" class=\"attachment-thumbnail size-thumbnail\" alt=\"\" loading=\"lazy\" \/><\/a>\n\t\t\t<\/div><\/figure><figure class='gallery-item'>\n\t\t\t<div class='gallery-icon landscape'>\n\t\t\t\t<a href='http:\/\/archiwum.festiwale.zakopane.pl\/festiwal-folkloru\/2021\/08\/13\/mistrzostwa-podhala-w-powozeniu-konkurs-na-fiakra-roku-oraz-na-spiew-pytacki\/dsc_0061-2-2\/'><img width=\"150\" height=\"150\" src=\"http:\/\/archiwum.festiwale.zakopane.pl\/festiwal-folkloru\/wp-content\/uploads\/sites\/13\/2021\/08\/DSC_0061-2-2-150x150.jpg\" class=\"attachment-thumbnail size-thumbnail\" alt=\"\" loading=\"lazy\" \/><\/a>\n\t\t\t<\/div><\/figure><figure class='gallery-item'>\n\t\t\t<div class='gallery-icon landscape'>\n\t\t\t\t<a href='http:\/\/archiwum.festiwale.zakopane.pl\/festiwal-folkloru\/2021\/08\/13\/mistrzostwa-podhala-w-powozeniu-konkurs-na-fiakra-roku-oraz-na-spiew-pytacki\/dsc_0062\/'><img width=\"150\" height=\"150\" src=\"http:\/\/archiwum.festiwale.zakopane.pl\/festiwal-folkloru\/wp-content\/uploads\/sites\/13\/2021\/08\/DSC_0062-150x150.jpg\" class=\"attachment-thumbnail size-thumbnail\" alt=\"\" loading=\"lazy\" \/><\/a>\n\t\t\t<\/div><\/figure><figure class='gallery-item'>\n\t\t\t<div class='gallery-icon landscape'>\n\t\t\t\t<a href='http:\/\/archiwum.festiwale.zakopane.pl\/festiwal-folkloru\/2021\/08\/13\/mistrzostwa-podhala-w-powozeniu-konkurs-na-fiakra-roku-oraz-na-spiew-pytacki\/dsc_0086\/'><img width=\"150\" height=\"150\" src=\"http:\/\/archiwum.festiwale.zakopane.pl\/festiwal-folkloru\/wp-content\/uploads\/sites\/13\/2021\/08\/DSC_0086-150x150.jpg\" class=\"attachment-thumbnail size-thumbnail\" alt=\"\" loading=\"lazy\" \/><\/a>\n\t\t\t<\/div><\/figure>\n\t\t<\/div>\n\n","protected":false},"excerpt":{"rendered":"<p>W pi\u0105tek 13-stego weszli\u015bmy pe\u0142ni gracji i zapa\u0142u za spraw\u0105 rozpocz\u0119tych o 11:00 na G\u00f3rnej [&hellip;]<\/p>\n","protected":false},"author":5,"featured_media":1245,"comment_status":"closed","ping_status":"closed","sticky":false,"template":"","format":"standard","meta":[],"categories":[1],"tags":[],"acf":[],"_links":{"self":[{"href":"http:\/\/archiwum.festiwale.zakopane.pl\/festiwal-folkloru\/wp-json\/wp\/v2\/posts\/1219"}],"collection":[{"href":"http:\/\/archiwum.festiwale.zakopane.pl\/festiwal-folkloru\/wp-json\/wp\/v2\/posts"}],"about":[{"href":"http:\/\/archiwum.festiwale.zakopane.pl\/festiwal-folkloru\/wp-json\/wp\/v2\/types\/post"}],"author":[{"embeddable":true,"href":"http:\/\/archiwum.festiwale.zakopane.pl\/festiwal-folkloru\/wp-json\/wp\/v2\/users\/5"}],"replies":[{"embeddable":true,"href":"http:\/\/archiwum.festiwale.zakopane.pl\/festiwal-folkloru\/wp-json\/wp\/v2\/comments?post=1219"}],"version-history":[{"count":7,"href":"http:\/\/archiwum.festiwale.zakopane.pl\/festiwal-folkloru\/wp-json\/wp\/v2\/posts\/1219\/revisions"}],"predecessor-version":[{"id":1261,"href":"http:\/\/archiwum.festiwale.zakopane.pl\/festiwal-folkloru\/wp-json\/wp\/v2\/posts\/1219\/revisions\/1261"}],"wp:featuredmedia":[{"embeddable":true,"href":"http:\/\/archiwum.festiwale.zakopane.pl\/festiwal-folkloru\/wp-json\/wp\/v2\/media\/1245"}],"wp:attachment":[{"href":"http:\/\/archiwum.festiwale.zakopane.pl\/festiwal-folkloru\/wp-json\/wp\/v2\/media?parent=1219"}],"wp:term":[{"taxonomy":"category","embeddable":true,"href":"http:\/\/archiwum.festiwale.zakopane.pl\/festiwal-folkloru\/wp-json\/wp\/v2\/categories?post=1219"},{"taxonomy":"post_tag","embeddable":true,"href":"http:\/\/archiwum.festiwale.zakopane.pl\/festiwal-folkloru\/wp-json\/wp\/v2\/tags?post=1219"}],"curies":[{"name":"wp","href":"https:\/\/api.w.org\/{rel}","templated":true}]}}