{"id":1215,"date":"2021-08-13T18:33:16","date_gmt":"2021-08-13T16:33:16","guid":{"rendered":"https:\/\/festiwale.zakopane.pl\/festiwal-folkloru\/?p=1215"},"modified":"2021-08-13T18:33:16","modified_gmt":"2021-08-13T16:33:16","slug":"otwarte-pracownie-artystow-zakopianskich-galerie-i-muzea","status":"publish","type":"post","link":"http:\/\/archiwum.festiwale.zakopane.pl\/festiwal-folkloru\/2021\/08\/13\/otwarte-pracownie-artystow-zakopianskich-galerie-i-muzea\/","title":{"rendered":"Otwarte pracownie artyst\u00f3w zakopia\u0144skich, galerie i muzea"},"content":{"rendered":"<p>52. Mi\u0119dzynarodowemu Festiwalowi Folkloru Ziem G\u00f3rskich tradycyjnie towarzyszy wiele wydarze\u0144. Nie zabraknie tak\u017ce otwartych pracowni artyst\u00f3w zakopia\u0144skich, galerii i muze\u00f3w.\u00a0 Zach\u0119camy do odwiedzin. Poni\u017cej przedstawiamy szczeg\u00f3\u0142owy program.<\/p>\n<p><strong>Barbara Baniecka Dziadzio\u00a0<\/strong><br \/>\nMalarstwo na szkle\/ Glass-paiting<br \/>\nul. Ubocz 22<br \/>\n13 sierpnia, godz. 10.00-14.00<\/p>\n<p><strong>Izba Tw\u00f3rcza im. Stanis\u0142awa N\u0119dzy-Kubi\u0144ca<\/strong><br \/>\nul. Strzelc\u00f3w Podhala\u0144skich 20, 34-511 Ko\u015bcielisko<br \/>\nPo um\u00f3wieniu telefonicznym: 601\u202f565\u202f565 lub 669\u202f444\u202f466<\/p>\n<p><strong>Galeria Arkadiusza Walocha<\/strong><br \/>\nAwa Malarstwo, Rysunek\/Paiting, Drawing<br \/>\nul. Ko\u015bciuszki 12<br \/>\n16, 17, 18 sierpnia, godz. 16.00-18.00<\/p>\n<p><strong>Zofia i Magdalena Forteckie<\/strong><br \/>\nMalarstwo na szkle\/ Glass-Paiting<br \/>\nul. Krzept\u00f3wki 150<br \/>\n12,13,14,20 sierpnia, godz. 10.00-13.00<\/p>\n<p><strong>Miejska Galeria Sztuki im. W\u0142. hr. Zamoyskiego<\/strong><br \/>\nArty\u015bci Zakopia\u0144scy 2021<br \/>\nul. Krup\u00f3wki 41<br \/>\ntel. +48 18 201 27 92<br \/>\nGodziny otwarcia:<br \/>\nwtorek-sobota 10:00-17:00<\/p>\n<p><strong>Maria i Jerzy Gruszczy\u0144scy<\/strong><br \/>\nMalarstwo\/Paiting<br \/>\nUl. Skib\u00f3wki 26<br \/>\nPo um\u00f3wieniu telefonicznym: 18 20\u202f634 34<br \/>\nGodz. 11.00-16.00<\/p>\n<p><strong>Galeria Antoniego Rz\u0105sy<\/strong><br \/>\nUl. Bogda\u0144skiego 16a<br \/>\nod 14 sierpnia<br \/>\nPo um\u00f3wieniu telefonicznym: 695\u202f482\u202f204<\/p>\n<p><strong>Galeria W\u0142adys\u0142awa Hasiora<\/strong><br \/>\nul. Jagiello\u0144ska 18 b<br \/>\nOd 16 sierpnia<br \/>\nGodziny otwarcia:<br \/>\n\u015broda &#8211; sobota 10.00 -18.00<br \/>\nczwartek 12:00 &#8211; 20:00<br \/>\n<strong>Wst\u0119p na has\u0142o \u201eFestiwal\u201d<\/strong><\/p>\n<p><strong>Willa Oksza<\/strong><br \/>\nGaleria Sztuki XX wieku w Willi Oksza<br \/>\nul. Zamoyskiego 25<br \/>\nGodziny otwarcia:<br \/>\n\u015broda \u2013 pi\u0105tek 10:00-18:00<br \/>\nsobota 12:00 &#8211; 20:00<br \/>\n<strong>Wst\u0119p na has\u0142o \u201eFestiwal\u201d<\/strong><\/p>\n<p><strong>Willa Koliba. Muzeum Stylu Zakopia\u0144skiego<\/strong><br \/>\nul. Ko\u015bcieliska 18, 34-500 Zakopane<br \/>\nGodziny otwarcia: \u015broda \u2013 sobota 10:00 \u2013 18.00<br \/>\npi\u0105tek 12:00 &#8211; 20:00<br \/>\n<strong>Wst\u0119p na has\u0142o \u201eFestiwal\u201d<\/strong><\/p>\n<p>Dla os\u00f3b, kt\u00f3re niestety nie mog\u0105 osobi\u015bcie odwiedzi\u0107 pracowni artyst\u00f3w, galerii i muze\u00f3w mamy dobr\u0105 wiadomo\u015b\u0107. W 2020 roku w ramach preludium 52. Festiwalu <strong>powsta\u0142a seria kr\u00f3tkich film\u00f3w z wirtualnym oprowadzaniem. Linki poni\u017cej:<\/strong><\/p>\n<ol>\n<li><strong><a href=\"https:\/\/www.youtube.com\/watch?v=XuFEoRAjy5s\">Otwarte pracownie artyst\u00f3w zakopia\u0144skich, galerie i muzea- Willa Atma, Czerwony Dw\u00f3r, Galeria Rz\u0105s\u00f3w<\/a><\/strong><\/li>\n<li><strong><a href=\"https:\/\/www.youtube.com\/watch?v=HxSKRHsNcoE\">Otwarte pracownie artyst\u00f3w zakopia\u0144skich \u2013 wycieczka wirtualna<\/a><\/strong><\/li>\n<li><strong><a href=\"https:\/\/www.youtube.com\/watch?v=tCVVZlyewXA\">\u00a0Otwarte pracownie artyst\u00f3w zakopia\u0144skich, galerie i muzea<\/a><\/strong><\/li>\n<li><strong><a href=\"https:\/\/www.youtube.com\/watch?v=unfzFxOVZUo\">\u00a0Otwarte pracownie artyst\u00f3w zakopia\u0144skich, galerie i muzea &#8211; ul. Ko\u015bcieliska<\/a><\/strong><\/li>\n<li><strong><a href=\"https:\/\/www.youtube.com\/watch?v=7ZV-wjM9xtg\">Otwarte pracownie artyst\u00f3w zakopia\u0144skich, galerie i muzea<\/a><\/strong><\/li>\n<\/ol>\n<p><strong>Zapraszamy!<\/strong><\/p>\n","protected":false},"excerpt":{"rendered":"<p>52. Mi\u0119dzynarodowemu Festiwalowi Folkloru Ziem G\u00f3rskich tradycyjnie towarzyszy wiele wydarze\u0144. Nie zabraknie tak\u017ce otwartych pracowni [&hellip;]<\/p>\n","protected":false},"author":5,"featured_media":1216,"comment_status":"closed","ping_status":"closed","sticky":false,"template":"","format":"standard","meta":[],"categories":[1],"tags":[],"acf":[],"_links":{"self":[{"href":"http:\/\/archiwum.festiwale.zakopane.pl\/festiwal-folkloru\/wp-json\/wp\/v2\/posts\/1215"}],"collection":[{"href":"http:\/\/archiwum.festiwale.zakopane.pl\/festiwal-folkloru\/wp-json\/wp\/v2\/posts"}],"about":[{"href":"http:\/\/archiwum.festiwale.zakopane.pl\/festiwal-folkloru\/wp-json\/wp\/v2\/types\/post"}],"author":[{"embeddable":true,"href":"http:\/\/archiwum.festiwale.zakopane.pl\/festiwal-folkloru\/wp-json\/wp\/v2\/users\/5"}],"replies":[{"embeddable":true,"href":"http:\/\/archiwum.festiwale.zakopane.pl\/festiwal-folkloru\/wp-json\/wp\/v2\/comments?post=1215"}],"version-history":[{"count":2,"href":"http:\/\/archiwum.festiwale.zakopane.pl\/festiwal-folkloru\/wp-json\/wp\/v2\/posts\/1215\/revisions"}],"predecessor-version":[{"id":1218,"href":"http:\/\/archiwum.festiwale.zakopane.pl\/festiwal-folkloru\/wp-json\/wp\/v2\/posts\/1215\/revisions\/1218"}],"wp:featuredmedia":[{"embeddable":true,"href":"http:\/\/archiwum.festiwale.zakopane.pl\/festiwal-folkloru\/wp-json\/wp\/v2\/media\/1216"}],"wp:attachment":[{"href":"http:\/\/archiwum.festiwale.zakopane.pl\/festiwal-folkloru\/wp-json\/wp\/v2\/media?parent=1215"}],"wp:term":[{"taxonomy":"category","embeddable":true,"href":"http:\/\/archiwum.festiwale.zakopane.pl\/festiwal-folkloru\/wp-json\/wp\/v2\/categories?post=1215"},{"taxonomy":"post_tag","embeddable":true,"href":"http:\/\/archiwum.festiwale.zakopane.pl\/festiwal-folkloru\/wp-json\/wp\/v2\/tags?post=1215"}],"curies":[{"name":"wp","href":"https:\/\/api.w.org\/{rel}","templated":true}]}}