{"id":1207,"date":"2021-08-13T10:23:38","date_gmt":"2021-08-13T08:23:38","guid":{"rendered":"https:\/\/festiwale.zakopane.pl\/festiwal-folkloru\/?p=1207"},"modified":"2021-08-13T10:23:38","modified_gmt":"2021-08-13T08:23:38","slug":"festiwal-ze-znakiem-wizytowki-malopolski","status":"publish","type":"post","link":"http:\/\/archiwum.festiwale.zakopane.pl\/festiwal-folkloru\/2021\/08\/13\/festiwal-ze-znakiem-wizytowki-malopolski\/","title":{"rendered":"Festiwal ze znakiem &#8222;Wizyt\u00f3wki Ma\u0142opolski&#8221;"},"content":{"rendered":"<p>&nbsp;<\/p>\n<p><em>Szanowni Pa\u0144stwo!<\/em><\/p>\n<p>Ma\u0142opolska to miejsce, w kt\u00f3rym tradycja wsp\u00f3\u0142gra z nowoczesno\u015bci\u0105. Miejsce, kt\u00f3re wyr\u00f3\u017cnia bogata kultura, a tak\u017ce otwarto\u015b\u0107, go\u015bcinno\u015b\u0107 i niesamowita energia. To, mi\u0119dzy innymi, dzi\u0119ki nim doceniany jest wielki potencja\u0142 naszego regionu. Wierzymy, \u017ce sp\u00f3jne i kreatywne dzia\u0142ania promocyjne s\u0105 dzi\u015b kluczem do budowania w \u015bwiadomo\u015bci mieszka\u0144c\u00f3w regionu, turyst\u00f3w, jak i naszych partner\u00f3w przekonania, \u017ce Ma\u0142opolska oferuje zawsze to, co ma najcenniejszego.<\/p>\n<p>Nasz nowy projekt pod nazw\u0105 \u201eWizyt\u00f3wki Ma\u0142opolski\u201d ma na celu wzmacnianie poczucia to\u017csamo\u015bci regionalnej w\u015br\u00f3d mieszka\u0144c\u00f3w oraz budowanie silnej marki <em>Ma\u0142opolska<\/em> poprzez wizerunkow\u0105 obecno\u015b\u0107 Wojew\u00f3dztwa Ma\u0142opolskiego, jako partnera najwi\u0119kszych i najbardziej rozpoznawalnych wydarze\u0144.<\/p>\n<p>Jednym z nich jest Mi\u0119dzynarodowy Festiwal Folkloru Ziem G\u00f3rskich \u2013wyj\u0105tkowe i barwne spotkanie ze sztuk\u0105, tradycj\u0105, obrz\u0119dowo\u015bci\u0105, muzyk\u0105, \u015bpiewem, ta\u0144cem, strojem i gwar\u0105 g\u00f3rali z ca\u0142ego \u015bwiata. Ten najwi\u0119kszy festiwal organizowany w Zakopanem zwi\u0105zany jest z kultur\u0105 ludow\u0105, kt\u00f3ra jest si\u0142\u0105 naszego regionu. To ona, wraz z pi\u0119knem g\u00f3rskiego krajobrazu, od lat dzia\u0142a jak magnes, zach\u0119caj\u0105c do przyjazdu licznych turyst\u00f3w spragnionych kontaktu z tradycj\u0105, przekazywan\u0105 tutaj pieczo\u0142owicie z pokolenia na pokolenie. Drodzy Pa\u0144stwo, mam nadziej\u0119, \u017ce przed nami kolejne miesi\u0105ce bogate w interesuj\u0105ce wydarzenia muzyczne i inicjatywy, kt\u00f3re zwr\u00f3c\u0105 uwag\u0119 na Ma\u0142opolsk\u0119 jako wa\u017cne centrum \u017cycia kulturalnego.<\/p>\n<p>Serdecznie pozdrawiam,<\/p>\n<p>Witold Koz\u0142owski<\/p>\n<p>Marsza\u0142ek Wojew\u00f3dztwa Ma\u0142opolskiego<\/p>\n<p>&nbsp;<\/p>\n","protected":false},"excerpt":{"rendered":"<p>&nbsp; Szanowni Pa\u0144stwo! Ma\u0142opolska to miejsce, w kt\u00f3rym tradycja wsp\u00f3\u0142gra z nowoczesno\u015bci\u0105. Miejsce, kt\u00f3re wyr\u00f3\u017cnia [&hellip;]<\/p>\n","protected":false},"author":5,"featured_media":1208,"comment_status":"closed","ping_status":"closed","sticky":false,"template":"","format":"standard","meta":[],"categories":[1],"tags":[],"acf":[],"_links":{"self":[{"href":"http:\/\/archiwum.festiwale.zakopane.pl\/festiwal-folkloru\/wp-json\/wp\/v2\/posts\/1207"}],"collection":[{"href":"http:\/\/archiwum.festiwale.zakopane.pl\/festiwal-folkloru\/wp-json\/wp\/v2\/posts"}],"about":[{"href":"http:\/\/archiwum.festiwale.zakopane.pl\/festiwal-folkloru\/wp-json\/wp\/v2\/types\/post"}],"author":[{"embeddable":true,"href":"http:\/\/archiwum.festiwale.zakopane.pl\/festiwal-folkloru\/wp-json\/wp\/v2\/users\/5"}],"replies":[{"embeddable":true,"href":"http:\/\/archiwum.festiwale.zakopane.pl\/festiwal-folkloru\/wp-json\/wp\/v2\/comments?post=1207"}],"version-history":[{"count":1,"href":"http:\/\/archiwum.festiwale.zakopane.pl\/festiwal-folkloru\/wp-json\/wp\/v2\/posts\/1207\/revisions"}],"predecessor-version":[{"id":1209,"href":"http:\/\/archiwum.festiwale.zakopane.pl\/festiwal-folkloru\/wp-json\/wp\/v2\/posts\/1207\/revisions\/1209"}],"wp:featuredmedia":[{"embeddable":true,"href":"http:\/\/archiwum.festiwale.zakopane.pl\/festiwal-folkloru\/wp-json\/wp\/v2\/media\/1208"}],"wp:attachment":[{"href":"http:\/\/archiwum.festiwale.zakopane.pl\/festiwal-folkloru\/wp-json\/wp\/v2\/media?parent=1207"}],"wp:term":[{"taxonomy":"category","embeddable":true,"href":"http:\/\/archiwum.festiwale.zakopane.pl\/festiwal-folkloru\/wp-json\/wp\/v2\/categories?post=1207"},{"taxonomy":"post_tag","embeddable":true,"href":"http:\/\/archiwum.festiwale.zakopane.pl\/festiwal-folkloru\/wp-json\/wp\/v2\/tags?post=1207"}],"curies":[{"name":"wp","href":"https:\/\/api.w.org\/{rel}","templated":true}]}}