{"id":1191,"date":"2021-08-12T21:29:27","date_gmt":"2021-08-12T19:29:27","guid":{"rendered":"https:\/\/festiwale.zakopane.pl\/festiwal-folkloru\/?p=1191"},"modified":"2021-08-12T21:29:27","modified_gmt":"2021-08-12T19:29:27","slug":"50-ogolnopolski-konkurs-literacki-im-tadeusza-staicha-rozstrzygniety","status":"publish","type":"post","link":"http:\/\/archiwum.festiwale.zakopane.pl\/festiwal-folkloru\/2021\/08\/12\/50-ogolnopolski-konkurs-literacki-im-tadeusza-staicha-rozstrzygniety\/","title":{"rendered":"50. Og\u00f3lnopolski Konkurs Literacki im. Tadeusza Staicha rozstrzygni\u0119ty"},"content":{"rendered":"<p>Na zako\u0144czenie dzisiejszego dnia, tak\u017ce w ogrodzie Willi Czerwony Dw\u00f3r, poznali\u015bmy laureat\u00f3w jubileuszowego 50. Og\u00f3lnopolskiego Konkursu Literackiego im. Tadeusza Staicha na wiersz o tematyce g\u00f3rskiej.<\/p>\n<p>To wydarzenie towarzyszy Mi\u0119dzynarodowemu Festiwalowi Folkloru Ziem G\u00f3rskich podkre\u015blaj\u0105c jego klimat i idee. Sam Tadeusz Staich natomiast by\u0142 osob\u0105, kt\u00f3ra w 1972 r. zainicjowa\u0142a konkurs literacki na wiersz o tematyce g\u00f3rskiej. By\u0142 on pisarzem, dziennikarzem, dzia\u0142aczem i honorowym cz\u0142onkiem Zwi\u0105zku Podhalan, a tak\u017ce dzia\u0142aczem PTT i PTTK, przewodnikiem tatrza\u0144skim i redaktorem naczelnym \u201e\u017bycia Zakopia\u0144skiego\u201d.<\/p>\n<p>O wynikach 50. edycji konkursu zadecydowa\u0142o jury w sk\u0142adzie Adam Ziemianin, Maria Mateja-Torbiarz, Mieczys\u0142aw Mantyka oraz Maria \u015aliwi\u0144ska. Po zapoznaniu si\u0119 z utworami 92 autor\u00f3w, kt\u00f3rzy nades\u0142ali 236 wierszy postanowi\u0142o:<\/p>\n<p>W kategorii wierszy pisanych gwar\u0105 przyzna\u0107:<\/p>\n<p>I nagrod\u0119 autorowi god\u0142o \u201eLISCOK\u201d\u2013 Wanda Szado \u2013 Kudasikowa z Nowego Targu<br \/>\nII nagrod\u0119 autorowi god\u0142o \u201eKOS\u00d3WECKA\u201d \u2013 Wanda \u0141omnicka \u2013 Dulak \u00a0z Piwnicznej Zdr\u00f3j<\/p>\n<p>dwie nagrody r\u00f3wnorz\u0119dne:<\/p>\n<p>III nagrod\u0119 autorowi god\u0142o \u201eROZETA\u201d \u2013 Izabela W\u00f3jcik z Nowego Targu<br \/>\nIII nagrod\u0119 autorowi god\u0142o \u201eSKORUSA\u201d \u2013 Zofia Roj Mrozicka\u00a0 z Zakopanego<\/p>\n<p>W kategorii wierszy pisanych j\u0119zykiem literackim przyzna\u0107:<\/p>\n<p>I nagrod\u0119 autorowi god\u0142o \u201eB\u00d3BR\u201d\u2013 Anna Piliszewska z Wieliczki<br \/>\nII nagrod\u0119 autorowi god\u0142o \u201e\u015aLADY\u201d \u2013 Edyta Wysocka z Miastka<\/p>\n<p>dwie nagrody r\u00f3wnorz\u0119dne:<\/p>\n<p>III nagrod\u0119 autorowi god\u0142o \u201eTRYPTYK\u201d \u2013 Grzegorz Walczak z Warszawy<br \/>\nIII nagrod\u0119 autorowi god\u0142o \u201ePRZE\u015aWIT\u201d \u2013 Miros\u0142aw Kowalski\u00a0 z Mys\u0142owic<br \/>\nWyr\u00f3\u017cnienie autorowi god\u0142o \u201eNEW LIFE\u201d \u2013 Magdalena Dryl z Sanoka<br \/>\nWyr\u00f3\u017cnienie autorowi god\u0142o \u201eW\u0141\u00d3CZYKIJ\u201d \u2013 Renata Malinowska z Chocianowa<br \/>\nWyr\u00f3\u017cnienie autorowi god\u0142o \u201eNAPI\u0118TY \u0141UK\u201d \u2013 Andrzej Rodziewicz z Sulej\u00f3wka<br \/>\nWyr\u00f3\u017cnienie autorowi god\u0142o \u201eRZAS\u201d \u2013 Zbigniew Piku\u0142a z Majkowic<\/p>\n<p>Wszystkim tw\u00f3rcom literackim serdecznie dzi\u0119kujemy i gratulujemy pasji oraz tw\u00f3rczo\u015bci.<\/p>\n<div id='gallery-1' class='gallery galleryid-1191 gallery-columns-3 gallery-size-thumbnail'><figure class='gallery-item'>\n\t\t\t<div class='gallery-icon landscape'>\n\t\t\t\t<a href='http:\/\/archiwum.festiwale.zakopane.pl\/festiwal-folkloru\/2021\/08\/12\/50-ogolnopolski-konkurs-literacki-im-tadeusza-staicha-rozstrzygniety\/czerwony-dwor-1\/'><img width=\"150\" height=\"150\" src=\"http:\/\/archiwum.festiwale.zakopane.pl\/festiwal-folkloru\/wp-content\/uploads\/sites\/13\/2021\/08\/Czerwony-Dwor-1-150x150.jpg\" class=\"attachment-thumbnail size-thumbnail\" alt=\"\" loading=\"lazy\" \/><\/a>\n\t\t\t<\/div><\/figure><figure class='gallery-item'>\n\t\t\t<div class='gallery-icon landscape'>\n\t\t\t\t<a href='http:\/\/archiwum.festiwale.zakopane.pl\/festiwal-folkloru\/2021\/08\/12\/50-ogolnopolski-konkurs-literacki-im-tadeusza-staicha-rozstrzygniety\/czerwony-dwor-2\/'><img width=\"150\" height=\"150\" src=\"http:\/\/archiwum.festiwale.zakopane.pl\/festiwal-folkloru\/wp-content\/uploads\/sites\/13\/2021\/08\/Czerwony-Dwor-2-150x150.jpg\" class=\"attachment-thumbnail size-thumbnail\" alt=\"\" loading=\"lazy\" \/><\/a>\n\t\t\t<\/div><\/figure><figure class='gallery-item'>\n\t\t\t<div class='gallery-icon landscape'>\n\t\t\t\t<a href='http:\/\/archiwum.festiwale.zakopane.pl\/festiwal-folkloru\/2021\/08\/12\/50-ogolnopolski-konkurs-literacki-im-tadeusza-staicha-rozstrzygniety\/czerwony-dwor-3\/'><img width=\"150\" height=\"150\" src=\"http:\/\/archiwum.festiwale.zakopane.pl\/festiwal-folkloru\/wp-content\/uploads\/sites\/13\/2021\/08\/Czerwony-Dwor-3-150x150.jpg\" class=\"attachment-thumbnail size-thumbnail\" alt=\"\" loading=\"lazy\" \/><\/a>\n\t\t\t<\/div><\/figure><figure class='gallery-item'>\n\t\t\t<div class='gallery-icon landscape'>\n\t\t\t\t<a href='http:\/\/archiwum.festiwale.zakopane.pl\/festiwal-folkloru\/2021\/08\/12\/50-ogolnopolski-konkurs-literacki-im-tadeusza-staicha-rozstrzygniety\/czerwony-dwor-10\/'><img width=\"150\" height=\"150\" src=\"http:\/\/archiwum.festiwale.zakopane.pl\/festiwal-folkloru\/wp-content\/uploads\/sites\/13\/2021\/08\/Czerwony-Dwor-10-150x150.jpg\" class=\"attachment-thumbnail size-thumbnail\" alt=\"\" loading=\"lazy\" \/><\/a>\n\t\t\t<\/div><\/figure><figure class='gallery-item'>\n\t\t\t<div class='gallery-icon landscape'>\n\t\t\t\t<a href='http:\/\/archiwum.festiwale.zakopane.pl\/festiwal-folkloru\/2021\/08\/12\/50-ogolnopolski-konkurs-literacki-im-tadeusza-staicha-rozstrzygniety\/czerwony-dwor-11\/'><img width=\"150\" height=\"150\" src=\"http:\/\/archiwum.festiwale.zakopane.pl\/festiwal-folkloru\/wp-content\/uploads\/sites\/13\/2021\/08\/Czerwony-Dwor-11-150x150.jpg\" class=\"attachment-thumbnail size-thumbnail\" alt=\"\" loading=\"lazy\" \/><\/a>\n\t\t\t<\/div><\/figure><figure class='gallery-item'>\n\t\t\t<div class='gallery-icon landscape'>\n\t\t\t\t<a href='http:\/\/archiwum.festiwale.zakopane.pl\/festiwal-folkloru\/2021\/08\/12\/50-ogolnopolski-konkurs-literacki-im-tadeusza-staicha-rozstrzygniety\/czerwony-dwor-12\/'><img width=\"150\" height=\"150\" src=\"http:\/\/archiwum.festiwale.zakopane.pl\/festiwal-folkloru\/wp-content\/uploads\/sites\/13\/2021\/08\/Czerwony-Dwor-12-150x150.jpg\" class=\"attachment-thumbnail size-thumbnail\" alt=\"\" loading=\"lazy\" \/><\/a>\n\t\t\t<\/div><\/figure><figure class='gallery-item'>\n\t\t\t<div class='gallery-icon landscape'>\n\t\t\t\t<a href='http:\/\/archiwum.festiwale.zakopane.pl\/festiwal-folkloru\/2021\/08\/12\/50-ogolnopolski-konkurs-literacki-im-tadeusza-staicha-rozstrzygniety\/czerwony-dwor-13\/'><img width=\"150\" height=\"150\" src=\"http:\/\/archiwum.festiwale.zakopane.pl\/festiwal-folkloru\/wp-content\/uploads\/sites\/13\/2021\/08\/Czerwony-Dwor-13-150x150.jpg\" class=\"attachment-thumbnail size-thumbnail\" alt=\"\" loading=\"lazy\" \/><\/a>\n\t\t\t<\/div><\/figure><figure class='gallery-item'>\n\t\t\t<div class='gallery-icon landscape'>\n\t\t\t\t<a href='http:\/\/archiwum.festiwale.zakopane.pl\/festiwal-folkloru\/2021\/08\/12\/50-ogolnopolski-konkurs-literacki-im-tadeusza-staicha-rozstrzygniety\/czerwony-dwor-14\/'><img width=\"150\" height=\"150\" src=\"http:\/\/archiwum.festiwale.zakopane.pl\/festiwal-folkloru\/wp-content\/uploads\/sites\/13\/2021\/08\/Czerwony-Dwor-14-150x150.jpg\" class=\"attachment-thumbnail size-thumbnail\" alt=\"\" loading=\"lazy\" \/><\/a>\n\t\t\t<\/div><\/figure><figure class='gallery-item'>\n\t\t\t<div class='gallery-icon landscape'>\n\t\t\t\t<a href='http:\/\/archiwum.festiwale.zakopane.pl\/festiwal-folkloru\/2021\/08\/12\/50-ogolnopolski-konkurs-literacki-im-tadeusza-staicha-rozstrzygniety\/czerwony-dwor-15\/'><img width=\"150\" height=\"150\" src=\"http:\/\/archiwum.festiwale.zakopane.pl\/festiwal-folkloru\/wp-content\/uploads\/sites\/13\/2021\/08\/Czerwony-Dwor-15-150x150.jpg\" class=\"attachment-thumbnail size-thumbnail\" alt=\"\" loading=\"lazy\" \/><\/a>\n\t\t\t<\/div><\/figure><figure class='gallery-item'>\n\t\t\t<div class='gallery-icon landscape'>\n\t\t\t\t<a href='http:\/\/archiwum.festiwale.zakopane.pl\/festiwal-folkloru\/2021\/08\/12\/50-ogolnopolski-konkurs-literacki-im-tadeusza-staicha-rozstrzygniety\/czerwony-dwor-16\/'><img width=\"150\" height=\"150\" src=\"http:\/\/archiwum.festiwale.zakopane.pl\/festiwal-folkloru\/wp-content\/uploads\/sites\/13\/2021\/08\/Czerwony-Dwor-16-150x150.jpg\" class=\"attachment-thumbnail size-thumbnail\" alt=\"\" loading=\"lazy\" \/><\/a>\n\t\t\t<\/div><\/figure><figure class='gallery-item'>\n\t\t\t<div class='gallery-icon landscape'>\n\t\t\t\t<a href='http:\/\/archiwum.festiwale.zakopane.pl\/festiwal-folkloru\/2021\/08\/12\/50-ogolnopolski-konkurs-literacki-im-tadeusza-staicha-rozstrzygniety\/czerwony-dwor-18\/'><img width=\"150\" height=\"150\" src=\"http:\/\/archiwum.festiwale.zakopane.pl\/festiwal-folkloru\/wp-content\/uploads\/sites\/13\/2021\/08\/Czerwony-Dwor-18-150x150.jpg\" class=\"attachment-thumbnail size-thumbnail\" alt=\"\" loading=\"lazy\" \/><\/a>\n\t\t\t<\/div><\/figure><figure class='gallery-item'>\n\t\t\t<div class='gallery-icon landscape'>\n\t\t\t\t<a href='http:\/\/archiwum.festiwale.zakopane.pl\/festiwal-folkloru\/2021\/08\/12\/50-ogolnopolski-konkurs-literacki-im-tadeusza-staicha-rozstrzygniety\/czerwony-dwor-17\/'><img width=\"150\" height=\"150\" src=\"http:\/\/archiwum.festiwale.zakopane.pl\/festiwal-folkloru\/wp-content\/uploads\/sites\/13\/2021\/08\/Czerwony-Dwor-17-150x150.jpg\" class=\"attachment-thumbnail size-thumbnail\" alt=\"\" loading=\"lazy\" \/><\/a>\n\t\t\t<\/div><\/figure>\n\t\t<\/div>\n\n","protected":false},"excerpt":{"rendered":"<p>Na zako\u0144czenie dzisiejszego dnia, tak\u017ce w ogrodzie Willi Czerwony Dw\u00f3r, poznali\u015bmy laureat\u00f3w jubileuszowego 50. Og\u00f3lnopolskiego [&hellip;]<\/p>\n","protected":false},"author":5,"featured_media":1195,"comment_status":"closed","ping_status":"closed","sticky":false,"template":"","format":"standard","meta":[],"categories":[1],"tags":[],"acf":[],"_links":{"self":[{"href":"http:\/\/archiwum.festiwale.zakopane.pl\/festiwal-folkloru\/wp-json\/wp\/v2\/posts\/1191"}],"collection":[{"href":"http:\/\/archiwum.festiwale.zakopane.pl\/festiwal-folkloru\/wp-json\/wp\/v2\/posts"}],"about":[{"href":"http:\/\/archiwum.festiwale.zakopane.pl\/festiwal-folkloru\/wp-json\/wp\/v2\/types\/post"}],"author":[{"embeddable":true,"href":"http:\/\/archiwum.festiwale.zakopane.pl\/festiwal-folkloru\/wp-json\/wp\/v2\/users\/5"}],"replies":[{"embeddable":true,"href":"http:\/\/archiwum.festiwale.zakopane.pl\/festiwal-folkloru\/wp-json\/wp\/v2\/comments?post=1191"}],"version-history":[{"count":1,"href":"http:\/\/archiwum.festiwale.zakopane.pl\/festiwal-folkloru\/wp-json\/wp\/v2\/posts\/1191\/revisions"}],"predecessor-version":[{"id":1205,"href":"http:\/\/archiwum.festiwale.zakopane.pl\/festiwal-folkloru\/wp-json\/wp\/v2\/posts\/1191\/revisions\/1205"}],"wp:featuredmedia":[{"embeddable":true,"href":"http:\/\/archiwum.festiwale.zakopane.pl\/festiwal-folkloru\/wp-json\/wp\/v2\/media\/1195"}],"wp:attachment":[{"href":"http:\/\/archiwum.festiwale.zakopane.pl\/festiwal-folkloru\/wp-json\/wp\/v2\/media?parent=1191"}],"wp:term":[{"taxonomy":"category","embeddable":true,"href":"http:\/\/archiwum.festiwale.zakopane.pl\/festiwal-folkloru\/wp-json\/wp\/v2\/categories?post=1191"},{"taxonomy":"post_tag","embeddable":true,"href":"http:\/\/archiwum.festiwale.zakopane.pl\/festiwal-folkloru\/wp-json\/wp\/v2\/tags?post=1191"}],"curies":[{"name":"wp","href":"https:\/\/api.w.org\/{rel}","templated":true}]}}