{"id":1185,"date":"2021-08-12T21:10:22","date_gmt":"2021-08-12T19:10:22","guid":{"rendered":"https:\/\/festiwale.zakopane.pl\/festiwal-folkloru\/?p=1185"},"modified":"2021-08-12T21:19:57","modified_gmt":"2021-08-12T19:19:57","slug":"wystawa-portret-folkloru-swiata-jerzego-z-kosiuczenko-juz-otwarta","status":"publish","type":"post","link":"http:\/\/archiwum.festiwale.zakopane.pl\/festiwal-folkloru\/2021\/08\/12\/wystawa-portret-folkloru-swiata-jerzego-z-kosiuczenko-juz-otwarta\/","title":{"rendered":"Wystawa \u201cPortret Folkloru \u015awiata\u201d Jerzego Z. Kosiuczenko ju\u017c otwarta!"},"content":{"rendered":"<p>Czwartkowego popo\u0142udnia mieli\u015bmy przyjemno\u015b\u0107 uczestniczy\u0107 w otwarciu jeszcze jednej wystawy fotograficznej, Pana Jerzego Z. Kosiuczenko, zatytu\u0142owanej <strong>\u201ePortret Folkloru \u015awiata. Moje spojrzenie\u201d<\/strong>.<\/p>\n<p>Pan Jerzy od wielu lat wiernie towarzyszy z aparatem fotograficznym w r\u0119ku Mi\u0119dzynarodowemu Festiwalowi Folkloru Ziem G\u00f3rskich w Zakopanem, by w czasie jego trwania pod\u0105\u017ca\u0107 w\u0142asnymi \u015bcie\u017ckami. Swoje zami\u0142owanie do folkloru i ludzi, a tak\u017ce do odkrywania pasji, energii i emocji, kt\u00f3re kryj\u0105 si\u0119 w ich spojrzeniu, zamyka w niesamowitych kadrach, kt\u00f3re zdobi\u0105 nasz\u0105 festiwalow\u0105 galeri\u0119. Pana Jerzego zwykle spotka\u0107 mo\u017cna za scen\u0105, na zapleczu. Nigdy nie robi portretowych zdj\u0119\u0107 z zaskoczenia, musi nawi\u0105za\u0107 najpierw wi\u0119\u017a z fotografowan\u0105 osob\u0105. Ma to potem wyraz w wymownym spojrzeniu, u\u015bmiechu lub innych emocjach maluj\u0105cych si\u0119 na twarzach.<\/p>\n<p>O tw\u00f3rczo\u015bci, a przede wszystkim o pasji Pana Jerzego, mieli\u015bmy okazj\u0119 us\u0142ysze\u0107 w trakcie wernisa\u017cu, maj\u0105cego miejsce w Centrum Kultury Rodzimej Czerwony Dw\u00f3r.<\/p>\n<p><strong>Malownicze i pe\u0142ne uczu\u0107 fotografie b\u0119dzie mo\u017cna ogl\u0105da\u0107 do ko\u0144ca sierpnia.<\/strong><\/p>\n<div id='gallery-1' class='gallery galleryid-1185 gallery-columns-4 gallery-size-thumbnail'><figure class='gallery-item'>\n\t\t\t<div class='gallery-icon landscape'>\n\t\t\t\t<a href='http:\/\/archiwum.festiwale.zakopane.pl\/festiwal-folkloru\/2021\/08\/12\/wystawa-portret-folkloru-swiata-jerzego-z-kosiuczenko-juz-otwarta\/czerwony-dwor-6\/'><img width=\"150\" height=\"150\" src=\"http:\/\/archiwum.festiwale.zakopane.pl\/festiwal-folkloru\/wp-content\/uploads\/sites\/13\/2021\/08\/Czerwony-Dwor-6-150x150.jpg\" class=\"attachment-thumbnail size-thumbnail\" alt=\"\" loading=\"lazy\" \/><\/a>\n\t\t\t<\/div><\/figure><figure class='gallery-item'>\n\t\t\t<div class='gallery-icon landscape'>\n\t\t\t\t<a href='http:\/\/archiwum.festiwale.zakopane.pl\/festiwal-folkloru\/2021\/08\/12\/wystawa-portret-folkloru-swiata-jerzego-z-kosiuczenko-juz-otwarta\/czerwony-dwor-7\/'><img width=\"150\" height=\"150\" src=\"http:\/\/archiwum.festiwale.zakopane.pl\/festiwal-folkloru\/wp-content\/uploads\/sites\/13\/2021\/08\/Czerwony-Dwor-7-150x150.jpg\" class=\"attachment-thumbnail size-thumbnail\" alt=\"\" loading=\"lazy\" \/><\/a>\n\t\t\t<\/div><\/figure><figure class='gallery-item'>\n\t\t\t<div class='gallery-icon landscape'>\n\t\t\t\t<a href='http:\/\/archiwum.festiwale.zakopane.pl\/festiwal-folkloru\/2021\/08\/12\/wystawa-portret-folkloru-swiata-jerzego-z-kosiuczenko-juz-otwarta\/czerwony-dwor-9\/'><img width=\"150\" height=\"150\" src=\"http:\/\/archiwum.festiwale.zakopane.pl\/festiwal-folkloru\/wp-content\/uploads\/sites\/13\/2021\/08\/Czerwony-Dwor-9-150x150.jpg\" class=\"attachment-thumbnail size-thumbnail\" alt=\"\" loading=\"lazy\" \/><\/a>\n\t\t\t<\/div><\/figure><figure class='gallery-item'>\n\t\t\t<div class='gallery-icon landscape'>\n\t\t\t\t<a href='http:\/\/archiwum.festiwale.zakopane.pl\/festiwal-folkloru\/2021\/08\/12\/wystawa-portret-folkloru-swiata-jerzego-z-kosiuczenko-juz-otwarta\/czerwony-dwor-5\/'><img width=\"150\" height=\"150\" src=\"http:\/\/archiwum.festiwale.zakopane.pl\/festiwal-folkloru\/wp-content\/uploads\/sites\/13\/2021\/08\/Czerwony-Dwor-5-150x150.jpg\" class=\"attachment-thumbnail size-thumbnail\" alt=\"\" loading=\"lazy\" \/><\/a>\n\t\t\t<\/div><\/figure>\n\t\t<\/div>\n\n","protected":false},"excerpt":{"rendered":"<p>Czwartkowego popo\u0142udnia mieli\u015bmy przyjemno\u015b\u0107 uczestniczy\u0107 w otwarciu jeszcze jednej wystawy fotograficznej, Pana Jerzego Z. Kosiuczenko, [&hellip;]<\/p>\n","protected":false},"author":5,"featured_media":1186,"comment_status":"closed","ping_status":"closed","sticky":false,"template":"","format":"standard","meta":[],"categories":[1],"tags":[],"acf":[],"_links":{"self":[{"href":"http:\/\/archiwum.festiwale.zakopane.pl\/festiwal-folkloru\/wp-json\/wp\/v2\/posts\/1185"}],"collection":[{"href":"http:\/\/archiwum.festiwale.zakopane.pl\/festiwal-folkloru\/wp-json\/wp\/v2\/posts"}],"about":[{"href":"http:\/\/archiwum.festiwale.zakopane.pl\/festiwal-folkloru\/wp-json\/wp\/v2\/types\/post"}],"author":[{"embeddable":true,"href":"http:\/\/archiwum.festiwale.zakopane.pl\/festiwal-folkloru\/wp-json\/wp\/v2\/users\/5"}],"replies":[{"embeddable":true,"href":"http:\/\/archiwum.festiwale.zakopane.pl\/festiwal-folkloru\/wp-json\/wp\/v2\/comments?post=1185"}],"version-history":[{"count":1,"href":"http:\/\/archiwum.festiwale.zakopane.pl\/festiwal-folkloru\/wp-json\/wp\/v2\/posts\/1185\/revisions"}],"predecessor-version":[{"id":1190,"href":"http:\/\/archiwum.festiwale.zakopane.pl\/festiwal-folkloru\/wp-json\/wp\/v2\/posts\/1185\/revisions\/1190"}],"wp:featuredmedia":[{"embeddable":true,"href":"http:\/\/archiwum.festiwale.zakopane.pl\/festiwal-folkloru\/wp-json\/wp\/v2\/media\/1186"}],"wp:attachment":[{"href":"http:\/\/archiwum.festiwale.zakopane.pl\/festiwal-folkloru\/wp-json\/wp\/v2\/media?parent=1185"}],"wp:term":[{"taxonomy":"category","embeddable":true,"href":"http:\/\/archiwum.festiwale.zakopane.pl\/festiwal-folkloru\/wp-json\/wp\/v2\/categories?post=1185"},{"taxonomy":"post_tag","embeddable":true,"href":"http:\/\/archiwum.festiwale.zakopane.pl\/festiwal-folkloru\/wp-json\/wp\/v2\/tags?post=1185"}],"curies":[{"name":"wp","href":"https:\/\/api.w.org\/{rel}","templated":true}]}}