{"id":1171,"date":"2021-08-12T21:04:50","date_gmt":"2021-08-12T19:04:50","guid":{"rendered":"https:\/\/festiwale.zakopane.pl\/festiwal-folkloru\/?p=1171"},"modified":"2021-08-12T21:18:52","modified_gmt":"2021-08-12T19:18:52","slug":"otwarcie-plenerowej-pokonkursowej-wystawy-fotografii-zywiol-folkloru-2019","status":"publish","type":"post","link":"http:\/\/archiwum.festiwale.zakopane.pl\/festiwal-folkloru\/2021\/08\/12\/otwarcie-plenerowej-pokonkursowej-wystawy-fotografii-zywiol-folkloru-2019\/","title":{"rendered":"Otwarcie plenerowej pokonkursowej wystawy fotografii \u201c\u017bywio\u0142 Folkloru 2019\u201d"},"content":{"rendered":"<p>Pierwszy dzie\u0144 naszego Festiwalu rozpocz\u0119li\u015bmy od otwarcia wystawy fotografii <strong>\u201e\u017bywio\u0142 Folkloru 2019\u201d<\/strong>. Plansze z wydrukowanymi zdj\u0119ciami laureat\u00f3w mo\u017cna podziwia\u0107 niedaleko Oczka Wodnego na Krup\u00f3wkach. W kategorii dziennikarzy i fotoreporter\u00f3w pierwsze miejsce zaj\u0105\u0142 Tomasz Osuchowski z Zakopanego, nagrod\u0119 publiczno\u015bci natomiast otrzyma\u0142a Sylwia \u017bo\u0142\u0105dek ze Szczecina. Ca\u0142o\u015bci wydarzenia towarzyszy\u0142a g\u00f3ralska muzyka Parafialnego Regionalnego Zespo\u0142u Giewont.<\/p>\n<p>W trakcie otwarcia galerii zosta\u0142a r\u00f3wnie\u017c zapowiedziana kolejna, si\u00f3dma edycja konkursu fotograficznego. Serdecznie zach\u0119camy zar\u00f3wno akredytowanych przy Festiwalu dziennikarzy, jak i uczestnicz\u0105c\u0105 w 52. MFFZG publiczno\u015b\u0107, do wzi\u0119cia udzia\u0142u w \u201e\u017bywiole Folkloru 2021\u201d. Wsp\u00f3lnie stw\u00f3rzmy kolejn\u0105 galeri\u0119 przedstawiaj\u0105c\u0105 wielowymiarowe pi\u0119kno kultur, malownicze barwy, taniec, tradycje oraz muzyk\u0119 g\u00f3rali z ca\u0142ego \u015bwiata.<\/p>\n<p>Prace mo\u017cna nadsy\u0142a\u0107 w terminie od 1 do 30 wrze\u015bnia 2021r. Nagrodzone fotografie zaprezentowane zostan\u0105 w trakcie kolejnej edycji Mi\u0119dzynarodowego Festiwalu Folkloru Ziem G\u00f3rskich w Zakopanem.<\/p>\n<p><strong>Wi\u0119cej informacji o konkursie:<\/strong> <a href=\"http:\/\/archiwum.festiwale.zakopane.pl\/festiwal-folkloru\/2021\/07\/28\/konkurs-fotograficzny-zywiol-folkloru\/\">Konkurs fotograficzny \u201e\u017bywio\u0142 Folkloru\u201d \u2013 Festiwal Folkloru 2021 (festiwale.zakopane.pl)<\/a><\/p>\n<div id='gallery-1' class='gallery galleryid-1171 gallery-columns-3 gallery-size-thumbnail'><figure class='gallery-item'>\n\t\t\t<div class='gallery-icon landscape'>\n\t\t\t\t<a href='http:\/\/archiwum.festiwale.zakopane.pl\/festiwal-folkloru\/2021\/08\/12\/otwarcie-plenerowej-pokonkursowej-wystawy-fotografii-zywiol-folkloru-2019\/zywiol-folkloru-10\/'><img width=\"150\" height=\"150\" src=\"http:\/\/archiwum.festiwale.zakopane.pl\/festiwal-folkloru\/wp-content\/uploads\/sites\/13\/2021\/08\/Zywiol-Folkloru-10-150x150.jpg\" class=\"attachment-thumbnail size-thumbnail\" alt=\"\" loading=\"lazy\" \/><\/a>\n\t\t\t<\/div><\/figure><figure class='gallery-item'>\n\t\t\t<div class='gallery-icon landscape'>\n\t\t\t\t<a href='http:\/\/archiwum.festiwale.zakopane.pl\/festiwal-folkloru\/2021\/08\/12\/otwarcie-plenerowej-pokonkursowej-wystawy-fotografii-zywiol-folkloru-2019\/dsc_0115\/'><img width=\"150\" height=\"150\" src=\"http:\/\/archiwum.festiwale.zakopane.pl\/festiwal-folkloru\/wp-content\/uploads\/sites\/13\/2021\/08\/DSC_0115-150x150.jpg\" class=\"attachment-thumbnail size-thumbnail\" alt=\"\" loading=\"lazy\" \/><\/a>\n\t\t\t<\/div><\/figure><figure class='gallery-item'>\n\t\t\t<div class='gallery-icon landscape'>\n\t\t\t\t<a href='http:\/\/archiwum.festiwale.zakopane.pl\/festiwal-folkloru\/2021\/08\/12\/otwarcie-plenerowej-pokonkursowej-wystawy-fotografii-zywiol-folkloru-2019\/zywiol-folkloru-1\/'><img width=\"150\" height=\"150\" src=\"http:\/\/archiwum.festiwale.zakopane.pl\/festiwal-folkloru\/wp-content\/uploads\/sites\/13\/2021\/08\/Zywiol-Folkloru-1-150x150.jpg\" class=\"attachment-thumbnail size-thumbnail\" alt=\"\" loading=\"lazy\" \/><\/a>\n\t\t\t<\/div><\/figure><figure class='gallery-item'>\n\t\t\t<div class='gallery-icon landscape'>\n\t\t\t\t<a href='http:\/\/archiwum.festiwale.zakopane.pl\/festiwal-folkloru\/2021\/08\/12\/otwarcie-plenerowej-pokonkursowej-wystawy-fotografii-zywiol-folkloru-2019\/zywiol-folkloru-2\/'><img width=\"150\" height=\"150\" src=\"http:\/\/archiwum.festiwale.zakopane.pl\/festiwal-folkloru\/wp-content\/uploads\/sites\/13\/2021\/08\/Zywiol-Folkloru-2-150x150.jpg\" class=\"attachment-thumbnail size-thumbnail\" alt=\"\" loading=\"lazy\" \/><\/a>\n\t\t\t<\/div><\/figure><figure class='gallery-item'>\n\t\t\t<div class='gallery-icon landscape'>\n\t\t\t\t<a href='http:\/\/archiwum.festiwale.zakopane.pl\/festiwal-folkloru\/2021\/08\/12\/otwarcie-plenerowej-pokonkursowej-wystawy-fotografii-zywiol-folkloru-2019\/zywiol-folkloru-3\/'><img width=\"150\" height=\"150\" src=\"http:\/\/archiwum.festiwale.zakopane.pl\/festiwal-folkloru\/wp-content\/uploads\/sites\/13\/2021\/08\/Zywiol-Folkloru-3-150x150.jpg\" class=\"attachment-thumbnail size-thumbnail\" alt=\"\" loading=\"lazy\" \/><\/a>\n\t\t\t<\/div><\/figure><figure class='gallery-item'>\n\t\t\t<div class='gallery-icon landscape'>\n\t\t\t\t<a href='http:\/\/archiwum.festiwale.zakopane.pl\/festiwal-folkloru\/2021\/08\/12\/otwarcie-plenerowej-pokonkursowej-wystawy-fotografii-zywiol-folkloru-2019\/zywiol-folkloru-7\/'><img width=\"150\" height=\"150\" src=\"http:\/\/archiwum.festiwale.zakopane.pl\/festiwal-folkloru\/wp-content\/uploads\/sites\/13\/2021\/08\/Zywiol-Folkloru-7-150x150.jpg\" class=\"attachment-thumbnail size-thumbnail\" alt=\"\" loading=\"lazy\" \/><\/a>\n\t\t\t<\/div><\/figure><figure class='gallery-item'>\n\t\t\t<div class='gallery-icon landscape'>\n\t\t\t\t<a href='http:\/\/archiwum.festiwale.zakopane.pl\/festiwal-folkloru\/2021\/08\/12\/otwarcie-plenerowej-pokonkursowej-wystawy-fotografii-zywiol-folkloru-2019\/zywiol-folkloru-6\/'><img width=\"150\" height=\"150\" src=\"http:\/\/archiwum.festiwale.zakopane.pl\/festiwal-folkloru\/wp-content\/uploads\/sites\/13\/2021\/08\/Zywiol-Folkloru-6-150x150.jpg\" class=\"attachment-thumbnail size-thumbnail\" alt=\"\" loading=\"lazy\" \/><\/a>\n\t\t\t<\/div><\/figure><figure class='gallery-item'>\n\t\t\t<div class='gallery-icon landscape'>\n\t\t\t\t<a href='http:\/\/archiwum.festiwale.zakopane.pl\/festiwal-folkloru\/2021\/08\/12\/otwarcie-plenerowej-pokonkursowej-wystawy-fotografii-zywiol-folkloru-2019\/zywiol-folkloru-4\/'><img width=\"150\" height=\"150\" src=\"http:\/\/archiwum.festiwale.zakopane.pl\/festiwal-folkloru\/wp-content\/uploads\/sites\/13\/2021\/08\/Zywiol-Folkloru-4-150x150.jpg\" class=\"attachment-thumbnail size-thumbnail\" alt=\"\" loading=\"lazy\" \/><\/a>\n\t\t\t<\/div><\/figure><figure class='gallery-item'>\n\t\t\t<div class='gallery-icon landscape'>\n\t\t\t\t<a href='http:\/\/archiwum.festiwale.zakopane.pl\/festiwal-folkloru\/2021\/08\/12\/otwarcie-plenerowej-pokonkursowej-wystawy-fotografii-zywiol-folkloru-2019\/zywiol-folkloru-5\/'><img width=\"150\" height=\"150\" src=\"http:\/\/archiwum.festiwale.zakopane.pl\/festiwal-folkloru\/wp-content\/uploads\/sites\/13\/2021\/08\/Zywiol-Folkloru-5-150x150.jpg\" class=\"attachment-thumbnail size-thumbnail\" alt=\"\" loading=\"lazy\" \/><\/a>\n\t\t\t<\/div><\/figure>\n\t\t<\/div>\n\n","protected":false},"excerpt":{"rendered":"<p>Pierwszy dzie\u0144 naszego Festiwalu rozpocz\u0119li\u015bmy od otwarcia wystawy fotografii \u201e\u017bywio\u0142 Folkloru 2019\u201d. Plansze z wydrukowanymi [&hellip;]<\/p>\n","protected":false},"author":5,"featured_media":1181,"comment_status":"closed","ping_status":"closed","sticky":false,"template":"","format":"standard","meta":[],"categories":[1],"tags":[],"acf":[],"_links":{"self":[{"href":"http:\/\/archiwum.festiwale.zakopane.pl\/festiwal-folkloru\/wp-json\/wp\/v2\/posts\/1171"}],"collection":[{"href":"http:\/\/archiwum.festiwale.zakopane.pl\/festiwal-folkloru\/wp-json\/wp\/v2\/posts"}],"about":[{"href":"http:\/\/archiwum.festiwale.zakopane.pl\/festiwal-folkloru\/wp-json\/wp\/v2\/types\/post"}],"author":[{"embeddable":true,"href":"http:\/\/archiwum.festiwale.zakopane.pl\/festiwal-folkloru\/wp-json\/wp\/v2\/users\/5"}],"replies":[{"embeddable":true,"href":"http:\/\/archiwum.festiwale.zakopane.pl\/festiwal-folkloru\/wp-json\/wp\/v2\/comments?post=1171"}],"version-history":[{"count":3,"href":"http:\/\/archiwum.festiwale.zakopane.pl\/festiwal-folkloru\/wp-json\/wp\/v2\/posts\/1171\/revisions"}],"predecessor-version":[{"id":1184,"href":"http:\/\/archiwum.festiwale.zakopane.pl\/festiwal-folkloru\/wp-json\/wp\/v2\/posts\/1171\/revisions\/1184"}],"wp:featuredmedia":[{"embeddable":true,"href":"http:\/\/archiwum.festiwale.zakopane.pl\/festiwal-folkloru\/wp-json\/wp\/v2\/media\/1181"}],"wp:attachment":[{"href":"http:\/\/archiwum.festiwale.zakopane.pl\/festiwal-folkloru\/wp-json\/wp\/v2\/media?parent=1171"}],"wp:term":[{"taxonomy":"category","embeddable":true,"href":"http:\/\/archiwum.festiwale.zakopane.pl\/festiwal-folkloru\/wp-json\/wp\/v2\/categories?post=1171"},{"taxonomy":"post_tag","embeddable":true,"href":"http:\/\/archiwum.festiwale.zakopane.pl\/festiwal-folkloru\/wp-json\/wp\/v2\/tags?post=1171"}],"curies":[{"name":"wp","href":"https:\/\/api.w.org\/{rel}","templated":true}]}}