{"id":1151,"date":"2021-08-11T19:50:49","date_gmt":"2021-08-11T17:50:49","guid":{"rendered":"https:\/\/festiwale.zakopane.pl\/festiwal-folkloru\/?p=1151"},"modified":"2021-08-11T19:57:13","modified_gmt":"2021-08-11T17:57:13","slug":"wystawa-portret-folkloru-swiata-moje-spojrzenie","status":"publish","type":"post","link":"http:\/\/archiwum.festiwale.zakopane.pl\/festiwal-folkloru\/2021\/08\/11\/wystawa-portret-folkloru-swiata-moje-spojrzenie\/","title":{"rendered":"Wystawa &#8222;Portret Folkloru \u015awiata. Moje spojrzenie&#8221;"},"content":{"rendered":"<p><strong>W czwartek 12 sierpnia o godz. 17:00 zapraszamy do Centrum Kultury Rodzimej Czerwony Dw\u00f3r na otwarcie wystawy fotografii Jerzego Z. Kosiuczenko &#8222;Portret Folkloru \u015awiata. Moje spojrzenie&#8221;.<\/strong><\/p>\n<p>Zami\u0142owanie do fotografii, folkloru i ludzi, a tak\u017ce do odkrywania pasji, energii i emocji, kt\u00f3re kryj\u0105 si\u0119 w ich spojrzeniu &#8211; to z pewno\u015bci\u0105 wyr\u00f3\u017cnia Jerzego Z. Kosiuczenko w\u015br\u00f3d autor\u00f3w festiwalowych zdj\u0119\u0107. Od wielu lat wiernie towarzyszy on z aparatem fotograficznym w r\u0119ku Mi\u0119dzynarodowemu Festiwalowi Folkloru Ziem G\u00f3rskich w Zakopanem, by w czasie jego trwania pod\u0105\u017ca\u0107 w\u0142asnymi \u015bcie\u017ckami. Nie dokumentuje, nie poszukuje artystycznych kadr\u00f3w podczas scenicznych wyst\u0119p\u00f3w. Zwykle spotka\u0107 go mo\u017cna za scen\u0105, na zapleczu. Dla niego Festiwal to przede wszystkim spotkanie z lud\u017ami, mo\u017cliwo\u015b\u0107 nawi\u0105zania kontakt\u00f3w, cz\u0119sto nawet przyja\u017ani. Jak sam m\u00f3wi, nigdy nie robi portretowych zdj\u0119\u0107 z zaskoczenia, musi nawi\u0105za\u0107 najpierw wi\u0119\u017a z fotografowan\u0105 osob\u0105. Ma to potem wyraz w wymownym spojrzeniu, u\u015bmiechu lub innych emocjach maluj\u0105cych si\u0119 na twarzach. Dzi\u0119ki temu te portrety maj\u0105 swoj\u0105 g\u0142\u0119bi\u0119, nios\u0105 wyj\u0105tkowy przekaz o ludziach, dla kt\u00f3rych folklor, wierno\u015b\u0107 tradycji, maj\u0105 wyj\u0105tkow\u0105 warto\u015b\u0107, kt\u00f3rzy anga\u017cuj\u0105 si\u0119 ca\u0142ym sob\u0105, by tu i teraz, podczas Festiwalu, da\u0107 temu pe\u0142en wyraz. Niemal\u017ce ods\u0142aniaj\u0105 swoj\u0105 duchowo\u015b\u0107\u2026 Takie w\u0142a\u015bnie jest spojrzenie Jerzego Z. Kosiuczenko na Folklor, przez pryzmat prezentuj\u0105cych go ludzi.<\/p>\n<p>Do poszukiwania ukrytego sensu wystawy jej Autor sk\u0142ania nas tak\u017ce poprzez zaskakuj\u0105c\u0105 gr\u0119 s\u0142\u00f3w samego tytu\u0142y \u201ePortret Folkloru \u015awiata\u201d. Czym jest Folklor? Czy \u015awiat ma sw\u00f3j Folklor? Czy mo\u017ce istnie\u0107 bez Folkloru? Czy wobec tego Folklor jest nam potrzebny? Co o Folklorze mo\u017cna wyczyta\u0107 z portret\u00f3w ludzi \u2013 tancerzy, \u015bpiewak\u00f3w, muzyk\u00f3w\u2026 Jak Folklor r\u00f3\u017cnych region\u00f3w \u015bwiata si\u0119 przenika i czy tak by\u0107 powinno? Czy da si\u0119 go sportretowa\u0107, czy jest czym\u015b ulotnym, nieuchwytnym, przez ka\u017cdego rozumianym inaczej\u2026<\/p>\n<p>Na wystawie opr\u00f3cz zdj\u0119\u0107 z zakopia\u0144skiego Festiwalu znajdziemy tak\u017ce portrety wykonane podczas warszawskiego Festiwalu Skrzy\u017cowanie Kultur, Festiwalu Muzyki Folkowej Polskiego Radia \u201eNowa Tradycja\u201d oraz tyrolskiego Festiwalu Orkiestr Marszowych.<\/p>\n<p><strong>Jerzy Z. Kosiuczenko,<\/strong> urodzi\u0142 si\u0119 w polskim w\u00f3wczas Grodnie, mieszka w Warszawie, jest absolwentem i wyk\u0142adowc\u0105 Politechniki Warszawskiej. W trakcie studi\u00f3w realizowa\u0142 swoje artystyczne zami\u0142owania w ogniskach plastycznych m.in. przy Akademii Sztuk Pi\u0119knych w Warszawie pod opiek\u0105 artysty malarza Tadeusza Bo\u0142oza\u00a0 i prof. Barbary Joncher. Fotografi\u0105 zacz\u0105\u0142 si\u0119 powa\u017cniej interesowa\u0107 od czasu pracy naukowej nad elektrofotografi\u0105.<\/p>\n<p>Od wielu lat, zafascynowany g\u00f3ralszczyzn\u0105, jest sta\u0142ym go\u015bciem podczas wielu folklorystycznych wydarze\u0144 w Zakopanem i na Podhalu. Ma tutaj wielu przyjaci\u00f3\u0142. Zajmuje si\u0119 tak\u017ce fotografowaniem Madonn pochodz\u0105cych z r\u00f3\u017cnych cz\u0119\u015bci Europy. Jest autorem kilkunastu wystaw pokazywanych w kraju i zagranic\u0105. Jego zdj\u0119cia by\u0142y tak\u017ce kilkakrotnie prezentowane podczas Mi\u0119dzynarodowego Festiwalu Folkloru Ziem G\u00f3rskich w Zakopanem.<\/p>\n<p>Ze wzgl\u0119du na silne zwi\u0105zki z tym wydarzeniem Jerzy Z. Kosiuczenko podczas tegorocznej edycji Festiwalu zdecydowa\u0142 si\u0119 przekaza\u0107 swoje festiwalowe fotografie jego organizatorom.<\/p>\n<p>Plenerow\u0105 wystaw\u0119 w ogrodzie willi Czerwony Dw\u00f3r b\u0119dzie mo\u017cna ogl\u0105da\u0107 do ko\u0144ca sierpnia.<\/p>\n","protected":false},"excerpt":{"rendered":"<p>W czwartek 12 sierpnia o godz. 17:00 zapraszamy do Centrum Kultury Rodzimej Czerwony Dw\u00f3r na [&hellip;]<\/p>\n","protected":false},"author":9,"featured_media":1152,"comment_status":"closed","ping_status":"closed","sticky":false,"template":"","format":"standard","meta":[],"categories":[1],"tags":[],"acf":[],"_links":{"self":[{"href":"http:\/\/archiwum.festiwale.zakopane.pl\/festiwal-folkloru\/wp-json\/wp\/v2\/posts\/1151"}],"collection":[{"href":"http:\/\/archiwum.festiwale.zakopane.pl\/festiwal-folkloru\/wp-json\/wp\/v2\/posts"}],"about":[{"href":"http:\/\/archiwum.festiwale.zakopane.pl\/festiwal-folkloru\/wp-json\/wp\/v2\/types\/post"}],"author":[{"embeddable":true,"href":"http:\/\/archiwum.festiwale.zakopane.pl\/festiwal-folkloru\/wp-json\/wp\/v2\/users\/9"}],"replies":[{"embeddable":true,"href":"http:\/\/archiwum.festiwale.zakopane.pl\/festiwal-folkloru\/wp-json\/wp\/v2\/comments?post=1151"}],"version-history":[{"count":2,"href":"http:\/\/archiwum.festiwale.zakopane.pl\/festiwal-folkloru\/wp-json\/wp\/v2\/posts\/1151\/revisions"}],"predecessor-version":[{"id":1154,"href":"http:\/\/archiwum.festiwale.zakopane.pl\/festiwal-folkloru\/wp-json\/wp\/v2\/posts\/1151\/revisions\/1154"}],"wp:featuredmedia":[{"embeddable":true,"href":"http:\/\/archiwum.festiwale.zakopane.pl\/festiwal-folkloru\/wp-json\/wp\/v2\/media\/1152"}],"wp:attachment":[{"href":"http:\/\/archiwum.festiwale.zakopane.pl\/festiwal-folkloru\/wp-json\/wp\/v2\/media?parent=1151"}],"wp:term":[{"taxonomy":"category","embeddable":true,"href":"http:\/\/archiwum.festiwale.zakopane.pl\/festiwal-folkloru\/wp-json\/wp\/v2\/categories?post=1151"},{"taxonomy":"post_tag","embeddable":true,"href":"http:\/\/archiwum.festiwale.zakopane.pl\/festiwal-folkloru\/wp-json\/wp\/v2\/tags?post=1151"}],"curies":[{"name":"wp","href":"https:\/\/api.w.org\/{rel}","templated":true}]}}