{"id":1130,"date":"2021-08-10T13:58:13","date_gmt":"2021-08-10T11:58:13","guid":{"rendered":"https:\/\/festiwale.zakopane.pl\/festiwal-folkloru\/?p=1130"},"modified":"2021-08-10T14:49:16","modified_gmt":"2021-08-10T12:49:16","slug":"52-miedzynarodowy-festiwal-folkloru-ziem-gorskich","status":"publish","type":"post","link":"http:\/\/archiwum.festiwale.zakopane.pl\/festiwal-folkloru\/2021\/08\/10\/52-miedzynarodowy-festiwal-folkloru-ziem-gorskich\/","title":{"rendered":"52. Mi\u0119dzynarodowy Festiwal Folkloru Ziem G\u00f3rskich"},"content":{"rendered":"<ol start=\"52\">\n<li><strong> Mi\u0119dzynarodowy Festiwal Folkloru Ziem G\u00f3rskich odb\u0119dzie si\u0119 w dniach 12 \u2013 20 sierpnia 2021 r. Ten najwi\u0119kszy festiwal organizowany w Zakopanem zwi\u0105zany jest z kultur\u0105 ludow\u0105, kt\u00f3ra jest si\u0142\u0105 naszego regionu. To ona, wraz z pi\u0119knem g\u00f3rskiego krajobrazu, od lat dzia\u0142a jak magnes, zach\u0119caj\u0105c do przyjazdu licznych turyst\u00f3w spragnionych kon\u00adtaktu z tradycj\u0105, kultywowan\u0105 tutaj pieczo\u0142owicie z pokolenia na pokolenie. <\/strong><\/li>\n<\/ol>\n<p><em>&#8211; Festiwal ma ten niezwyk\u0142y walor, \u017ce skupia ludzi szczeg\u00f3lnie zaanga\u017cowanych w trosk\u0119 o swoje dziedzictwo \u2013 nie tylko z Podhala, ale tak\u017ce z ca\u0142ej Polski, Europy i \u015awiata, pozwalaj\u0105c na wzajemne poznanie i wymian\u0119 do\u015bwiadcze\u0144. Dzi\u0119ki temu autentyzm przekazu tak skutecznie trafia do publiczno\u015bci festiwalowej, chwytaj\u0105c za serce, ale tak\u017ce daj\u0105c rado\u015b\u0107, energi\u0119 i wci\u0105gaj\u0105c we wsp\u00f3ln\u0105 zabaw\u0119<\/em> \u2013 podkre\u015bla Burmistrz Miasta Zakopane Leszek Dorula.<\/p>\n<p>Co roku jest to wyj\u0105tkowe i barwne spotkanie ze sztuk\u0105, tradycj\u0105, obrz\u0119\u00addowo\u015bci\u0105, muzyk\u0105, \u015bpiewem, ta\u0144cem, strojem i gwar\u0105 g\u00f3rali z ca\u0142ego \u015bwiata. Dziel\u0105 si\u0119 oni z nami ca\u0142ym swoim bogactwem. Nie mo\u017ce w nim zabrakn\u0105\u0107 tak\u017ce regionalnej kuchni.<\/p>\n<p><em>&#8211; Tegoroczna edycja pod tym wzgl\u0119dem jest szczeg\u00f3lna. Zgodnie z has\u0142em \u201eOd snopka do talerza\u201d b\u0119dzie po\u015bwi\u0119cona obrz\u0119dom i tradycjom zwi\u0105zanym z prac\u0105 na roli, produktom rolnym i ich wykorzy\u00adstaniu w regionalnej kuchni \u2013 w tradycyjnym oraz nowocze\u00adsnym wydaniu. Zaprezentowana zostanie Ksi\u0119ga Kulinarna zbieraj\u0105ca przepisy na najlepsze potrawy g\u00f3rali z ca\u0142ego \u015bwia\u00adta. Odb\u0119d\u0105 si\u0119 tak\u017ce pokazy i degustacje. Chcemy pokaza\u0107, \u017ce g\u00f3ralszczyzna ma smak!<\/em> \u2013 wyja\u015bnia Zast\u0119pca Burmistrza Agnieszka Nowak-G\u0105sienica.<\/p>\n<p>Podczas konferencji naukowej prelegenci prezentowa\u0107 b\u0119d\u0105 zagadnienia dotycz\u0105ce obrz\u0119d\u00f3w, zwyczaj\u00f3w i pie\u015bni zwi\u0105zanych z po\u017cywieniem w kontek\u015bcie codzienno\u015bci i \u015bwi\u0119ta. Go\u015bciem konferencji i Festiwalu b\u0119dzie Bartek Kie\u017cun \u2013 dziennikarz kulinarny i autor nagrodzony World Gourmand Cookbook Awards i Nagrod\u0105 Magellana. Z wykszta\u0142cenia antropolog kultury, z zami\u0142owania kucharz. Autor ksi\u0105\u017cek <em>Italia do zjedzenia<\/em>, <em>Portugalia do zjedzenia<\/em> i <em>Stambu\u0142 do zjedzenia<\/em>.<\/p>\n<p><em>&#8211; Festiwal to z jednej strony wspania\u0142e widowisko i rozrywka dla publiczno\u015bci, a z drugiej strony k\u0142adziemy nacisk na jego walory etnograficzne. Dbamy o zachowanie wypracowanej przez lata formu\u0142y konkursowej, o wysoki poziom wyst\u0119p\u00f3w i profesjonalny sk\u0142ad jury. Konkurs jest najwa\u017cniejsz\u0105 cz\u0119\u015bci\u0105 Festiwalu, a wok\u00f3\u0142 niego budujemy bogaty program pe\u0142en innych ciekawych wydarze\u0144 i atrakcji<\/em> \u2013 dodaje Dyrektor Festiwalu Joanna Staszak.<\/p>\n<p>Zobaczymy wi\u0119c przede wszystkim wyst\u0119py zespo\u0142\u00f3w prezentuj\u0105\u00adcych g\u00f3ralski folklor i rywalizuj\u0105cych o \u201eZ\u0142ote Ciupagi\u201d. Przyjad\u0105 one do Zakopanego z Bu\u0142garii, Czarnog\u00f3ry, Macedonii, Rumunii, Serbii, Turcji, Ukrainy i W\u0142och. Do udzia\u0142u w festiwalu zakwalifikowa\u0142y si\u0119 tak\u017ce cztery polskie zespo\u0142y wytypowane przez jury Festiwalu Folkloru G\u00f3rali Polskich w \u017bywcu: <em>Zbyrcok<\/em> z Juszczyna (Beskid Makowski), <em>Istebna<\/em> z Istebnej (Beskid \u015al\u0105ski), <em>Lachy<\/em> z Nowego S\u0105cza oraz <em>Regle<\/em> z Poronina, kt\u00f3re b\u0119d\u0105 reprezentowa\u0107 Skalne Podhale. Ocenia\u0107 je b\u0119dzie mi\u0119dzynarodowe Jury pod przewodnictwem dr Bo\u017ceny Lewandowskiej. Przedstawiciele wszystkich grup wezm\u0105 udzia\u0142 tak\u017ce w zmaganiach o Saba\u0142owe G\u0119\u015ble oraz Zbyrcoki w ramach Mi\u0119dzynarodowego Konkursu Kapel, Instru\u00admentalist\u00f3w i \u015apiewak\u00f3w Ludowych im. W\u0142adys\u0142awa Trebuni Tutki. Gospodarzami Festiwalu b\u0119d\u0105: Zesp\u00f3\u0142 Regionalny im. Klimka Bachledy i Parafialny Regionalny Zesp\u00f3\u0142 \u201eGiewont\u201d z Olczy. Na scenie podczas koncertu \u201eMali G\u00f3rale\u201d zobaczymy r\u00f3wnie\u017c zespo\u0142y dzieci\u0119ce &#8211; laureat\u00f3w XII Tatrza\u0144skiego Festiwalu Zespo\u0142\u00f3w G\u00f3ralskich Z\u0142ote Kierpce.<\/p>\n<p>Wydarzenie rozpocznie, jak co roku, barwny korow\u00f3d ulicami miasta, zako\u0144czony kr\u00f3tkimi pokazami ta\u0144c\u00f3w na ulicy Krup\u00f3wki. Festiwalowi towarzyszy\u0107 b\u0119d\u0105 tak\u017ce ciekawe warsztaty dla doros\u0142ych i animacje dla najm\u0142odszych, ciesz\u0105ce si\u0119 wielkim zainteresowaniem publiczno\u015bci Dni Narodowe oraz Kiermasz Sztuki Ludowej i Rzemios\u0142a Artystycznego. Zaprezentowane zostan\u0105 plenerowe wystawy prac nades\u0142anych na konkurs \u201eDzieci\u0119cy plakat festiwalowy\u201d, zdj\u0119\u0107 Jerzego Z. Kosiuczenko \u201ePortret Folkloru \u015awiata. Moje spojrzenie\u201d, a tak\u017ce zdj\u0119\u0107 laureat\u00f3w konkursu fotograficznego \u201e\u017bywio\u0142 Folkloru 2019\u201d oraz ekspozycja \u201eLudowe Instrumenta\u00adrium Ziem G\u00f3rskich\u201d przygotowana we wsp\u00f3\u0142pracy z Muzeum Ludowych Instrument\u00f3w Muzycznych w Szyd\u0142owcu. Poznamy laureat\u00f3w 50. Og\u00f3lnopolskiego Konkursu Literackiego im. Tadeusza Staicha na wiersz o tematyce g\u00f3rskiej. Odb\u0119d\u0105 si\u0119 Mistrzostwa Podhala w Powo\u017ceniu oraz Wystawa Owczark\u00f3w Podhala\u0144skich. Nie zabraknie spotka\u0144 z instrumentalistami podczas \u201eJarmarku \u015awi\u0119tej Cecylii\u201d. Tradycyjne wesele g\u00f3ralskie zaprezentuje zesp\u00f3\u0142 \u201eBia\u0142odunajcanie\u201d. Wsp\u00f3\u0142praca z Zarz\u0105dem G\u0142\u00f3wnym Zwi\u0105zku Podhalan oraz Oddzia\u0142em Zakopane zaowocuje organizacj\u0105 Dnia G\u00f3rali Polskich. Podczas Festiwalu b\u0119dzie mo\u017cna bawi\u0107 si\u0119 na pota\u0144c\u00f3wkach przy tradycyjnej muzyce g\u00f3ralskiej w wiosce festiwalowej. Na wydarzeniu go\u015bci\u0107 b\u0119dzie znany zesp\u00f3\u0142 folkowy Brathanki oraz zwyci\u0119zca tegorocznego Festi\u00adwalu Folkowego Polskiego Radia \u201eNowa Tradycja\u201d \u2013 zesp\u00f3\u0142 Zawierucha, a nowo\u015bci\u0105 b\u0119dzie koncert \u201eSi\u0142a korzeni\u201d promuj\u0105cy ksi\u0105\u017ck\u0119 \u201eMuzyka g\u00f3ralska\u201d autorstwa Krzysztofa Goca\u0142a. Festiwalowi towarzyszy\u0107 b\u0119dzie tak\u017ce si\u00f3dma edycja konkursu fotograficznego \u201e\u017bywio\u0142 Folkloru\u201d.<\/p>\n<p>Nad przygotowaniem wydarzenia pracuje powo\u0142ana przez Burmistrza Rada Artystyczna, w sk\u0142ad kt\u00f3rej weszli instruktorzy zakopia\u0144skich zespo\u0142\u00f3w regionalnych (Maria Kukuc-Fr\u0105czysta, Katarzyna Stacho\u0144 Groblowy, Tomasz Galica \u2013 Parafialny Regionalny Zesp\u00f3\u0142 Giewont, Zofia Kubiniec Stanuch &#8211; Zesp\u00f3\u0142 im. Klimka Bachledy) wraz z Dyrektor Festiwalu Joann\u0105 Staszak.<\/p>\n<p><strong>Festiwal otrzyma\u0142 Honorowy Patronat Prezydenta Rzeczypospolitej Polskiej Andrzeja Dudy oraz Ma\u0142\u017conki Prezydenta Pani Agaty Kornhauser-Dudy.<\/strong><\/p>\n<p><strong>\u00a0<\/strong><strong>Organizatorami Mi\u0119dzynarodowego Festiwalu Folkloru Ziem G\u00f3rskich s\u0105: <\/strong><strong><br \/>\nMIASTO ZAKOPANE, ZAKOPIA\u0143SKIE CENTRUM KULTURY.<\/strong><\/p>\n<p><strong>Wydarzenie dofinansowano ze \u015brodk\u00f3w MINISTERSTWA KULTURY, DZIEDZICTWA NARODOWEGO I SPORTU POCHODZ\u0104CYCH Z FUNDUSZU PROMOCJI KULTURY.<\/strong><\/p>\n<p><strong>Partnerem g\u0142\u00f3wnym wydarzenia jest WOJEW\u00d3DZTWO MA\u0141OPOLSKIE.<\/strong><\/p>\n<p><strong>Partnerem wydarzenia jest NARODOWY INSTYTUT KULTURY I DZIEDZICTWA WSI.<\/strong><\/p>\n<p><strong>Partnerami Festiwalu zostali:<\/strong><strong><br \/>\n<\/strong>UNIWERSYTET JAGIELLO\u0143SKI W KRAKOWIE, UNIWERSYTET PAPIESKI JANA PAW\u0141A II W KRAKOWIE, ZWI\u0104ZEK PODHALAN ODZIA\u0141 ZAKOPANE,\u00a0ZWI\u0104ZEK PODHALAN ZARZ\u0104D G\u0141\u00d3WNY, SOK\u00d3\u0141 MA\u0141OPOLSKIE CENTRUM KULTURY. INSTYTUCJA KULTURY WOJEW\u00d3DZTWA MA\u0141OPOLSKIEGO, TOWARZYSTWO GIMNASTYCZNE SOK\u00d3\u0141 GNIAZDO W ZAKOPANEM, TYDZIE\u0143 KULTURY BESKIDZKIEJ, MUZEUM LUDOWYCH INSTRUMENT\u00d3W MUZYCZNYCH W SZYD\u0141OWCU. JEDNOSTKA ORGANIZACYJNA SAMORZ\u0104DU WOJEW\u00d3DZTWA MAZOWIECKIEGO, TATRZA\u0143SKI PARK NARODOWY, SP\u00d3\u0141KA SPO\u0141EM ZAKOPANE, SIE\u0106 SKLEP\u00d3W GAMA ZAKOPANE, GARDENWIZJA, NOSALOWY\u00a0 PARK HOTEL &amp; SPA. NOSALOWY HOTELE,<br \/>\nFABRYKA S\u0141ODKO\u015aCI, G\u00d3RALSKA CHATA, CZARCI JAR, SP\u00d3\u0141KA SEWIK.<\/p>\n<p><strong>Patronami medialnymi wydarzenia zostali<\/strong>:<br \/>\nPOLSKIE RADIO, RADIOWE CENTRUM KULTURY LUDOWEJ, TVP 2, TVP INFO,<br \/>\nTVP 3 KRAK\u00d3W, RADIO KRAK\u00d3W, POLSKA PRESS GRUPA, DZIENNIK POLSKI, GAZETA KRAKOWSKA, PISMO FOLKOWE, ETNOSYSTEM, FOLK 24, KULTURA LUDOWA, KUKBUK, KWARTALNIK TATRY, GO\u015a\u0106 NIEDZIELNY, NIEDZIELA, TYGODNIK PODHALA\u0143SKI, G\u00d3RAL INFO, MA\u0141OPOLSKAONLINE, PODHALE24, PODHALE REGION, SERWIS WATRA, ZAKOPIEC INFO.<\/p>\n<p><strong><span class=\"d2edcug0 hpfvmrgz qv66sw1b c1et5uql lr9zc1uh a8c37x1j keod5gw0 nxhoafnm aigsh9s9 d3f4x2em fe6kdd0r mau55g9w c8b282yb iv3no6db jq4qci2q a3bd9o3v knj5qynh oo9gr5id hzawbc8m\">W celu rezerwacji miejsca nale\u017cy wej\u015b\u0107 na stron\u0119: <a class=\"oajrlxb2 g5ia77u1 qu0x051f esr5mh6w e9989ue4 r7d6kgcz rq0escxv nhd2j8a9 nc684nl6 p7hjln8o kvgmc6g5 cxmmr5t8 oygrvhab hcukyx3x jb3vyjys rz4wbd8a qt6c0cv9 a8nywdso i1ao9s8h esuyzwwr f1sip0of lzcic4wl py34i1dx gpro0wi8\" role=\"link\" href=\"https:\/\/www.zakopane.pl\/rejestracja-na-wydarzenia?fbclid=IwAR25iidAcRiZxk-t2c28VZ1CSPPzMfoPFRjdXwxUXKTEsxJDROghwg2w1O4#\/\" target=\"_blank\" rel=\"nofollow noopener noreferrer\">https:\/\/www.zakopane.pl\/rejestracja-na-wydarzenia#\/<\/a> i uzupe\u0142ni\u0107 kr\u00f3tki formularz. Zapraszamy serdecznie!<\/span><\/strong><\/p>\n","protected":false},"excerpt":{"rendered":"<p>Mi\u0119dzynarodowy Festiwal Folkloru Ziem G\u00f3rskich odb\u0119dzie si\u0119 w dniach 12 \u2013 20 sierpnia 2021 r. [&hellip;]<\/p>\n","protected":false},"author":9,"featured_media":1133,"comment_status":"closed","ping_status":"closed","sticky":false,"template":"","format":"standard","meta":[],"categories":[1],"tags":[],"acf":[],"_links":{"self":[{"href":"http:\/\/archiwum.festiwale.zakopane.pl\/festiwal-folkloru\/wp-json\/wp\/v2\/posts\/1130"}],"collection":[{"href":"http:\/\/archiwum.festiwale.zakopane.pl\/festiwal-folkloru\/wp-json\/wp\/v2\/posts"}],"about":[{"href":"http:\/\/archiwum.festiwale.zakopane.pl\/festiwal-folkloru\/wp-json\/wp\/v2\/types\/post"}],"author":[{"embeddable":true,"href":"http:\/\/archiwum.festiwale.zakopane.pl\/festiwal-folkloru\/wp-json\/wp\/v2\/users\/9"}],"replies":[{"embeddable":true,"href":"http:\/\/archiwum.festiwale.zakopane.pl\/festiwal-folkloru\/wp-json\/wp\/v2\/comments?post=1130"}],"version-history":[{"count":2,"href":"http:\/\/archiwum.festiwale.zakopane.pl\/festiwal-folkloru\/wp-json\/wp\/v2\/posts\/1130\/revisions"}],"predecessor-version":[{"id":1132,"href":"http:\/\/archiwum.festiwale.zakopane.pl\/festiwal-folkloru\/wp-json\/wp\/v2\/posts\/1130\/revisions\/1132"}],"wp:featuredmedia":[{"embeddable":true,"href":"http:\/\/archiwum.festiwale.zakopane.pl\/festiwal-folkloru\/wp-json\/wp\/v2\/media\/1133"}],"wp:attachment":[{"href":"http:\/\/archiwum.festiwale.zakopane.pl\/festiwal-folkloru\/wp-json\/wp\/v2\/media?parent=1130"}],"wp:term":[{"taxonomy":"category","embeddable":true,"href":"http:\/\/archiwum.festiwale.zakopane.pl\/festiwal-folkloru\/wp-json\/wp\/v2\/categories?post=1130"},{"taxonomy":"post_tag","embeddable":true,"href":"http:\/\/archiwum.festiwale.zakopane.pl\/festiwal-folkloru\/wp-json\/wp\/v2\/tags?post=1130"}],"curies":[{"name":"wp","href":"https:\/\/api.w.org\/{rel}","templated":true}]}}