{"id":1015,"date":"2021-08-11T07:55:07","date_gmt":"2021-08-11T05:55:07","guid":{"rendered":"https:\/\/festiwale.zakopane.pl\/festiwal-folkloru\/?p=1015"},"modified":"2021-08-11T09:25:44","modified_gmt":"2021-08-11T07:25:44","slug":"koncert-na-folkowa-nute","status":"publish","type":"post","link":"http:\/\/archiwum.festiwale.zakopane.pl\/festiwal-folkloru\/2021\/08\/11\/koncert-na-folkowa-nute\/","title":{"rendered":"Koncert na Folkow\u0105 Nut\u0119"},"content":{"rendered":"<div class=\"kvgmc6g5 cxmmr5t8 oygrvhab hcukyx3x c1et5uql ii04i59q\">\n<div dir=\"auto\">\n<p>W tym roku na koncercie na &#8222;Folkow\u0105 Nut\u0119&#8221;, kt\u00f3ry odb\u0119dzie si\u0119 13.08 (pi\u0105tek) o godzinie 18.00 wyst\u0105pi\u0105 dwa zespo\u0142y. Jednym z wykonawc\u00f3w b\u0119d<strong>\u0105 <strong>&#8222;Brathanki&#8221;. <\/strong><\/strong><\/p>\n<p>Zesp\u00f3\u0142 za\u0142o\u017cy\u0142 pod koniec 1998 roku Janusz Mus &#8211; akordeonista i puzonista, kt\u00f3ry\u00a0 do swojego pomys\u0142u muzycznego\u00a0 zaprosi\u0142 zaprzyja\u017anionych muzyk\u00f3w, wsp\u00f3\u0142pracuj\u0105cych z czo\u0142owymi artystami polskiej estrady: Piotra Kr\u00f3lika &#8211; perkusist\u0119, Grzegorza Pi\u0119taka &#8211; gitarzyst\u0119 basowego, Stefana B\u0142aszczy\u00f1skiego &#8211; flecist\u0119,\u00a0 Jacka Kr\u00f3lika &#8211; gitarzyst\u0119 i Adama Prucnala &#8211; skrzypka i klawiszowa oraz wokalistk\u0119 &#8211; Hanie Chowaniec &#8222;Rybk\u0119&#8221;, z kt\u00f3r\u0105 wsp\u00f3lnie grali swoje pierwsze koncerty.<\/p>\n<p>Po odej\u015bciu Hani Chowaniec w zespole \u015bpiewa\u0142o kilka wokalistek takich jak: Halina Mlynkowa, Ania Miko\u015b, Magda Rzemek czy Aleksandra Chodak.<\/p>\n<p>Aktualn\u0105 wokalistk\u0105 zespo\u0142u jest <strong>Agnieszka Dyk<\/strong>. Utalentowana dziewczyna, kt\u00f3ra wygra\u0142a &#8222;Szans\u0119 na sukces&#8221; piosenk\u0105 &#8222;Czerwone korale&#8221;.<\/p>\n<p>Dorobek muzyczny zespo\u0142u :<\/p>\n<p>&#8211; P\u0142yta&#8221;Ano !&#8221;,\u00a0 kt\u00f3ra okaza\u0142a si\u0119 najwi\u0119kszym wydarzeniem muzycznym 2000 roku, jej sprzeda\u017c przekroczy\u0142a 300 tysi\u0119cy egzemplarzy i uzyska\u0142a miano multi-platyny.<\/p>\n<p>&#8211; P\u0142yta &#8222;Patataj&#8221; , kt\u00f3ra niemal\u017ce natychmiast osi\u0105gn\u0105 status &#8222;Z\u0142otej P\u0142yty&#8221; W ci\u0105gu niespe\u0142na dw\u00f3ch tygodni od daty premiery sprzedano ponad 50 tysi\u0119cy egzemplarzy.<\/p>\n<p>Piosenki zespo\u0142u takie jak: &#8222;Czerwone korale, Gdzie ten kt\u00f3ry powie mi&#8221; , &#8222;Siebie dam po \u015blubie&#8221;, &#8222;W kinie w Lublinie kochaj mnie&#8221; czy piosenka &#8222;Za wielkim morzem ty do tekst\u00f3w Zbyszka Ksi\u0105\u017cka, sta\u0142y si\u0119 przebojami i by\u0142y ch\u0119tnie \u015bpiewane od Ba\u0142tyku po Tatry.<\/p>\n<p>Singiel &#8222;W kinie w Lublinie kochaj mnie&#8221; znalaz\u0142 si\u0119 w gronie 12 piosenek nominowanych w konkursie &#8222;Premiery, Opole 2001&#8221; i otrzyma\u0142 nagrod\u0119 Jury. Teledysk do utworu &#8222;Gdzie ten, kt\u00f3ry powie mi&#8221; otrzyma\u0142 nagrod\u0119 &#8222;Super Jedynk\u0119&#8221; Jednym z wa\u017cniejszych wydarze\u0144 dla zespo\u0142u Brathanki, okaza\u0142a si\u0119 Gala &#8222;Fryderyki 2001&#8221;, podczas kt\u00f3rej grupa otrzyma\u0142a zas\u0142u\u017con\u0105 statuetk\u0119 Fryderyka w kategorii &#8211; Muzyka Tradycji i \u0179r\u00f3de\u0142.<\/p>\n<p>&#8211; Na p\u0142ycie &#8222;Galoop&#8221;, kt\u00f3ra ukaza\u0142a si\u0119 w Listopadzie 2003 roku, zesp\u00f3\u0142 zaprezentowa\u0142 wybuchowe po\u0142\u0105czenie muzyki rockowej z elementami folkloru r\u00f3\u017cnych grup etnicznych.<\/p>\n<p>Zesp\u00f3\u0142 Brathanki w swojej karierze zagra\u0142 kilkaset koncert\u00f3w w kraju i za granic\u0105 . Odwiedzi\u0142 m.in. takie kraje jak: USA, Kanad\u0119, Hiszpani\u0119, Czechy, Belgi\u0119, W\u0119gry, Niemcy, Liban czy Szwecj\u0119. Bra\u0142 liczny udzia\u0142 w wielu wa\u017cnych Festiwalach i programach TV.<\/p>\n<p>&#8211; W sierpniu 2007 na rynku ukaza\u0142y si\u0119 2 p\u0142yty z najwi\u0119kszymi przebojami zespo\u0142u &#8211; &#8222;Moja Kolekcja&#8221; (nak\u0142adem Warner Music Polska) oraz &#8222;Gwiazdy XX Wieku&#8221; (nak\u0142adem Sony BMG).<\/p>\n<p>&#8211; 15 lipca 2011 roku mia\u0142a miejsce premiera nowej p\u0142yty &#8222;Brathanki graj\u0105 Skald\u00f3w&#8221;.<\/p>\n<p>&#8211; W roku 2012 ukazuje si\u0119 p\u0142yta z kol\u0119dami ( koncert Live ) w Brathankowych aran\u017cacjach.<\/p>\n<p>&#8211; 9 czerwca 2014 roku ukaza\u0142a si\u0119 nowa p\u0142yta zatytu\u0142owana \u201emoMtyle\u201d promowana singlem \u201eMamo, ja nie chc\u0119 za m\u0105\u017c\u201d .<\/p>\n<p>Aktualnie zesp\u00f3\u0142 koncertuje w kraju i za granic\u0105 i cieszy si\u0119 nies\u0142abn\u0105c\u0105 popularno\u015bci\u0105.<\/p>\n<p>&nbsp;<\/p>\n<p><strong><u>\u00a0Najwi\u0119ksze nagrody:<\/u><\/strong><\/p>\n<ul>\n<li>Superjedynki w kategorii \u201eDebiut\u201d na Krajowym Festiwalu Piosenki Polskiej Opole 2000<\/li>\n<li>III nagroda na Balic Festiwal w Karlshamn (Szwecja) w 2000 r.<\/li>\n<li>Fryderyk 2001 w kategorii \u201emuzyka tradycji i \u017ar\u00f3de\u0142\u201d,<\/li>\n<li>Nagroda Jury Festiwalu Polskiej Piosenki w Opole 2001 za singiel \u201eW kinie, w Lublinie kochaj mnie\u201d,<\/li>\n<li>Superjedynka na Festiwalu Polskiej Piosenki Opole 2001 za teledysk \u201eGdzie ten, kt\u00f3ry powie mi\u201d.<\/li>\n<li>Nagroda OTV na koncercie Premiery i Superjedynki w kategorii teledysk na Krajowym Festiwalu piosenki Polskiej Opole 2001<\/li>\n<li>Nagrody polskiego przemys\u0142u fonograficznego Fryderyk 2001 w kategorii album roku \u2013 muzyka ethno\/folk<\/li>\n<li>(CD Brathanki \u201ePatataj\u201d)<\/li>\n<\/ul>\n<p>&nbsp;<\/p>\n<p>Drugi zesp\u00f3\u0142, kt\u00f3ry stanie na scenie festiwalowej to <strong>&#8222;ZAWIERUCHA&#8221;<\/strong> zdobywca Grand Prix 2021 &#8211; g\u0142\u00f3wnej nagrody Festiwalu Folkowego Polskiego Radia NOWA TRADYCJA.<\/p>\n<p>Zesp\u00f3\u0142 ZAWIERUCHA powsta\u0142 w 2020 roku. Impulsem do wsp\u00f3\u0142pracy muzyk\u00f3w by\u0142 realizowany w\u00f3wczas projekt Taniec Tradycyjny PL (dost\u0119pny na You Tube), podczas kt\u00f3rego zosta\u0142o nagranych kilkana\u015bcie tradycyjnych melodii do internetowych lekcji polskich ta\u0144c\u00f3w tradycyjnych https:\/\/www.youtube.com\/channel\/UCKFo2TIFrMfp0pJmdFBkyng\/videos . W sk\u0142ad grupy weszli do\u015bwiadczeni muzycy z r\u00f3\u017cnych \u015brodowisk muzycznych, zafascynowani od wielu lat polsk\u0105 tradycyjn\u0105 muzyk\u0105 i ta\u0144cem, kt\u00f3rzy od lat s\u0105 wsp\u00f3\u0142autorami ruchu odrodzenia muzyki tradycyjnej w Polsce w formach In Crudo. Punktem wyj\u015bcia by\u0142a tradycyjna muzyka taneczna, w kt\u00f3rej du\u017c\u0105 rol\u0119 odgrywa improwizacja oraz rytm ta\u0144ca. S\u0105 to kluczowe elementy tworzonej przez grup\u0119 muzyki, kt\u00f3ra oparta jest jedynie o instrumenty strunowe (skrzypce\/wiolonczela\/kontrabas) oraz o instrumenty perkusyjne.<\/p>\n<p>Inspiracje muzyczne muzycy czerpali z polskiej kultury tradycyjnej, bezpo\u015brednio od poznanych osobi\u015bcie autentycznych wiejskich muzykant\u00f3w jak r\u00f3wnie\u017c ze \u017ar\u00f3de\u0142 archiwalnych m.in. Polskiego Radia czy Instytutu Sztuki PAN). Zawierucha d\u0105\u017cy do tego by muzyka cho\u0107 w nowych aran\u017cacjach mog\u0142a nadal zaistnie\u0107<br \/>\npodczas tradycyjnej pota\u0144c\u00f3wki. Wykorzystanie dawnego i wsp\u00f3\u0142czesnego instrumentarium, rytmiki, stylistyki oraz techniki muzycznej jest w zamy\u015ble pomostem \u0142\u0105cz\u0105cym tradycj\u0119 ze wsp\u00f3\u0142czesno\u015bci\u0105. Wa\u017cne by\u0142o to by brzmienie, aran\u017cacje, warstwa s\u0142owna, odpowiada\u0142y wsp\u00f3\u0142czesno\u015bci, tak by dawne rytmy taneczne mazurk\u00f3w, oberk\u00f3w, kujawiak\u00f3w, polek, wiwat\u00f3w, mog\u0142y na nowo funkcjonowa\u0107 we wsp\u00f3\u0142czesnym, codziennym \u017cyciu, zdecydowanie innym od tego sprzed 100 laty.<\/p>\n<p>W kwietniu 2021 zesp\u00f3\u0142 wyda\u0142 sw\u00f3j debiutancki album pt. OberTany. Na p\u0142yt\u0119 sk\u0142adaj\u0105 si\u0119 utwory, w kt\u00f3rych du\u017c\u0105 rol\u0119 odgrywa charakterystyczne w polskiej muzyce tradycyjnej, d\u0142ugotrwa\u0142e ogrywanie melodii z bogatymi elementami improwizacji skrzypcowej oraz rytmik\u0105 taneczn\u0105, zar\u00f3wno mazurkow\u0105 w rytmie na trzy jak i parzyst\u0105 na dwa. Rytmika ta by\u0142a zwi\u0105zan\u0105 z tradycyjn\u0105 funkcj\u0105, zwi\u0105zan\u0105 z integracj\u0105 spo\u0142eczn\u0105, \u015bwi\u0119towaniem oraz sp\u0119dzaniem czasu wolnego podczas zabaw tanecznych.<\/p>\n<\/div>\n<div id='gallery-1' class='gallery galleryid-1015 gallery-columns-3 gallery-size-thumbnail'><figure class='gallery-item'>\n\t\t\t<div class='gallery-icon landscape'>\n\t\t\t\t<a href='http:\/\/archiwum.festiwale.zakopane.pl\/festiwal-folkloru\/2021\/08\/11\/koncert-na-folkowa-nute\/brathanki_dsc1562-edit-003-male\/'><img width=\"150\" height=\"150\" src=\"http:\/\/archiwum.festiwale.zakopane.pl\/festiwal-folkloru\/wp-content\/uploads\/sites\/13\/2021\/07\/brathanki_DSC1562-edit-003-male-150x150.jpg\" class=\"attachment-thumbnail size-thumbnail\" alt=\"\" loading=\"lazy\" \/><\/a>\n\t\t\t<\/div><\/figure><figure class='gallery-item'>\n\t\t\t<div class='gallery-icon landscape'>\n\t\t\t\t<a href='http:\/\/archiwum.festiwale.zakopane.pl\/festiwal-folkloru\/2021\/08\/11\/koncert-na-folkowa-nute\/fot-daniel-kiermut-zawierucha-10\/'><img width=\"150\" height=\"150\" src=\"http:\/\/archiwum.festiwale.zakopane.pl\/festiwal-folkloru\/wp-content\/uploads\/sites\/13\/2021\/07\/Fot-Daniel-Kiermut-Zawierucha-10-150x150.png\" class=\"attachment-thumbnail size-thumbnail\" alt=\"\" loading=\"lazy\" \/><\/a>\n\t\t\t<\/div><\/figure><figure class='gallery-item'>\n\t\t\t<div class='gallery-icon landscape'>\n\t\t\t\t<a href='http:\/\/archiwum.festiwale.zakopane.pl\/festiwal-folkloru\/2021\/08\/11\/koncert-na-folkowa-nute\/fot-daniel-kiermut-zawierucha-1-jpg-002-male\/'><img width=\"150\" height=\"150\" src=\"http:\/\/archiwum.festiwale.zakopane.pl\/festiwal-folkloru\/wp-content\/uploads\/sites\/13\/2021\/07\/Fot-Daniel-Kiermut-Zawierucha-1-JPG-002-male-150x150.jpg\" class=\"attachment-thumbnail size-thumbnail\" alt=\"\" loading=\"lazy\" \/><\/a>\n\t\t\t<\/div><\/figure>\n\t\t<\/div>\n\n<div dir=\"auto\">\n<p>&nbsp;<\/p>\n<p>&nbsp;<\/p>\n<\/div>\n<\/div>\n","protected":false},"excerpt":{"rendered":"<p>W tym roku na koncercie na &#8222;Folkow\u0105 Nut\u0119&#8221;, kt\u00f3ry odb\u0119dzie si\u0119 13.08 (pi\u0105tek) o godzinie [&hellip;]<\/p>\n","protected":false},"author":7,"featured_media":1016,"comment_status":"closed","ping_status":"closed","sticky":false,"template":"","format":"standard","meta":[],"categories":[1],"tags":[],"acf":[],"_links":{"self":[{"href":"http:\/\/archiwum.festiwale.zakopane.pl\/festiwal-folkloru\/wp-json\/wp\/v2\/posts\/1015"}],"collection":[{"href":"http:\/\/archiwum.festiwale.zakopane.pl\/festiwal-folkloru\/wp-json\/wp\/v2\/posts"}],"about":[{"href":"http:\/\/archiwum.festiwale.zakopane.pl\/festiwal-folkloru\/wp-json\/wp\/v2\/types\/post"}],"author":[{"embeddable":true,"href":"http:\/\/archiwum.festiwale.zakopane.pl\/festiwal-folkloru\/wp-json\/wp\/v2\/users\/7"}],"replies":[{"embeddable":true,"href":"http:\/\/archiwum.festiwale.zakopane.pl\/festiwal-folkloru\/wp-json\/wp\/v2\/comments?post=1015"}],"version-history":[{"count":5,"href":"http:\/\/archiwum.festiwale.zakopane.pl\/festiwal-folkloru\/wp-json\/wp\/v2\/posts\/1015\/revisions"}],"predecessor-version":[{"id":1037,"href":"http:\/\/archiwum.festiwale.zakopane.pl\/festiwal-folkloru\/wp-json\/wp\/v2\/posts\/1015\/revisions\/1037"}],"wp:featuredmedia":[{"embeddable":true,"href":"http:\/\/archiwum.festiwale.zakopane.pl\/festiwal-folkloru\/wp-json\/wp\/v2\/media\/1016"}],"wp:attachment":[{"href":"http:\/\/archiwum.festiwale.zakopane.pl\/festiwal-folkloru\/wp-json\/wp\/v2\/media?parent=1015"}],"wp:term":[{"taxonomy":"category","embeddable":true,"href":"http:\/\/archiwum.festiwale.zakopane.pl\/festiwal-folkloru\/wp-json\/wp\/v2\/categories?post=1015"},{"taxonomy":"post_tag","embeddable":true,"href":"http:\/\/archiwum.festiwale.zakopane.pl\/festiwal-folkloru\/wp-json\/wp\/v2\/tags?post=1015"}],"curies":[{"name":"wp","href":"https:\/\/api.w.org\/{rel}","templated":true}]}}