{"id":1004,"date":"2021-07-28T12:09:17","date_gmt":"2021-07-28T10:09:17","guid":{"rendered":"https:\/\/festiwale.zakopane.pl\/festiwal-folkloru\/?p=1004"},"modified":"2021-08-11T22:30:13","modified_gmt":"2021-08-11T20:30:13","slug":"konkurs-fotograficzny-zywiol-folkloru","status":"publish","type":"post","link":"http:\/\/archiwum.festiwale.zakopane.pl\/festiwal-folkloru\/2021\/07\/28\/konkurs-fotograficzny-zywiol-folkloru\/","title":{"rendered":"Konkurs fotograficzny &#8222;\u017bywio\u0142 Folkloru&#8221;"},"content":{"rendered":"<p><strong>Mi\u0119dzynarodowy Festiwal Folkloru Ziem G\u00f3rskich w Zakopanem od zawsze, jako wydarzenie niezwykle barwne i widowiskowe, wzbudza\u0142 zainteresowanie fotograf\u00f3w, zar\u00f3wno profesjonalist\u00f3w, jak i amator\u00f3w. W 2014r. narodzi\u0142 si\u0119 wi\u0119c pomys\u0142, by Festiwalowi co roku towarzyszy\u0142 konkurs fotograficzny \u201e\u017bywio\u0142 Folkloru\u201d, a jego efekty prezentowane by\u0142y w formie plenerowej pokonkursowej wystawy. <\/strong><\/p>\n<p>Ta inicjatywa od pocz\u0105tku cieszy\u0142a si\u0119 ogromnym zainteresowaniem. W biurze prasowym Festiwalu co roku akredytuje si\u0119 blisko 80 dziennikarzy, wi\u0119kszo\u015b\u0107 z nich to w\u0142a\u015bnie fotoreporterzy. Doczekali\u015bmy te\u017c czas\u00f3w, w kt\u00f3rych fotografuje w\u0142a\u015bciwie ka\u017cdy. Festiwalowa publiczno\u015b\u0107 wyposa\u017cona w lustrzanki, kompaktowe aparaty i smartfony oblega festiwalowe wydarzenia, zw\u0142aszcza te odbywaj\u0105ce si\u0119 w plenerze.<\/p>\n<p>W ramach 52. Mi\u0119dzynarodowego Festiwalu Folkloru Ziem G\u00f3rskich w dniach 12 \u2013 20 sierpnia 2021 r. odb\u0119dzie si\u0119 ju\u017c <strong>si\u00f3dma edycja konkursu fotograficznego<\/strong>, organizowanego przez Burmistrza Miasta Zakopane. Ka\u017cdy mo\u017ce spr\u00f3bowa\u0107 swoich si\u0142 i uchwyci\u0107 w kadrze kolorowe rozta\u0144czone zespo\u0142y z ca\u0142ego \u015bwiata. Do udzia\u0142u zapraszamy publiczno\u015b\u0107 oraz akredytowanych przy Festiwalu dziennikarzy i fotoreporter\u00f3w, zach\u0119caj\u0105c jednocze\u015bnie, aby na foto\u00adgrafiach odda\u0107 pi\u0119kno i r\u00f3\u017cnorodno\u015b\u0107 obrz\u0119d\u00f3w oraz zwyczaj\u00f3w zwi\u0105zanych z pracami w polu, a tak\u017ce kulinarne bogactwo g\u00f3rali z r\u00f3\u017cnych stron \u015bwiata.<\/p>\n<p><strong>Zdj\u0119cia nale\u017cy nadsy\u0142a\u0107 w terminie od 1 do 30 wrze\u015bnia 2021r. <\/strong>B\u0119dzie je ocenia\u0107 jury, w sk\u0142ad kt\u00f3rego wejd\u0105 m.in.: Adam Brzoza (fotograf National Geographic Polska, artysta fotografik, pasjonat g\u00f3r i przyrody), Robert Urba\u0144ski (Zakopiec.info, fotograf od wielu lat dokumentuj\u0105cy wydarzenia kulturalne w Zakopanem) i dr hab. Klaudia Cymanow-Sosin (zast\u0119pc\u0105 dyrektora Instytutu Dziennikarstwa i Komunikacji Spo\u0142ecznej Uniwersytetu Papieskiego Jana Paw\u0142a II w Krakowie).<\/p>\n<p>Nagrodzone prace prezentowane b\u0119d\u0105 podczas kolejnej edycji Festiwalu. Zwyci\u0119zcy otrzymaj\u0105 atrakcyjne nagrody finansowe oraz rzeczowe.<\/p>\n<p>Wszystkim dotychczasowym laureatom konkursu zawdzi\u0119czamy ju\u017c pi\u0119\u0107 pi\u0119knych wystaw prezentowanych zawsze w sercu Zakopanego. 12 sierpnia o godz. 16:00 na Krup\u00f3wkach poni\u017cej oczka wodnego otwarta zostanie kolejna ekspozycja prezentuj\u0105ca zwyci\u0119skie fotografie nades\u0142ane na sz\u00f3st\u0105 edycj\u0119 konkursu \u201e\u017bywio\u0142 Folkloru\u201d, kt\u00f3ry odbywa\u0142 si\u0119 w ramach 51. Mi\u0119dzynarodowego Festiwalu Folkloru Ziem G\u00f3rskich w 2019 r. Zadaniem uczestnik\u00f3w by\u0142o w\u00f3wczas oddanie pi\u0119kna, bogactwa i r\u00f3\u017cnorodno\u015b\u0107 stroj\u00f3w g\u00f3rali z ca\u0142ego \u015bwiata, zwi\u0105zanych z r\u00f3\u017cnymi obrz\u0119dami, w tym tak\u017ce z obrz\u0119dami weselnymi.<\/p>\n<p>Wydrukowane w du\u017cym formacie zdj\u0119cia wygl\u0105daj\u0105 niezwykle i kolorowo, przyci\u0105gaj\u0105 wzrok przechodni\u00f3w i s\u0105 wspania\u0142\u0105 wizyt\u00f3wk\u0105 Festiwalu. Dodatkowo w ramach ka\u017cdej wystawy prezentowana jest tak\u017ce autorska ekspozycja festiwalowych zdj\u0119\u0107 zwyci\u0119zcy wy\u0142onionego w\u015br\u00f3d akredytowanych fotoreporter\u00f3w, a w tym roku tak\u017ce w\u015br\u00f3d publiczno\u015bci.<\/p>\n<p><strong>Jury w 2019 r. przyzna\u0142o nast\u0119puj\u0105ce nagrody i wyr\u00f3\u017cnienia:<\/strong><\/p>\n<p>Kat. I Akredytowani dziennikarze i fotoreporterzy<\/p>\n<ul>\n<li>Nagroda g\u0142\u00f3wna oraz nagroda specjalna Tygodnika Podhala\u0144skiego: Tomasz Osuchowski z Zakopanego<\/li>\n<li>Nagroda specjalna portalu Zakopiec.info: Waldemar Sowi\u0144ski z Krakowa<\/li>\n<li>Wyr\u00f3\u017cnienia: Piotr Korczak z Zakopanego, Waldemar Sowi\u0144ski z Krakowa, Barbara Hadowska z Ko\u015bcieliska<\/li>\n<\/ul>\n<p>Kat. II Publiczno\u015b\u0107<\/p>\n<ul>\n<li>Nagroda g\u0142\u00f3wna: Sylwia \u017bo\u0142\u0105dek ze Szczecina<\/li>\n<\/ul>\n<p>Festiwal dla wszystkich fotografuj\u0105cych stwarza naprawd\u0119 ogromne mo\u017cliwo\u015bci. \u017bywio\u0142 folkloru, barwne ludowe stroje, dynamika ta\u0144ca, maluj\u0105ce si\u0119 na twarzach emocje, ciekawe instrumenty i rekwizyty \u2013 to wszystko a\u017c prosi si\u0119, by sta\u0107 si\u0119 fotograficznym kadrem. Zach\u0119camy, by czas sp\u0119dzony podczas Festiwalu wykorzysta\u0107 tak\u017ce na rozwijanie fotograficznych pasji.<\/p>\n<p><a href=\"http:\/\/archiwum.festiwale.zakopane.pl\/festiwal-folkloru\/wp-content\/uploads\/sites\/13\/2021\/07\/regulamin-konkursu-zywiol-folkloru.pdf\" target=\"_blank\" rel=\"noopener noreferrer\">Regulamin konkursu \u017cywio\u0142 folkloru<\/a><\/p>\n<p><a href=\"http:\/\/archiwum.festiwale.zakopane.pl\/festiwal-folkloru\/wp-content\/uploads\/sites\/13\/2021\/07\/zalaczniki-do-regulaminu.pdf\" target=\"_blank\" rel=\"noopener noreferrer\">Za\u0142\u0105czniki do regulaminu &#8211; o\u015bwiadczenie i Informacja dotycz\u0105ca przetwarzania danych osobowych<\/a><\/p>\n","protected":false},"excerpt":{"rendered":"<p>Mi\u0119dzynarodowy Festiwal Folkloru Ziem G\u00f3rskich w Zakopanem od zawsze, jako wydarzenie niezwykle barwne i widowiskowe, [&hellip;]<\/p>\n","protected":false},"author":9,"featured_media":1005,"comment_status":"closed","ping_status":"closed","sticky":false,"template":"","format":"standard","meta":[],"categories":[1],"tags":[],"acf":[],"_links":{"self":[{"href":"http:\/\/archiwum.festiwale.zakopane.pl\/festiwal-folkloru\/wp-json\/wp\/v2\/posts\/1004"}],"collection":[{"href":"http:\/\/archiwum.festiwale.zakopane.pl\/festiwal-folkloru\/wp-json\/wp\/v2\/posts"}],"about":[{"href":"http:\/\/archiwum.festiwale.zakopane.pl\/festiwal-folkloru\/wp-json\/wp\/v2\/types\/post"}],"author":[{"embeddable":true,"href":"http:\/\/archiwum.festiwale.zakopane.pl\/festiwal-folkloru\/wp-json\/wp\/v2\/users\/9"}],"replies":[{"embeddable":true,"href":"http:\/\/archiwum.festiwale.zakopane.pl\/festiwal-folkloru\/wp-json\/wp\/v2\/comments?post=1004"}],"version-history":[{"count":5,"href":"http:\/\/archiwum.festiwale.zakopane.pl\/festiwal-folkloru\/wp-json\/wp\/v2\/posts\/1004\/revisions"}],"predecessor-version":[{"id":1158,"href":"http:\/\/archiwum.festiwale.zakopane.pl\/festiwal-folkloru\/wp-json\/wp\/v2\/posts\/1004\/revisions\/1158"}],"wp:featuredmedia":[{"embeddable":true,"href":"http:\/\/archiwum.festiwale.zakopane.pl\/festiwal-folkloru\/wp-json\/wp\/v2\/media\/1005"}],"wp:attachment":[{"href":"http:\/\/archiwum.festiwale.zakopane.pl\/festiwal-folkloru\/wp-json\/wp\/v2\/media?parent=1004"}],"wp:term":[{"taxonomy":"category","embeddable":true,"href":"http:\/\/archiwum.festiwale.zakopane.pl\/festiwal-folkloru\/wp-json\/wp\/v2\/categories?post=1004"},{"taxonomy":"post_tag","embeddable":true,"href":"http:\/\/archiwum.festiwale.zakopane.pl\/festiwal-folkloru\/wp-json\/wp\/v2\/tags?post=1004"}],"curies":[{"name":"wp","href":"https:\/\/api.w.org\/{rel}","templated":true}]}}