{"id":786,"date":"2021-10-19T10:42:20","date_gmt":"2021-10-19T08:42:20","guid":{"rendered":"https:\/\/festiwale.zakopane.pl\/festiwal-folkloru-2020\/?p=786"},"modified":"2021-10-19T10:42:20","modified_gmt":"2021-10-19T08:42:20","slug":"mowia-o-nas","status":"publish","type":"post","link":"http:\/\/archiwum.festiwale.zakopane.pl\/festiwal-folkloru-2020\/2021\/10\/19\/mowia-o-nas\/","title":{"rendered":"M\u00f3wi\u0105 o nas"},"content":{"rendered":"<p>Zapraszamy do zapoznania si\u0119 z artyku\u0142ami dotycz\u0105cymi 10 Festiwalu &#8222;Inspirowane g\u00f3rami&#8230;&#8221; im. Ewy i Macieja Berbek\u00f3w!<\/p>\n<p><a href=\"https:\/\/24tp.pl\/n\/86699\">https:\/\/24tp.pl\/n\/86699<\/a><\/p>\n<p><a href=\"https:\/\/24tp.pl\/n\/86667\">https:\/\/24tp.pl\/n\/86667<\/a><\/p>\n<p><a href=\"https:\/\/24tp.pl\/n\/86698\">https:\/\/24tp.pl\/n\/86698<\/a><\/p>\n<p><a href=\"https:\/\/www.polskieradio.pl\/130\/5930\/Artykul\/2827094,10-Festiwal-Inspirowane-Gorami-Dyrektor-wydarzenia-chcemy-pokazywac-ludzi-ktorym-gory-sa-bliskie\">https:\/\/www.polskieradio.pl\/130\/5930\/Artykul\/2827094,10-Festiwal-Inspirowane-Gorami-Dyrektor-wydarzenia-chcemy-pokazywac-ludzi-ktorym-gory-sa-bliskie<\/a><\/p>\n","protected":false},"excerpt":{"rendered":"<p>Zapraszamy do zapoznania si\u0119 z artyku\u0142ami dotycz\u0105cymi 10 Festiwalu &#8222;Inspirowane g\u00f3rami&#8230;&#8221; im. Ewy i Macieja [&hellip;]<\/p>\n","protected":false},"author":7,"featured_media":0,"comment_status":"closed","ping_status":"closed","sticky":false,"template":"","format":"standard","meta":[],"categories":[1],"tags":[],"acf":[],"_links":{"self":[{"href":"http:\/\/archiwum.festiwale.zakopane.pl\/festiwal-folkloru-2020\/wp-json\/wp\/v2\/posts\/786"}],"collection":[{"href":"http:\/\/archiwum.festiwale.zakopane.pl\/festiwal-folkloru-2020\/wp-json\/wp\/v2\/posts"}],"about":[{"href":"http:\/\/archiwum.festiwale.zakopane.pl\/festiwal-folkloru-2020\/wp-json\/wp\/v2\/types\/post"}],"author":[{"embeddable":true,"href":"http:\/\/archiwum.festiwale.zakopane.pl\/festiwal-folkloru-2020\/wp-json\/wp\/v2\/users\/7"}],"replies":[{"embeddable":true,"href":"http:\/\/archiwum.festiwale.zakopane.pl\/festiwal-folkloru-2020\/wp-json\/wp\/v2\/comments?post=786"}],"version-history":[{"count":1,"href":"http:\/\/archiwum.festiwale.zakopane.pl\/festiwal-folkloru-2020\/wp-json\/wp\/v2\/posts\/786\/revisions"}],"predecessor-version":[{"id":787,"href":"http:\/\/archiwum.festiwale.zakopane.pl\/festiwal-folkloru-2020\/wp-json\/wp\/v2\/posts\/786\/revisions\/787"}],"wp:attachment":[{"href":"http:\/\/archiwum.festiwale.zakopane.pl\/festiwal-folkloru-2020\/wp-json\/wp\/v2\/media?parent=786"}],"wp:term":[{"taxonomy":"category","embeddable":true,"href":"http:\/\/archiwum.festiwale.zakopane.pl\/festiwal-folkloru-2020\/wp-json\/wp\/v2\/categories?post=786"},{"taxonomy":"post_tag","embeddable":true,"href":"http:\/\/archiwum.festiwale.zakopane.pl\/festiwal-folkloru-2020\/wp-json\/wp\/v2\/tags?post=786"}],"curies":[{"name":"wp","href":"https:\/\/api.w.org\/{rel}","templated":true}]}}