{"id":748,"date":"2020-09-29T10:11:45","date_gmt":"2020-09-29T08:11:45","guid":{"rendered":"https:\/\/festiwale.zakopane.pl\/festiwal-folkloru\/?p=748"},"modified":"2020-09-29T10:16:11","modified_gmt":"2020-09-29T08:16:11","slug":"rozmowa-z-joanna-staszak","status":"publish","type":"post","link":"http:\/\/archiwum.festiwale.zakopane.pl\/festiwal-folkloru-2020\/2020\/09\/29\/rozmowa-z-joanna-staszak\/","title":{"rendered":"Rozmowa z Joann\u0105 Staszak"},"content":{"rendered":"<blockquote class=\"wp-embedded-content\" data-secret=\"xcXoSDan9C\"><p><a href=\"https:\/\/nikidw.edu.pl\/2020\/09\/10\/willa-czerwony-dwor-wrota-zakopianskiej-duszy\/\">Willa Czerwony Dw\u00f3r &#8211; wrota zakopia\u0144skiej duszy<\/a><\/p><\/blockquote>\n<p><iframe class=\"wp-embedded-content\" sandbox=\"allow-scripts\" security=\"restricted\" style=\"position: absolute; clip: rect(1px, 1px, 1px, 1px);\" title=\"&#8222;Willa Czerwony Dw\u00f3r &#8211; wrota zakopia\u0144skiej duszy&#8221; &#8212; Narodowy Instytut Kultury i Dziedzictwa Wsi\" src=\"https:\/\/nikidw.edu.pl\/2020\/09\/10\/willa-czerwony-dwor-wrota-zakopianskiej-duszy\/embed\/#?secret=xcXoSDan9C\" data-secret=\"xcXoSDan9C\" width=\"600\" height=\"338\" frameborder=\"0\" marginwidth=\"0\" marginheight=\"0\" scrolling=\"no\"><\/iframe><\/p>\n<p><strong>Rozmow\u0119 z Joann\u0105 Staszak, autork\u0105 albumu \u201eWtopieni w krajobraz. Zakopia\u0144scy tw\u00f3rcy ludowi\u201d przeprowadzi\u0142 Jan Bara\u0144ski.<\/strong><\/p>\n","protected":false},"excerpt":{"rendered":"<p>Willa Czerwony Dw\u00f3r &#8211; wrota zakopia\u0144skiej duszy Rozmow\u0119 z Joann\u0105 Staszak, autork\u0105 albumu \u201eWtopieni w [&hellip;]<\/p>\n","protected":false},"author":7,"featured_media":348,"comment_status":"closed","ping_status":"closed","sticky":false,"template":"","format":"standard","meta":[],"categories":[1],"tags":[],"acf":[],"_links":{"self":[{"href":"http:\/\/archiwum.festiwale.zakopane.pl\/festiwal-folkloru-2020\/wp-json\/wp\/v2\/posts\/748"}],"collection":[{"href":"http:\/\/archiwum.festiwale.zakopane.pl\/festiwal-folkloru-2020\/wp-json\/wp\/v2\/posts"}],"about":[{"href":"http:\/\/archiwum.festiwale.zakopane.pl\/festiwal-folkloru-2020\/wp-json\/wp\/v2\/types\/post"}],"author":[{"embeddable":true,"href":"http:\/\/archiwum.festiwale.zakopane.pl\/festiwal-folkloru-2020\/wp-json\/wp\/v2\/users\/7"}],"replies":[{"embeddable":true,"href":"http:\/\/archiwum.festiwale.zakopane.pl\/festiwal-folkloru-2020\/wp-json\/wp\/v2\/comments?post=748"}],"version-history":[{"count":1,"href":"http:\/\/archiwum.festiwale.zakopane.pl\/festiwal-folkloru-2020\/wp-json\/wp\/v2\/posts\/748\/revisions"}],"predecessor-version":[{"id":749,"href":"http:\/\/archiwum.festiwale.zakopane.pl\/festiwal-folkloru-2020\/wp-json\/wp\/v2\/posts\/748\/revisions\/749"}],"wp:featuredmedia":[{"embeddable":true,"href":"http:\/\/archiwum.festiwale.zakopane.pl\/festiwal-folkloru-2020\/wp-json\/wp\/v2\/media\/348"}],"wp:attachment":[{"href":"http:\/\/archiwum.festiwale.zakopane.pl\/festiwal-folkloru-2020\/wp-json\/wp\/v2\/media?parent=748"}],"wp:term":[{"taxonomy":"category","embeddable":true,"href":"http:\/\/archiwum.festiwale.zakopane.pl\/festiwal-folkloru-2020\/wp-json\/wp\/v2\/categories?post=748"},{"taxonomy":"post_tag","embeddable":true,"href":"http:\/\/archiwum.festiwale.zakopane.pl\/festiwal-folkloru-2020\/wp-json\/wp\/v2\/tags?post=748"}],"curies":[{"name":"wp","href":"https:\/\/api.w.org\/{rel}","templated":true}]}}