{"id":744,"date":"2020-09-28T13:14:49","date_gmt":"2020-09-28T11:14:49","guid":{"rendered":"https:\/\/festiwale.zakopane.pl\/festiwal-folkloru\/?p=744"},"modified":"2020-09-28T13:15:33","modified_gmt":"2020-09-28T11:15:33","slug":"kreatywnosc-nagrodzona","status":"publish","type":"post","link":"http:\/\/archiwum.festiwale.zakopane.pl\/festiwal-folkloru-2020\/2020\/09\/28\/kreatywnosc-nagrodzona\/","title":{"rendered":"Kreatywno\u015b\u0107 nagrodzona"},"content":{"rendered":"<p>Podczas tegorocznej edycji Mi\u0119dzynarodowego Festiwalu Folkloru Ziem G\u00f3rskich \u201eG\u00f3rale \u015bwiata sercem w Zakopanem\u201d odby\u0142y si\u0119 animacje dla najm\u0142odszych. Wr\u0119czenie nagr\u00f3d, ufundowanych przez Ministra Kultury i Dziedzictwa Narodowego, odby\u0142o si\u0119 w poniedzia\u0142ek 21 wrze\u015bnia w sali obrad Urz\u0119du Miasta Zakopane.<br \/>\nBy\u0142y to zaj\u0119cia o charakterze edukacyjnym, ruchowym, muzycznym, tanecznym i odkrywczym. Oferta skierowana do dzieci i m\u0142odzie\u017cy, kt\u00f3re skorzysta\u0142y z zaj\u0119\u0107 ukierunkowanych na r\u00f3\u017cnorodne dziedziny sztuki ludowej. Fascynacja oraz rozbudzony w m\u0142odym obserwatorze zapa\u0142 mo\u017ce zaowocowa\u0107 sympati\u0105 i szacunkiem do kultury tradycyjnej. Efektem mo\u017ce sta\u0107 si\u0119 identyfikowanie kultury ludowej jako zjawiska pozytywnego i wartego kultywowania.<br \/>\nDzi\u0119kujemy wszystkim, kt\u00f3rzy wzi\u0119li udzia\u0142 w animacjach.<\/p>\n<p>(KT)<\/p>\n","protected":false},"excerpt":{"rendered":"<p>Podczas tegorocznej edycji Mi\u0119dzynarodowego Festiwalu Folkloru Ziem G\u00f3rskich \u201eG\u00f3rale \u015bwiata sercem w Zakopanem\u201d odby\u0142y si\u0119 [&hellip;]<\/p>\n","protected":false},"author":7,"featured_media":745,"comment_status":"closed","ping_status":"closed","sticky":false,"template":"","format":"standard","meta":[],"categories":[1],"tags":[],"acf":[],"_links":{"self":[{"href":"http:\/\/archiwum.festiwale.zakopane.pl\/festiwal-folkloru-2020\/wp-json\/wp\/v2\/posts\/744"}],"collection":[{"href":"http:\/\/archiwum.festiwale.zakopane.pl\/festiwal-folkloru-2020\/wp-json\/wp\/v2\/posts"}],"about":[{"href":"http:\/\/archiwum.festiwale.zakopane.pl\/festiwal-folkloru-2020\/wp-json\/wp\/v2\/types\/post"}],"author":[{"embeddable":true,"href":"http:\/\/archiwum.festiwale.zakopane.pl\/festiwal-folkloru-2020\/wp-json\/wp\/v2\/users\/7"}],"replies":[{"embeddable":true,"href":"http:\/\/archiwum.festiwale.zakopane.pl\/festiwal-folkloru-2020\/wp-json\/wp\/v2\/comments?post=744"}],"version-history":[{"count":2,"href":"http:\/\/archiwum.festiwale.zakopane.pl\/festiwal-folkloru-2020\/wp-json\/wp\/v2\/posts\/744\/revisions"}],"predecessor-version":[{"id":747,"href":"http:\/\/archiwum.festiwale.zakopane.pl\/festiwal-folkloru-2020\/wp-json\/wp\/v2\/posts\/744\/revisions\/747"}],"wp:featuredmedia":[{"embeddable":true,"href":"http:\/\/archiwum.festiwale.zakopane.pl\/festiwal-folkloru-2020\/wp-json\/wp\/v2\/media\/745"}],"wp:attachment":[{"href":"http:\/\/archiwum.festiwale.zakopane.pl\/festiwal-folkloru-2020\/wp-json\/wp\/v2\/media?parent=744"}],"wp:term":[{"taxonomy":"category","embeddable":true,"href":"http:\/\/archiwum.festiwale.zakopane.pl\/festiwal-folkloru-2020\/wp-json\/wp\/v2\/categories?post=744"},{"taxonomy":"post_tag","embeddable":true,"href":"http:\/\/archiwum.festiwale.zakopane.pl\/festiwal-folkloru-2020\/wp-json\/wp\/v2\/tags?post=744"}],"curies":[{"name":"wp","href":"https:\/\/api.w.org\/{rel}","templated":true}]}}