{"id":711,"date":"2020-09-11T14:17:18","date_gmt":"2020-09-11T12:17:18","guid":{"rendered":"https:\/\/festiwale.zakopane.pl\/festiwal-folkloru\/?p=711"},"modified":"2020-09-11T14:22:54","modified_gmt":"2020-09-11T12:22:54","slug":"aktywne-uczestnictwo-w-animacjach","status":"publish","type":"post","link":"http:\/\/archiwum.festiwale.zakopane.pl\/festiwal-folkloru-2020\/2020\/09\/11\/aktywne-uczestnictwo-w-animacjach\/","title":{"rendered":"Aktywne uczestnictwo w animacjach."},"content":{"rendered":"<p>Podczas tegorocznej edycji Mi\u0119dzynarodowego Festiwalu Folkloru Ziem G\u00f3rskich \u201eG\u00f3rale \u015bwiata sercem w Zakopanem\u201d odby\u0142y si\u0119 animacje dla najm\u0142odszych.<\/p>\n<p>By\u0142y to zaj\u0119cia o charakterze edukacyjnym, ruchowym, muzycznym, tanecznym i odkrywczym. Oferta skierowana do dzieci i m\u0142odzie\u017cy, kt\u00f3re skorzysta\u0142y z zaj\u0119\u0107 ukierunkowanych na r\u00f3\u017cnorodne dziedziny sztuki ludowej.<\/p>\n<p>Fascynacja oraz rozbudzony w m\u0142odym obserwatorze zapa\u0142 mo\u017ce zaowocowa\u0107 sympati\u0105 i szacunkiem do kultury tradycyjnej. Efektem mo\u017ce sta\u0107 si\u0119 identyfikowanie kultury ludowej jako zjawiska pozytywnego i wartego kultywowania.<\/p>\n<p>Dzi\u0119kujemy wszystkim, kt\u00f3rzy wzi\u0119li udzia\u0142 w animacjach. Zapraszamy do obejrzenia efekt\u00f3w pracy uczestnik\u00f3w.<\/p>\n<p>Wr\u0119czenie nagr\u00f3d odb\u0119dzie si\u0119 w poniedzia\u0142ek 21 wrze\u015bnia o godz. 16:00 w sali obrad Urz\u0119du Miasta Zakopane.<\/p>\n<p>Nagrody zosta\u0142y ufundowane przez Ministra Kultury i Dziedzictwa Narodowego.<\/p>\n<div id='gallery-1' class='gallery galleryid-711 gallery-columns-3 gallery-size-thumbnail'><figure class='gallery-item'>\n\t\t\t<div class='gallery-icon portrait'>\n\t\t\t\t<a href='http:\/\/archiwum.festiwale.zakopane.pl\/festiwal-folkloru-2020\/2020\/09\/11\/aktywne-uczestnictwo-w-animacjach\/received_815995465872195\/'><img width=\"150\" height=\"150\" src=\"http:\/\/archiwum.festiwale.zakopane.pl\/festiwal-folkloru-2020\/wp-content\/uploads\/sites\/7\/2020\/09\/received_815995465872195-150x150.jpeg\" class=\"attachment-thumbnail size-thumbnail\" alt=\"\" loading=\"lazy\" \/><\/a>\n\t\t\t<\/div><\/figure><figure class='gallery-item'>\n\t\t\t<div class='gallery-icon landscape'>\n\t\t\t\t<a href='http:\/\/archiwum.festiwale.zakopane.pl\/festiwal-folkloru-2020\/2020\/09\/11\/aktywne-uczestnictwo-w-animacjach\/received_675514526728832_resized\/'><img width=\"150\" height=\"150\" src=\"http:\/\/archiwum.festiwale.zakopane.pl\/festiwal-folkloru-2020\/wp-content\/uploads\/sites\/7\/2020\/09\/received_675514526728832_resized-150x150.jpeg\" class=\"attachment-thumbnail size-thumbnail\" alt=\"\" loading=\"lazy\" \/><\/a>\n\t\t\t<\/div><\/figure><figure class='gallery-item'>\n\t\t\t<div class='gallery-icon portrait'>\n\t\t\t\t<a href='http:\/\/archiwum.festiwale.zakopane.pl\/festiwal-folkloru-2020\/2020\/09\/11\/aktywne-uczestnictwo-w-animacjach\/received_665284814335500\/'><img width=\"150\" height=\"150\" src=\"http:\/\/archiwum.festiwale.zakopane.pl\/festiwal-folkloru-2020\/wp-content\/uploads\/sites\/7\/2020\/09\/received_665284814335500-150x150.jpeg\" class=\"attachment-thumbnail size-thumbnail\" alt=\"\" loading=\"lazy\" \/><\/a>\n\t\t\t<\/div><\/figure><figure class='gallery-item'>\n\t\t\t<div class='gallery-icon portrait'>\n\t\t\t\t<a href='http:\/\/archiwum.festiwale.zakopane.pl\/festiwal-folkloru-2020\/2020\/09\/11\/aktywne-uczestnictwo-w-animacjach\/received_603560783695283\/'><img width=\"150\" height=\"150\" src=\"http:\/\/archiwum.festiwale.zakopane.pl\/festiwal-folkloru-2020\/wp-content\/uploads\/sites\/7\/2020\/09\/received_603560783695283-150x150.jpeg\" class=\"attachment-thumbnail size-thumbnail\" alt=\"\" loading=\"lazy\" \/><\/a>\n\t\t\t<\/div><\/figure><figure class='gallery-item'>\n\t\t\t<div class='gallery-icon portrait'>\n\t\t\t\t<a href='http:\/\/archiwum.festiwale.zakopane.pl\/festiwal-folkloru-2020\/2020\/09\/11\/aktywne-uczestnictwo-w-animacjach\/received_599716987353750\/'><img width=\"150\" height=\"150\" src=\"http:\/\/archiwum.festiwale.zakopane.pl\/festiwal-folkloru-2020\/wp-content\/uploads\/sites\/7\/2020\/09\/received_599716987353750-150x150.jpeg\" class=\"attachment-thumbnail size-thumbnail\" alt=\"\" loading=\"lazy\" \/><\/a>\n\t\t\t<\/div><\/figure><figure class='gallery-item'>\n\t\t\t<div class='gallery-icon portrait'>\n\t\t\t\t<a href='http:\/\/archiwum.festiwale.zakopane.pl\/festiwal-folkloru-2020\/2020\/09\/11\/aktywne-uczestnictwo-w-animacjach\/image2\/'><img width=\"150\" height=\"150\" src=\"http:\/\/archiwum.festiwale.zakopane.pl\/festiwal-folkloru-2020\/wp-content\/uploads\/sites\/7\/2020\/09\/image2-150x150.jpeg\" class=\"attachment-thumbnail size-thumbnail\" alt=\"\" loading=\"lazy\" \/><\/a>\n\t\t\t<\/div><\/figure><figure class='gallery-item'>\n\t\t\t<div class='gallery-icon landscape'>\n\t\t\t\t<a href='http:\/\/archiwum.festiwale.zakopane.pl\/festiwal-folkloru-2020\/2020\/09\/11\/aktywne-uczestnictwo-w-animacjach\/image1\/'><img width=\"150\" height=\"150\" src=\"http:\/\/archiwum.festiwale.zakopane.pl\/festiwal-folkloru-2020\/wp-content\/uploads\/sites\/7\/2020\/09\/image1-150x150.jpeg\" class=\"attachment-thumbnail size-thumbnail\" alt=\"\" loading=\"lazy\" \/><\/a>\n\t\t\t<\/div><\/figure><figure class='gallery-item'>\n\t\t\t<div class='gallery-icon portrait'>\n\t\t\t\t<a href='http:\/\/archiwum.festiwale.zakopane.pl\/festiwal-folkloru-2020\/2020\/09\/11\/aktywne-uczestnictwo-w-animacjach\/image0\/'><img width=\"150\" height=\"150\" src=\"http:\/\/archiwum.festiwale.zakopane.pl\/festiwal-folkloru-2020\/wp-content\/uploads\/sites\/7\/2020\/09\/image0-150x150.jpeg\" class=\"attachment-thumbnail size-thumbnail\" alt=\"\" loading=\"lazy\" \/><\/a>\n\t\t\t<\/div><\/figure><figure class='gallery-item'>\n\t\t\t<div class='gallery-icon landscape'>\n\t\t\t\t<a href='http:\/\/archiwum.festiwale.zakopane.pl\/festiwal-folkloru-2020\/2020\/09\/11\/aktywne-uczestnictwo-w-animacjach\/118930768_778435162972302_5171880911124785277_n\/'><img width=\"150\" height=\"150\" src=\"http:\/\/archiwum.festiwale.zakopane.pl\/festiwal-folkloru-2020\/wp-content\/uploads\/sites\/7\/2020\/09\/118930768_778435162972302_5171880911124785277_n-150x150.jpg\" class=\"attachment-thumbnail size-thumbnail\" alt=\"\" loading=\"lazy\" \/><\/a>\n\t\t\t<\/div><\/figure><figure class='gallery-item'>\n\t\t\t<div class='gallery-icon portrait'>\n\t\t\t\t<a href='http:\/\/archiwum.festiwale.zakopane.pl\/festiwal-folkloru-2020\/2020\/09\/11\/aktywne-uczestnictwo-w-animacjach\/118905601_672744216944411_4150781296670353135_n\/'><img width=\"150\" height=\"150\" src=\"http:\/\/archiwum.festiwale.zakopane.pl\/festiwal-folkloru-2020\/wp-content\/uploads\/sites\/7\/2020\/09\/118905601_672744216944411_4150781296670353135_n-150x150.jpg\" class=\"attachment-thumbnail size-thumbnail\" alt=\"\" loading=\"lazy\" \/><\/a>\n\t\t\t<\/div><\/figure><figure class='gallery-item'>\n\t\t\t<div class='gallery-icon landscape'>\n\t\t\t\t<a href='http:\/\/archiwum.festiwale.zakopane.pl\/festiwal-folkloru-2020\/2020\/09\/11\/aktywne-uczestnictwo-w-animacjach\/118849669_692319448301989_4053671071532851983_n\/'><img width=\"150\" height=\"150\" src=\"http:\/\/archiwum.festiwale.zakopane.pl\/festiwal-folkloru-2020\/wp-content\/uploads\/sites\/7\/2020\/09\/118849669_692319448301989_4053671071532851983_n-150x150.jpg\" class=\"attachment-thumbnail size-thumbnail\" alt=\"\" loading=\"lazy\" \/><\/a>\n\t\t\t<\/div><\/figure><figure class='gallery-item'>\n\t\t\t<div class='gallery-icon portrait'>\n\t\t\t\t<a href='http:\/\/archiwum.festiwale.zakopane.pl\/festiwal-folkloru-2020\/2020\/09\/11\/aktywne-uczestnictwo-w-animacjach\/118812886_650177585875788_9140537204829139011_n\/'><img width=\"150\" height=\"150\" src=\"http:\/\/archiwum.festiwale.zakopane.pl\/festiwal-folkloru-2020\/wp-content\/uploads\/sites\/7\/2020\/09\/118812886_650177585875788_9140537204829139011_n-150x150.jpg\" class=\"attachment-thumbnail size-thumbnail\" alt=\"\" loading=\"lazy\" \/><\/a>\n\t\t\t<\/div><\/figure><figure class='gallery-item'>\n\t\t\t<div class='gallery-icon portrait'>\n\t\t\t\t<a href='http:\/\/archiwum.festiwale.zakopane.pl\/festiwal-folkloru-2020\/2020\/09\/11\/aktywne-uczestnictwo-w-animacjach\/118802713_765979330846239_7475800688099072715_n\/'><img width=\"150\" height=\"150\" src=\"http:\/\/archiwum.festiwale.zakopane.pl\/festiwal-folkloru-2020\/wp-content\/uploads\/sites\/7\/2020\/09\/118802713_765979330846239_7475800688099072715_n-150x150.jpg\" class=\"attachment-thumbnail size-thumbnail\" alt=\"\" loading=\"lazy\" \/><\/a>\n\t\t\t<\/div><\/figure><figure class='gallery-item'>\n\t\t\t<div class='gallery-icon portrait'>\n\t\t\t\t<a href='http:\/\/archiwum.festiwale.zakopane.pl\/festiwal-folkloru-2020\/2020\/09\/11\/aktywne-uczestnictwo-w-animacjach\/118617297_340511337327053_4848118215635799842_n\/'><img width=\"150\" height=\"150\" src=\"http:\/\/archiwum.festiwale.zakopane.pl\/festiwal-folkloru-2020\/wp-content\/uploads\/sites\/7\/2020\/09\/118617297_340511337327053_4848118215635799842_n-150x150.jpg\" class=\"attachment-thumbnail size-thumbnail\" alt=\"\" loading=\"lazy\" \/><\/a>\n\t\t\t<\/div><\/figure><figure class='gallery-item'>\n\t\t\t<div class='gallery-icon landscape'>\n\t\t\t\t<a href='http:\/\/archiwum.festiwale.zakopane.pl\/festiwal-folkloru-2020\/2020\/09\/11\/aktywne-uczestnictwo-w-animacjach\/118569713_590891028271072_8835798495001654379_n\/'><img width=\"150\" height=\"150\" src=\"http:\/\/archiwum.festiwale.zakopane.pl\/festiwal-folkloru-2020\/wp-content\/uploads\/sites\/7\/2020\/09\/118569713_590891028271072_8835798495001654379_n-150x150.jpg\" class=\"attachment-thumbnail size-thumbnail\" alt=\"\" loading=\"lazy\" \/><\/a>\n\t\t\t<\/div><\/figure><figure class='gallery-item'>\n\t\t\t<div class='gallery-icon portrait'>\n\t\t\t\t<a href='http:\/\/archiwum.festiwale.zakopane.pl\/festiwal-folkloru-2020\/2020\/09\/11\/aktywne-uczestnictwo-w-animacjach\/118559436_2754841024792803_8664158964153584826_n\/'><img width=\"150\" height=\"150\" src=\"http:\/\/archiwum.festiwale.zakopane.pl\/festiwal-folkloru-2020\/wp-content\/uploads\/sites\/7\/2020\/09\/118559436_2754841024792803_8664158964153584826_n-150x150.jpg\" class=\"attachment-thumbnail size-thumbnail\" alt=\"\" loading=\"lazy\" \/><\/a>\n\t\t\t<\/div><\/figure><figure class='gallery-item'>\n\t\t\t<div class='gallery-icon landscape'>\n\t\t\t\t<a href='http:\/\/archiwum.festiwale.zakopane.pl\/festiwal-folkloru-2020\/2020\/09\/11\/aktywne-uczestnictwo-w-animacjach\/118518082_783723769064066_1322673726227105167_n\/'><img width=\"150\" height=\"150\" src=\"http:\/\/archiwum.festiwale.zakopane.pl\/festiwal-folkloru-2020\/wp-content\/uploads\/sites\/7\/2020\/09\/118518082_783723769064066_1322673726227105167_n-150x150.jpg\" class=\"attachment-thumbnail size-thumbnail\" alt=\"\" loading=\"lazy\" \/><\/a>\n\t\t\t<\/div><\/figure><figure class='gallery-item'>\n\t\t\t<div class='gallery-icon portrait'>\n\t\t\t\t<a href='http:\/\/archiwum.festiwale.zakopane.pl\/festiwal-folkloru-2020\/2020\/09\/11\/aktywne-uczestnictwo-w-animacjach\/118510114_625625431714005_5794345601449617695_n\/'><img width=\"150\" height=\"150\" src=\"http:\/\/archiwum.festiwale.zakopane.pl\/festiwal-folkloru-2020\/wp-content\/uploads\/sites\/7\/2020\/09\/118510114_625625431714005_5794345601449617695_n-150x150.jpg\" class=\"attachment-thumbnail size-thumbnail\" alt=\"\" loading=\"lazy\" srcset=\"http:\/\/archiwum.festiwale.zakopane.pl\/festiwal-folkloru-2020\/wp-content\/uploads\/sites\/7\/2020\/09\/118510114_625625431714005_5794345601449617695_n-150x150.jpg 150w, http:\/\/archiwum.festiwale.zakopane.pl\/festiwal-folkloru-2020\/wp-content\/uploads\/sites\/7\/2020\/09\/118510114_625625431714005_5794345601449617695_n-300x300.jpg 300w, http:\/\/archiwum.festiwale.zakopane.pl\/festiwal-folkloru-2020\/wp-content\/uploads\/sites\/7\/2020\/09\/118510114_625625431714005_5794345601449617695_n.jpg 480w\" sizes=\"(max-width: 150px) 100vw, 150px\" \/><\/a>\n\t\t\t<\/div><\/figure><figure class='gallery-item'>\n\t\t\t<div class='gallery-icon portrait'>\n\t\t\t\t<a href='http:\/\/archiwum.festiwale.zakopane.pl\/festiwal-folkloru-2020\/2020\/09\/11\/aktywne-uczestnictwo-w-animacjach\/118460073_1013246989112080_8055336543616428681_n\/'><img width=\"150\" height=\"150\" src=\"http:\/\/archiwum.festiwale.zakopane.pl\/festiwal-folkloru-2020\/wp-content\/uploads\/sites\/7\/2020\/09\/118460073_1013246989112080_8055336543616428681_n-150x150.jpg\" class=\"attachment-thumbnail size-thumbnail\" alt=\"\" loading=\"lazy\" \/><\/a>\n\t\t\t<\/div><\/figure><figure class='gallery-item'>\n\t\t\t<div class='gallery-icon portrait'>\n\t\t\t\t<a href='http:\/\/archiwum.festiwale.zakopane.pl\/festiwal-folkloru-2020\/2020\/09\/11\/aktywne-uczestnictwo-w-animacjach\/118240750_2783803311897210_854166625005638848_n\/'><img width=\"150\" height=\"150\" src=\"http:\/\/archiwum.festiwale.zakopane.pl\/festiwal-folkloru-2020\/wp-content\/uploads\/sites\/7\/2020\/09\/118240750_2783803311897210_854166625005638848_n-150x150.jpg\" class=\"attachment-thumbnail size-thumbnail\" alt=\"\" loading=\"lazy\" \/><\/a>\n\t\t\t<\/div><\/figure><figure class='gallery-item'>\n\t\t\t<div class='gallery-icon portrait'>\n\t\t\t\t<a href='http:\/\/archiwum.festiwale.zakopane.pl\/festiwal-folkloru-2020\/2020\/09\/11\/aktywne-uczestnictwo-w-animacjach\/118217582_1279544495733052_1168295232555776915_n\/'><img width=\"150\" height=\"150\" src=\"http:\/\/archiwum.festiwale.zakopane.pl\/festiwal-folkloru-2020\/wp-content\/uploads\/sites\/7\/2020\/09\/118217582_1279544495733052_1168295232555776915_n-150x150.jpg\" class=\"attachment-thumbnail size-thumbnail\" alt=\"\" loading=\"lazy\" \/><\/a>\n\t\t\t<\/div><\/figure><figure class='gallery-item'>\n\t\t\t<div class='gallery-icon portrait'>\n\t\t\t\t<a href='http:\/\/archiwum.festiwale.zakopane.pl\/festiwal-folkloru-2020\/2020\/09\/11\/aktywne-uczestnictwo-w-animacjach\/20200828_160056_resized\/'><img width=\"150\" height=\"150\" src=\"http:\/\/archiwum.festiwale.zakopane.pl\/festiwal-folkloru-2020\/wp-content\/uploads\/sites\/7\/2020\/09\/20200828_160056_resized-150x150.jpg\" class=\"attachment-thumbnail size-thumbnail\" alt=\"\" loading=\"lazy\" \/><\/a>\n\t\t\t<\/div><\/figure><figure class='gallery-item'>\n\t\t\t<div class='gallery-icon portrait'>\n\t\t\t\t<a href='http:\/\/archiwum.festiwale.zakopane.pl\/festiwal-folkloru-2020\/2020\/09\/11\/aktywne-uczestnictwo-w-animacjach\/20200828_155348_resized\/'><img width=\"150\" height=\"150\" src=\"http:\/\/archiwum.festiwale.zakopane.pl\/festiwal-folkloru-2020\/wp-content\/uploads\/sites\/7\/2020\/09\/20200828_155348_resized-150x150.jpg\" class=\"attachment-thumbnail size-thumbnail\" alt=\"\" loading=\"lazy\" \/><\/a>\n\t\t\t<\/div><\/figure><figure class='gallery-item'>\n\t\t\t<div class='gallery-icon landscape'>\n\t\t\t\t<a href='http:\/\/archiwum.festiwale.zakopane.pl\/festiwal-folkloru-2020\/2020\/09\/11\/aktywne-uczestnictwo-w-animacjach\/20200828_154547_resized\/'><img width=\"150\" height=\"150\" src=\"http:\/\/archiwum.festiwale.zakopane.pl\/festiwal-folkloru-2020\/wp-content\/uploads\/sites\/7\/2020\/09\/20200828_154547_resized-150x150.jpg\" class=\"attachment-thumbnail size-thumbnail\" alt=\"\" loading=\"lazy\" \/><\/a>\n\t\t\t<\/div><\/figure><figure class='gallery-item'>\n\t\t\t<div class='gallery-icon portrait'>\n\t\t\t\t<a href='http:\/\/archiwum.festiwale.zakopane.pl\/festiwal-folkloru-2020\/2020\/09\/11\/aktywne-uczestnictwo-w-animacjach\/20200828_152133_resized\/'><img width=\"150\" height=\"150\" src=\"http:\/\/archiwum.festiwale.zakopane.pl\/festiwal-folkloru-2020\/wp-content\/uploads\/sites\/7\/2020\/09\/20200828_152133_resized-150x150.jpg\" class=\"attachment-thumbnail size-thumbnail\" alt=\"\" loading=\"lazy\" \/><\/a>\n\t\t\t<\/div><\/figure><figure class='gallery-item'>\n\t\t\t<div class='gallery-icon portrait'>\n\t\t\t\t<a href='http:\/\/archiwum.festiwale.zakopane.pl\/festiwal-folkloru-2020\/2020\/09\/11\/aktywne-uczestnictwo-w-animacjach\/20200828_151504_resized\/'><img width=\"150\" height=\"150\" src=\"http:\/\/archiwum.festiwale.zakopane.pl\/festiwal-folkloru-2020\/wp-content\/uploads\/sites\/7\/2020\/09\/20200828_151504_resized-150x150.jpg\" class=\"attachment-thumbnail size-thumbnail\" alt=\"\" loading=\"lazy\" \/><\/a>\n\t\t\t<\/div><\/figure><figure class='gallery-item'>\n\t\t\t<div class='gallery-icon portrait'>\n\t\t\t\t<a href='http:\/\/archiwum.festiwale.zakopane.pl\/festiwal-folkloru-2020\/2020\/09\/11\/aktywne-uczestnictwo-w-animacjach\/20200828_151057_resized\/'><img width=\"150\" height=\"150\" src=\"http:\/\/archiwum.festiwale.zakopane.pl\/festiwal-folkloru-2020\/wp-content\/uploads\/sites\/7\/2020\/09\/20200828_151057_resized-150x150.jpg\" class=\"attachment-thumbnail size-thumbnail\" alt=\"\" loading=\"lazy\" \/><\/a>\n\t\t\t<\/div><\/figure><figure class='gallery-item'>\n\t\t\t<div class='gallery-icon landscape'>\n\t\t\t\t<a href='http:\/\/archiwum.festiwale.zakopane.pl\/festiwal-folkloru-2020\/2020\/09\/11\/aktywne-uczestnictwo-w-animacjach\/20200824_172918_resized\/'><img width=\"150\" height=\"150\" src=\"http:\/\/archiwum.festiwale.zakopane.pl\/festiwal-folkloru-2020\/wp-content\/uploads\/sites\/7\/2020\/09\/20200824_172918_resized-150x150.jpg\" class=\"attachment-thumbnail size-thumbnail\" alt=\"\" loading=\"lazy\" \/><\/a>\n\t\t\t<\/div><\/figure><figure class='gallery-item'>\n\t\t\t<div class='gallery-icon portrait'>\n\t\t\t\t<a href='http:\/\/archiwum.festiwale.zakopane.pl\/festiwal-folkloru-2020\/2020\/09\/11\/aktywne-uczestnictwo-w-animacjach\/20200821_193543\/'><img width=\"150\" height=\"150\" src=\"http:\/\/archiwum.festiwale.zakopane.pl\/festiwal-folkloru-2020\/wp-content\/uploads\/sites\/7\/2020\/09\/20200821_193543-150x150.jpg\" class=\"attachment-thumbnail size-thumbnail\" alt=\"\" loading=\"lazy\" \/><\/a>\n\t\t\t<\/div><\/figure>\n\t\t<\/div>\n\n","protected":false},"excerpt":{"rendered":"<p>Podczas tegorocznej edycji Mi\u0119dzynarodowego Festiwalu Folkloru Ziem G\u00f3rskich \u201eG\u00f3rale \u015bwiata sercem w Zakopanem\u201d odby\u0142y si\u0119 [&hellip;]<\/p>\n","protected":false},"author":7,"featured_media":721,"comment_status":"closed","ping_status":"closed","sticky":false,"template":"","format":"standard","meta":[],"categories":[1],"tags":[],"acf":[],"_links":{"self":[{"href":"http:\/\/archiwum.festiwale.zakopane.pl\/festiwal-folkloru-2020\/wp-json\/wp\/v2\/posts\/711"}],"collection":[{"href":"http:\/\/archiwum.festiwale.zakopane.pl\/festiwal-folkloru-2020\/wp-json\/wp\/v2\/posts"}],"about":[{"href":"http:\/\/archiwum.festiwale.zakopane.pl\/festiwal-folkloru-2020\/wp-json\/wp\/v2\/types\/post"}],"author":[{"embeddable":true,"href":"http:\/\/archiwum.festiwale.zakopane.pl\/festiwal-folkloru-2020\/wp-json\/wp\/v2\/users\/7"}],"replies":[{"embeddable":true,"href":"http:\/\/archiwum.festiwale.zakopane.pl\/festiwal-folkloru-2020\/wp-json\/wp\/v2\/comments?post=711"}],"version-history":[{"count":1,"href":"http:\/\/archiwum.festiwale.zakopane.pl\/festiwal-folkloru-2020\/wp-json\/wp\/v2\/posts\/711\/revisions"}],"predecessor-version":[{"id":742,"href":"http:\/\/archiwum.festiwale.zakopane.pl\/festiwal-folkloru-2020\/wp-json\/wp\/v2\/posts\/711\/revisions\/742"}],"wp:featuredmedia":[{"embeddable":true,"href":"http:\/\/archiwum.festiwale.zakopane.pl\/festiwal-folkloru-2020\/wp-json\/wp\/v2\/media\/721"}],"wp:attachment":[{"href":"http:\/\/archiwum.festiwale.zakopane.pl\/festiwal-folkloru-2020\/wp-json\/wp\/v2\/media?parent=711"}],"wp:term":[{"taxonomy":"category","embeddable":true,"href":"http:\/\/archiwum.festiwale.zakopane.pl\/festiwal-folkloru-2020\/wp-json\/wp\/v2\/categories?post=711"},{"taxonomy":"post_tag","embeddable":true,"href":"http:\/\/archiwum.festiwale.zakopane.pl\/festiwal-folkloru-2020\/wp-json\/wp\/v2\/tags?post=711"}],"curies":[{"name":"wp","href":"https:\/\/api.w.org\/{rel}","templated":true}]}}