{"id":639,"date":"2020-08-21T11:38:20","date_gmt":"2020-08-21T09:38:20","guid":{"rendered":"https:\/\/festiwale.zakopane.pl\/festiwal-folkloru\/?p=639"},"modified":"2020-08-21T11:38:20","modified_gmt":"2020-08-21T09:38:20","slug":"zywiol-folkloru-rozstrzygniety","status":"publish","type":"post","link":"http:\/\/archiwum.festiwale.zakopane.pl\/festiwal-folkloru-2020\/2020\/08\/21\/zywiol-folkloru-rozstrzygniety\/","title":{"rendered":"\u017bywio\u0142 folkloru rozstrzygni\u0119ty"},"content":{"rendered":"<p>20 sierpnia 2020r. odby\u0142o si\u0119 uroczyste wr\u0119czenie nagr\u00f3d w ramach dw\u00f3ch konkurs\u00f3w towarzysz\u0105cych Mi\u0119dzynarodowemu Festiwalowi Folkloru Ziem G\u00f3rskich: \u201e\u017bywio\u0142 folkloru\u201d oraz konkurs plastyczny na Dzieci\u0119cy plakat festiwalowy.<\/p>\n<p>O godzinie 16:00, w ogrodzie Centrum Kultury Rodzimej \u2013 Willi Czerwony Dw\u00f3r, zebra\u0142y si\u0119 komisje konkursowe wraz z go\u015b\u0107mi i laureatami. Po przywitaniu przyby\u0142ych os\u00f3b zosta\u0142y og\u0142oszone wyniki: konkursu fotograficznego, przez Pani\u0105 Regin\u0119 Korczak \u2013 Watych\u0119 oraz konkursu plastycznego, przez Pani\u0105 Lidi\u0119 Rosi\u0144sk\u0105 \u2013 Podle\u015bny.<\/p>\n<p>Nagrody rzeczowe wraz z festiwalowymi gad\u017cetami i s\u0142odko\u015bciami, przekazali uczestnikom cz\u0142onkowie Jury.<\/p>\n<p>Konkursy \u201e\u017bywio\u0142 folkloru\u201d oraz konkurs plastyczny na Dzieci\u0119cy plakat festiwalowy, organizowane w ramach Mi\u0119dzynarodowego Festiwalu Folkloru Ziem G\u00f3rskich, zosta\u0142y dofinansowane ze \u015brodk\u00f3w Ministra Kultury i Dziedzictwa Narodowego pochodz\u0105cych z Funduszu Promocji Kultury.<\/p>\n<p>Prace dzieci, kt\u00f3re zaj\u0119\u0142y pierwsze trzy miejsca (<em>I miejsce \u2013 Jan Turski, II miejsce (dwa r\u00f3wnorz\u0119dne miejsca) \u2013 Zuzanna Gucwa i Kalina Rosiek, III miejsce (dwa r\u00f3wnorz\u0119dne miejsca) \u2013 Piotr Bachleda i Regina N\u0119dza Chotarska<\/em>), zostan\u0105 reprodukowane w postaci poczt\u00f3wki okoliczno\u015bciowej.<\/p>\n<p>Natomiast praca, kt\u00f3ra zaj\u0119\u0142a I miejsce (<em>Jan Turski<\/em>) zostanie dodatkowo reprodukowana w postaci plakatu.<\/p>\n<p>Obrazy dzieci mo\u017cna obejrze\u0107 w formie wystawy w parku miejskim im. J\u00f3zefa Pi\u0142sudskiego od 4 sierpnia do ko\u0144ca miesi\u0105ca, na kt\u00f3r\u0105 serdecznie zapraszamy.<\/p>\n<p>Wszystkim jeszcze raz gor\u0105co gratulujemy i zach\u0119camy do udzia\u0142u w kolejnych festiwalowych wydarzeniach.<\/p>\n<p>Ca\u0142o\u015b\u0107 spotkania zosta\u0142a przeprowadzona w dw\u00f3ch ods\u0142onach; zar\u00f3wno<br \/>\nna \u017cywo, jak i online. Relacj\u0119 z wr\u0119czenia nagr\u00f3d mo\u017cna obejrze\u0107 na Youtubie<br \/>\npod linkiem: <a href=\"https:\/\/youtu.be\/LL7zst6y7IA\">https:\/\/youtu.be\/LL7zst6y7IA<\/a>.<\/p>\n<p>Protoko\u0142y z zawartymi wynikami znajduj\u0105 si\u0119 w poni\u017cszych plikach do pobrania.<\/p>\n<p><a href=\"http:\/\/archiwum.festiwale.zakopane.pl\/festiwal-folkloru\/wp-content\/uploads\/sites\/7\/2020\/08\/protokol-plakat-dzieciecy-2020.docx\">protok\u00f3\u0142 plakat dzieci\u0119cy 2020<\/a><\/p>\n<p><a href=\"http:\/\/archiwum.festiwale.zakopane.pl\/festiwal-folkloru\/wp-content\/uploads\/sites\/7\/2020\/08\/protokol-zywiol-folkloru.docx\">protok\u00f3\u0142 \u017cywio\u0142 folkloru<\/a><\/p>\n<p><img loading=\"lazy\" class=\"alignnone size-medium wp-image-642\" src=\"http:\/\/archiwum.festiwale.zakopane.pl\/festiwal-folkloru\/wp-content\/uploads\/sites\/7\/2020\/08\/DSC_0103-300x199.jpg\" alt=\"\" width=\"300\" height=\"199\" srcset=\"http:\/\/archiwum.festiwale.zakopane.pl\/festiwal-folkloru-2020\/wp-content\/uploads\/sites\/7\/2020\/08\/DSC_0103-300x199.jpg 300w, http:\/\/archiwum.festiwale.zakopane.pl\/festiwal-folkloru-2020\/wp-content\/uploads\/sites\/7\/2020\/08\/DSC_0103.jpg 640w\" sizes=\"(max-width: 300px) 100vw, 300px\" \/><\/p>\n<p>Tekst i zdj\u0119cia: Magdalena St\u0119pie\u0144<\/p>\n","protected":false},"excerpt":{"rendered":"<p>20 sierpnia 2020r. odby\u0142o si\u0119 uroczyste wr\u0119czenie nagr\u00f3d w ramach dw\u00f3ch konkurs\u00f3w towarzysz\u0105cych Mi\u0119dzynarodowemu Festiwalowi [&hellip;]<\/p>\n","protected":false},"author":8,"featured_media":642,"comment_status":"closed","ping_status":"closed","sticky":false,"template":"","format":"standard","meta":[],"categories":[1],"tags":[],"acf":[],"_links":{"self":[{"href":"http:\/\/archiwum.festiwale.zakopane.pl\/festiwal-folkloru-2020\/wp-json\/wp\/v2\/posts\/639"}],"collection":[{"href":"http:\/\/archiwum.festiwale.zakopane.pl\/festiwal-folkloru-2020\/wp-json\/wp\/v2\/posts"}],"about":[{"href":"http:\/\/archiwum.festiwale.zakopane.pl\/festiwal-folkloru-2020\/wp-json\/wp\/v2\/types\/post"}],"author":[{"embeddable":true,"href":"http:\/\/archiwum.festiwale.zakopane.pl\/festiwal-folkloru-2020\/wp-json\/wp\/v2\/users\/8"}],"replies":[{"embeddable":true,"href":"http:\/\/archiwum.festiwale.zakopane.pl\/festiwal-folkloru-2020\/wp-json\/wp\/v2\/comments?post=639"}],"version-history":[{"count":1,"href":"http:\/\/archiwum.festiwale.zakopane.pl\/festiwal-folkloru-2020\/wp-json\/wp\/v2\/posts\/639\/revisions"}],"predecessor-version":[{"id":643,"href":"http:\/\/archiwum.festiwale.zakopane.pl\/festiwal-folkloru-2020\/wp-json\/wp\/v2\/posts\/639\/revisions\/643"}],"wp:featuredmedia":[{"embeddable":true,"href":"http:\/\/archiwum.festiwale.zakopane.pl\/festiwal-folkloru-2020\/wp-json\/wp\/v2\/media\/642"}],"wp:attachment":[{"href":"http:\/\/archiwum.festiwale.zakopane.pl\/festiwal-folkloru-2020\/wp-json\/wp\/v2\/media?parent=639"}],"wp:term":[{"taxonomy":"category","embeddable":true,"href":"http:\/\/archiwum.festiwale.zakopane.pl\/festiwal-folkloru-2020\/wp-json\/wp\/v2\/categories?post=639"},{"taxonomy":"post_tag","embeddable":true,"href":"http:\/\/archiwum.festiwale.zakopane.pl\/festiwal-folkloru-2020\/wp-json\/wp\/v2\/tags?post=639"}],"curies":[{"name":"wp","href":"https:\/\/api.w.org\/{rel}","templated":true}]}}